{"id":1318,"date":"2018-07-26T14:55:39","date_gmt":"2018-07-26T11:55:39","guid":{"rendered":"http:\/\/arantv.az\/?p=1318"},"modified":"2018-07-26T14:55:39","modified_gmt":"2018-07-26T11:55:39","slug":"latviya-az%c9%99rbaycan-m%c9%99hsullarinin-avropaya-ixracini-d%c9%99st%c9%99kl%c9%99y%c9%99c%c9%99k","status":"publish","type":"post","link":"https:\/\/arantv.az\/?p=1318","title":{"rendered":"Latviya Az\u0259rbaycan m\u0259hsullar\u0131n\u0131n Avropaya ixrac\u0131n\u0131 d\u0259st\u0259kl\u0259y\u0259c\u0259k"},"content":{"rendered":"<p>Az\u0259rbaycan m\u0259hsullar\u0131n\u0131n Avropaya ixrac\u0131n\u0131n art\u0131r\u0131lmas\u0131 Az\u0259rbaycanla Latviya aras\u0131nda \u0259m\u0259kda\u015fl\u0131\u011f\u0131n geni\u015fl\u0259ndirilm\u0259si \u00fc\u00e7\u00fcn b\u00f6y\u00fck perspektivl\u0259r a\u00e7\u0131r.<\/p>\n<p><strong>ARANTV.AZ<\/strong>\u00a0 x\u0259b\u0259r verir ki, bu bar\u0259d\u0259 trend-\u0259 Latviya N\u0259qliyyat Nazirliyind\u0259n bildiribl\u0259r.<\/p>\n<p>Qurumdan deyibl\u0259r: &#8220;Biz Az\u0259rbaycan m\u0259hsullar\u0131n\u0131n Avropa bazarlar\u0131na ixrac\u0131n\u0131n art\u0131r\u0131lmas\u0131nda \u0259m\u0259kda\u015fl\u0131\u011f\u0131m\u0131z\u0131n geni\u015fl\u0259ndirilm\u0259si \u00fc\u00e7\u00fcn b\u00f6y\u00fck perspektivl\u0259r g\u00f6r\u00fcr\u00fck. Az\u0259rbaycan iqtisadiyyat nazirinin m\u00fcavini Sahib M\u0259mm\u0259dovun s\u0259f\u0259ri \u00e7\u0259r\u00e7iv\u0259sind\u0259 iyulun 23-d\u0259 Riqada Az\u0259rbaycan Ticar\u0259t Evinin a\u00e7\u0131l\u0131\u015f\u0131 ikit\u0259r\u0259fli \u0259m\u0259kda\u015fl\u0131\u011fa yeni t\u0259kan ver\u0259c\u0259k. Biz inan\u0131r\u0131q ki, sat\u0131\u015f h\u0259cminin art\u0131m\u0131 t\u0259dbirl\u0259ri \u00e7\u0259r\u00e7iv\u0259sind\u0259 \u00f6lk\u0259l\u0259r aras\u0131nda y\u00fckda\u015f\u0131man\u0131n h\u0259cmi \u00e7oxalacaq. G\u0259l\u0259c\u0259kd\u0259 Az\u0259rbaycan m\u0259hsullar\u0131 \u00fc\u00e7\u00fcn sonradan onlar\u0131n emal\u0131 v\u0259 Baltika, \u015eimali v\u0259 Q\u0259rbi Avropa \u00f6lk\u0259l\u0259rinin bazarlar\u0131nda distribusiyas\u0131 m\u0259qs\u0259dil\u0259 Latviyada ticar\u0259t-logistik v\u0259 istehsalat m\u00fc\u0259ssis\u0259l\u0259rinin yarad\u0131lmas\u0131 bax\u0131m\u0131ndan geni\u015f imkanlar g\u00f6r\u00fcr\u00fck&#8221;.<\/p>\n<p>Qeyd olunub ki, Az\u0259rbaycan Latviyan\u0131n C\u0259nubi Qafqazda n\u0259qliyyat v\u0259 logistika sah\u0259sind\u0259 m\u00fch\u00fcm t\u0259r\u0259fda\u015f\u0131d\u0131r:<\/p>\n<div id=\"AdributorNativeVideo0\" class=\"AdributorNativeVideo\"><\/div>\n<p>&#8220;Tarix\u0259n bizim d\u00f6vl\u0259tl\u0259r \u00f6z \u0259lveri\u015fli co\u011frafi v\u0259ziyy\u0259tl\u0259ri say\u0259sind\u0259 h\u0259mi\u015f\u0259 ticar\u0259t yollar\u0131n\u0131n m\u00fch\u00fcm hiss\u0259si olublar v\u0259 bu \u00fcst\u00fcnl\u00fckd\u0259n g\u0259l\u0259c\u0259kd\u0259 az\u0259rbaycanl\u0131 h\u0259mkarlar\u0131m\u0131zla n\u0259qliyyat sah\u0259sind\u0259ki i\u015fl\u0259rd\u0259 istifad\u0259 etm\u0259k laz\u0131md\u0131r. Haz\u0131rda &#8220;\u015eimal-C\u0259nub&#8221; Beyn\u0259lxalq N\u0259qliyyat D\u0259hlizi \u00e7\u0259r\u00e7iv\u0259sind\u0259 \u0259m\u0259kda\u015fl\u0131q imkanlar\u0131 \u00f6yr\u0259nilir. N\u0259qliyyat xidm\u0259tl\u0259ri bazar\u0131 s\u00fcr\u0259tl\u0259 inki\u015faf edir, yeni logistik h\u0259ll\u0259r yarad\u0131l\u0131r, \u00f6lk\u0259l\u0259rimizin n\u0259qliyyat sah\u0259sin\u0259 m\u00fcsb\u0259t t\u0259sir g\u00f6st\u0259r\u0259n i\u015fl\u0259r qar\u015f\u0131l\u0131ql\u0131 faydal\u0131 \u0259m\u0259kda\u015flar\u0131n inki\u015faf\u0131na xidm\u0259t edir&#8221;.<\/p>\n<p>Nazirlikd\u0259n bildiribl\u0259r ki, iki \u00f6lk\u0259 aras\u0131nda aviada\u015f\u0131malar sah\u0259sind\u0259 \u0259m\u0259kda\u015fl\u0131q inki\u015faf edir:<\/p>\n<p>&#8220;Biz \u015fad\u0131q ki, milli avia\u015firk\u0259timiz olan &#8220;Air Baltic&#8221; yay m\u00f6vs\u00fcm\u00fcnd\u0259 &#8220;Az\u0259rbaycan Hava Yollar\u0131&#8221; il\u0259 \u0259m\u0259kda\u015fl\u0131q ed\u0259r\u0259k Riqa v\u0259 Bak\u0131 aras\u0131nda h\u0259ft\u0259d\u0259 iki d\u0259f\u0259 olmaqla s\u0259rni\u015finda\u015f\u0131maya xidm\u0259t edir v\u0259 bu il &#8220;Air Baltic&#8221; u\u00e7u\u015fu 10 h\u0259ft\u0259 art\u0131r\u0131r. He\u00e7 \u015f\u00fcbh\u0259siz ki, bu, turizimin inki\u015faf\u0131na v\u0259 sahibkarlar\u0131m\u0131z aras\u0131nda i\u015fg\u00fczar t\u0259maslar\u0131n artmas\u0131na \u015f\u0259rait yaradacaq&#8221;.<\/p>\n","protected":false},"excerpt":{"rendered":"<p>Az\u0259rbaycan m\u0259hsullar\u0131n\u0131n Avropaya ixrac\u0131n\u0131n art\u0131r\u0131lmas\u0131 Az\u0259rbaycanla Latviya aras\u0131nda \u0259m\u0259kda\u015fl\u0131\u011f\u0131n geni\u015fl\u0259ndirilm\u0259si \u00fc\u00e7\u00fcn b\u00f6y\u00fck perspektivl\u0259r a\u00e7\u0131r. ARANTV.AZ\u00a0 x\u0259b\u0259r verir ki, bu bar\u0259d\u0259 trend-\u0259 Latviya N\u0259qliyyat Nazirliyind\u0259n bildiribl\u0259r. Qurumdan deyibl\u0259r: &#8220;Biz Az\u0259rbaycan m\u0259hsullar\u0131n\u0131n Avropa bazarlar\u0131na ixrac\u0131n\u0131n art\u0131r\u0131lmas\u0131nda \u0259m\u0259kda\u015fl\u0131\u011f\u0131m\u0131z\u0131n geni\u015fl\u0259ndirilm\u0259si \u00fc\u00e7\u00fcn b\u00f6y\u00fck perspektivl\u0259r g\u00f6r\u00fcr\u00fck. Az\u0259rbaycan iqtisadiyyat nazirinin m\u00fcavini Sahib M\u0259mm\u0259dovun s\u0259f\u0259ri \u00e7\u0259r\u00e7iv\u0259sind\u0259 iyulun 23-d\u0259 Riqada Az\u0259rbaycan Ticar\u0259t Evinin a\u00e7\u0131l\u0131\u015f\u0131 ikit\u0259r\u0259fli \u0259m\u0259kda\u015fl\u0131\u011fa yeni t\u0259kan ver\u0259c\u0259k. Biz inan\u0131r\u0131q ki, sat\u0131\u015f h\u0259cminin art\u0131m\u0131 t\u0259dbirl\u0259ri \u00e7\u0259r\u00e7iv\u0259sind\u0259 \u00f6lk\u0259l\u0259r aras\u0131nda y\u00fckda\u015f\u0131man\u0131n h\u0259cmi \u00e7oxalacaq. G\u0259l\u0259c\u0259kd\u0259 Az\u0259rbaycan m\u0259hsullar\u0131 \u00fc\u00e7\u00fcn sonradan onlar\u0131n emal\u0131 v\u0259 Baltika, \u015eimali v\u0259 Q\u0259rbi Avropa \u00f6lk\u0259l\u0259rinin bazarlar\u0131nda distribusiyas\u0131 m\u0259qs\u0259dil\u0259&hellip;<\/p>\n","protected":false},"author":2,"featured_media":1320,"comment_status":"open","ping_status":"open","sticky":false,"template":"","format":"standard","meta":{"om_disable_all_campaigns":false,"_monsterinsights_skip_tracking":false,"_monsterinsights_sitenote_active":false,"_monsterinsights_sitenote_note":"","_monsterinsights_sitenote_category":0},"categories":[19],"tags":[],"aioseo_notices":[],"gutentor_comment":0,"rttpg_featured_image_url":{"full":["https:\/\/arantv.az\/wp-content\/uploads\/2018\/07\/671237.jpg",800,600,false],"landscape":["https:\/\/arantv.az\/wp-content\/uploads\/2018\/07\/671237.jpg",800,600,false],"portraits":["https:\/\/arantv.az\/wp-content\/uploads\/2018\/07\/671237.jpg",800,600,false],"thumbnail":["https:\/\/arantv.az\/wp-content\/uploads\/2018\/07\/671237-150x150.jpg",150,150,true],"medium":["https:\/\/arantv.az\/wp-content\/uploads\/2018\/07\/671237-300x225.jpg",300,225,true],"large":["https:\/\/arantv.az\/wp-content\/uploads\/2018\/07\/671237.jpg",640,480,false],"1536x1536":["https:\/\/arantv.az\/wp-content\/uploads\/2018\/07\/671237.jpg",800,600,false],"2048x2048":["https:\/\/arantv.az\/wp-content\/uploads\/2018\/07\/671237.jpg",800,600,false],"post-thumbnail":["https:\/\/arantv.az\/wp-content\/uploads\/2018\/07\/671237.jpg",229,172,false],"advps-thumb-one":["https:\/\/arantv.az\/wp-content\/uploads\/2018\/07\/671237.jpg",800,600,false]},"rttpg_author":{"display_name":"V\u00fcsal Rafiqo\u011flu","author_link":"https:\/\/arantv.az\/?author=2"},"rttpg_comment":0,"rttpg_category":"<a href=\"https:\/\/arantv.az\/?cat=19\" rel=\"category\">G\u00fcnd\u0259m<\/a>","rttpg_excerpt":"Az\u0259rbaycan m\u0259hsullar\u0131n\u0131n Avropaya ixrac\u0131n\u0131n art\u0131r\u0131lmas\u0131 Az\u0259rbaycanla Latviya aras\u0131nda \u0259m\u0259kda\u015fl\u0131\u011f\u0131n geni\u015fl\u0259ndirilm\u0259si \u00fc\u00e7\u00fcn b\u00f6y\u00fck perspektivl\u0259r a\u00e7\u0131r. ARANTV.AZ\u00a0 x\u0259b\u0259r verir ki, bu bar\u0259d\u0259 trend-\u0259 Latviya N\u0259qliyyat Nazirliyind\u0259n bildiribl\u0259r. Qurumdan deyibl\u0259r: &#8220;Biz Az\u0259rbaycan m\u0259hsullar\u0131n\u0131n Avropa bazarlar\u0131na ixrac\u0131n\u0131n art\u0131r\u0131lmas\u0131nda \u0259m\u0259kda\u015fl\u0131\u011f\u0131m\u0131z\u0131n geni\u015fl\u0259ndirilm\u0259si \u00fc\u00e7\u00fcn b\u00f6y\u00fck perspektivl\u0259r g\u00f6r\u00fcr\u00fck. Az\u0259rbaycan iqtisadiyyat nazirinin m\u00fcavini Sahib M\u0259mm\u0259dovun s\u0259f\u0259ri \u00e7\u0259r\u00e7iv\u0259sind\u0259 iyulun 23-d\u0259 Riqada Az\u0259rbaycan Ticar\u0259t Evinin a\u00e7\u0131l\u0131\u015f\u0131&hellip;","_links":{"self":[{"href":"https:\/\/arantv.az\/index.php?rest_route=\/wp\/v2\/posts\/1318"}],"collection":[{"href":"https:\/\/arantv.az\/index.php?rest_route=\/wp\/v2\/posts"}],"about":[{"href":"https:\/\/arantv.az\/index.php?rest_route=\/wp\/v2\/types\/post"}],"author":[{"embeddable":true,"href":"https:\/\/arantv.az\/index.php?rest_route=\/wp\/v2\/users\/2"}],"replies":[{"embeddable":true,"href":"https:\/\/arantv.az\/index.php?rest_route=%2Fwp%2Fv2%2Fcomments&post=1318"}],"version-history":[{"count":0,"href":"https:\/\/arantv.az\/index.php?rest_route=\/wp\/v2\/posts\/1318\/revisions"}],"wp:featuredmedia":[{"embeddable":true,"href":"https:\/\/arantv.az\/index.php?rest_route=\/wp\/v2\/media\/1320"}],"wp:attachment":[{"href":"https:\/\/arantv.az\/index.php?rest_route=%2Fwp%2Fv2%2Fmedia&parent=1318"}],"wp:term":[{"taxonomy":"category","embeddable":true,"href":"https:\/\/arantv.az\/index.php?rest_route=%2Fwp%2Fv2%2Fcategories&post=1318"},{"taxonomy":"post_tag","embeddable":true,"href":"https:\/\/arantv.az\/index.php?rest_route=%2Fwp%2Fv2%2Ftags&post=1318"}],"curies":[{"name":"wp","href":"https:\/\/api.w.org\/{rel}","templated":true}]}}