{"id":13236,"date":"2018-09-13T15:43:04","date_gmt":"2018-09-13T12:43:04","guid":{"rendered":"http:\/\/arantv.az\/?p=13236"},"modified":"2018-09-13T15:43:04","modified_gmt":"2018-09-13T12:43:04","slug":"prezident-1-f%c9%99rman-1-s%c9%99r%c9%99ncam-imzaladi","status":"publish","type":"post","link":"https:\/\/arantv.az\/?p=13236","title":{"rendered":"Prezident 1 f\u0259rman 1 s\u0259r\u0259ncam imzalad\u0131"},"content":{"rendered":"<p><strong>\u0130lham \u018fliyev Az\u0259rbaycan Respublikas\u0131nda turizmin inki\u015faf etdirilm\u0259si il\u0259 ba\u011fl\u0131 bir s\u0131ra t\u0259dbirl\u0259r haqq\u0131nda\u201d Az\u0259rbaycan Respublikas\u0131 Prezidentinin 2016-c\u0131 il 27 dekabr tarixli 1179 n\u00f6mr\u0259li F\u0259rman\u0131 il\u0259 t\u0259sdiq edilmi\u015f \u201cAz\u0259rbaycan Respublikas\u0131 Turizm \u015euras\u0131n\u0131n t\u0259rkibi\u201dnd\u0259 d\u0259yi\u015fiklik edilm\u0259si bar\u0259d\u0259 f\u0259rman imzalay\u0131b.<\/strong><\/p>\n<p><strong>ARANTV.AZ<\/strong> f\u0259rman\u0131n m\u0259tnini t\u0259qdim edir:<\/p>\n<p>Az\u0259rbaycan Respublikas\u0131 Konstitusiyas\u0131n\u0131n 109-cu madd\u0259sinin 32-ci b\u0259ndini r\u0259hb\u0259r tutaraq, \u201c\u00dc.R.Mehdiyevin Az\u0259rbaycan Respublikas\u0131n\u0131n Prezidenti yan\u0131nda V\u0259t\u0259nda\u015flara Xidm\u0259t v\u0259 Sosial \u0130nnovasiyalar \u00fczr\u0259 D\u00f6vl\u0259t Agentliyinin s\u0259dri t\u0259yin edilm\u0259si haqq\u0131nda\u201d Az\u0259rbaycan Respublikas\u0131 Prezidentinin 2018-ci il 27 aprel tarixli 28 n\u00f6mr\u0259li S\u0259r\u0259ncam\u0131na uy\u011fun olaraq q\u0259rara al\u0131ram:<\/p>\n<p>\u201cAz\u0259rbaycan Respublikas\u0131nda turizmin inki\u015faf etdirilm\u0259si il\u0259 ba\u011fl\u0131 bir s\u0131ra t\u0259dbirl\u0259r haqq\u0131nda\u201d Az\u0259rbaycan Respublikas\u0131 Prezidentinin 2016-c\u0131 il 27 dekabr tarixli 1179 n\u00f6mr\u0259li F\u0259rman\u0131 (Az\u0259rbaycan Respublikas\u0131n\u0131n Qanunvericilik Toplusu, 2016, \u2116 12, madd\u0259 2097; 2018, \u2116 6, madd\u0259 1229; Az\u0259rbaycan Respublikas\u0131 Prezidentinin 2018-ci il 6 iyul tarixli 176 n\u00f6mr\u0259li F\u0259rman\u0131) il\u0259 t\u0259sdiq edilmi\u015f \u201cAz\u0259rbaycan Respublikas\u0131 Turizm \u015euras\u0131n\u0131n t\u0259rkibi\u201dnd\u0259 \u201c\u0130nam K\u0259rimov\u201d s\u00f6zl\u0259ri \u201c\u00dclvi Mehdiyev\u201d s\u00f6zl\u0259ri il\u0259 \u0259v\u0259z edilsin.<\/p>\n<p>***<\/p>\n<p><strong>\u0130lham \u018fliyev A.C.M\u0259likovun &#8220;\u015e\u00f6hr\u0259t&#8221; ordeni il\u0259 t\u0259ltif edilm\u0259si haqq\u0131nda s\u0259r\u0259ncam imzalay\u0131b.<\/strong><\/p>\n<p>S\u0259r\u0259ncama \u0259sas\u0259n, Az\u0259rbaycan musiqi m\u0259d\u0259niyy\u0259tinin inki\u015faf\u0131nda xidm\u0259tl\u0259rin\u0259 g\u00f6r\u0259 Arif Cahangir o\u011flu M\u0259likov \u201c\u015e\u00f6hr\u0259t\u201d ordeni il\u0259 t\u0259ltif edilib.axar.az<\/p>\n","protected":false},"excerpt":{"rendered":"<p>\u0130lham \u018fliyev Az\u0259rbaycan Respublikas\u0131nda turizmin inki\u015faf etdirilm\u0259si il\u0259 ba\u011fl\u0131 bir s\u0131ra t\u0259dbirl\u0259r haqq\u0131nda\u201d Az\u0259rbaycan Respublikas\u0131 Prezidentinin 2016-c\u0131 il 27 dekabr tarixli 1179 n\u00f6mr\u0259li F\u0259rman\u0131 il\u0259 t\u0259sdiq edilmi\u015f \u201cAz\u0259rbaycan Respublikas\u0131 Turizm \u015euras\u0131n\u0131n t\u0259rkibi\u201dnd\u0259 d\u0259yi\u015fiklik edilm\u0259si bar\u0259d\u0259 f\u0259rman imzalay\u0131b. ARANTV.AZ f\u0259rman\u0131n m\u0259tnini t\u0259qdim edir: Az\u0259rbaycan Respublikas\u0131 Konstitusiyas\u0131n\u0131n 109-cu madd\u0259sinin 32-ci b\u0259ndini r\u0259hb\u0259r tutaraq, \u201c\u00dc.R.Mehdiyevin Az\u0259rbaycan Respublikas\u0131n\u0131n Prezidenti yan\u0131nda V\u0259t\u0259nda\u015flara Xidm\u0259t v\u0259 Sosial \u0130nnovasiyalar \u00fczr\u0259 D\u00f6vl\u0259t Agentliyinin s\u0259dri t\u0259yin edilm\u0259si haqq\u0131nda\u201d Az\u0259rbaycan Respublikas\u0131 Prezidentinin 2018-ci il 27 aprel tarixli 28 n\u00f6mr\u0259li S\u0259r\u0259ncam\u0131na uy\u011fun olaraq q\u0259rara al\u0131ram: \u201cAz\u0259rbaycan Respublikas\u0131nda turizmin inki\u015faf etdirilm\u0259si il\u0259 ba\u011fl\u0131&hellip;<\/p>\n","protected":false},"author":2,"featured_media":13237,"comment_status":"closed","ping_status":"closed","sticky":false,"template":"","format":"standard","meta":{"om_disable_all_campaigns":false,"_monsterinsights_skip_tracking":false,"_monsterinsights_sitenote_active":false,"_monsterinsights_sitenote_note":"","_monsterinsights_sitenote_category":0},"categories":[8],"tags":[],"aioseo_notices":[],"gutentor_comment":0,"rttpg_featured_image_url":{"full":["https:\/\/arantv.az\/wp-content\/uploads\/2018\/09\/ilham-serencam.jpg",620,363,false],"landscape":["https:\/\/arantv.az\/wp-content\/uploads\/2018\/09\/ilham-serencam.jpg",620,363,false],"portraits":["https:\/\/arantv.az\/wp-content\/uploads\/2018\/09\/ilham-serencam.jpg",620,363,false],"thumbnail":["https:\/\/arantv.az\/wp-content\/uploads\/2018\/09\/ilham-serencam-150x150.jpg",150,150,true],"medium":["https:\/\/arantv.az\/wp-content\/uploads\/2018\/09\/ilham-serencam-300x176.jpg",300,176,true],"large":["https:\/\/arantv.az\/wp-content\/uploads\/2018\/09\/ilham-serencam.jpg",620,363,false],"1536x1536":["https:\/\/arantv.az\/wp-content\/uploads\/2018\/09\/ilham-serencam.jpg",620,363,false],"2048x2048":["https:\/\/arantv.az\/wp-content\/uploads\/2018\/09\/ilham-serencam.jpg",620,363,false],"post-thumbnail":["https:\/\/arantv.az\/wp-content\/uploads\/2018\/09\/ilham-serencam-240x172.jpg",240,172,true],"advps-thumb-one":["https:\/\/arantv.az\/wp-content\/uploads\/2018\/09\/ilham-serencam.jpg",620,363,false]},"rttpg_author":{"display_name":"V\u00fcsal Rafiqo\u011flu","author_link":"https:\/\/arantv.az\/?author=2"},"rttpg_comment":0,"rttpg_category":"<a href=\"https:\/\/arantv.az\/?cat=8\" rel=\"category\">\u018fsas s\u0259hif\u0259<\/a>","rttpg_excerpt":"\u0130lham \u018fliyev Az\u0259rbaycan Respublikas\u0131nda turizmin inki\u015faf etdirilm\u0259si il\u0259 ba\u011fl\u0131 bir s\u0131ra t\u0259dbirl\u0259r haqq\u0131nda\u201d Az\u0259rbaycan Respublikas\u0131 Prezidentinin 2016-c\u0131 il 27 dekabr tarixli 1179 n\u00f6mr\u0259li F\u0259rman\u0131 il\u0259 t\u0259sdiq edilmi\u015f \u201cAz\u0259rbaycan Respublikas\u0131 Turizm \u015euras\u0131n\u0131n t\u0259rkibi\u201dnd\u0259 d\u0259yi\u015fiklik edilm\u0259si bar\u0259d\u0259 f\u0259rman imzalay\u0131b. ARANTV.AZ f\u0259rman\u0131n m\u0259tnini t\u0259qdim edir: Az\u0259rbaycan Respublikas\u0131 Konstitusiyas\u0131n\u0131n 109-cu madd\u0259sinin 32-ci b\u0259ndini r\u0259hb\u0259r tutaraq, \u201c\u00dc.R.Mehdiyevin Az\u0259rbaycan Respublikas\u0131n\u0131n Prezidenti&hellip;","_links":{"self":[{"href":"https:\/\/arantv.az\/index.php?rest_route=\/wp\/v2\/posts\/13236"}],"collection":[{"href":"https:\/\/arantv.az\/index.php?rest_route=\/wp\/v2\/posts"}],"about":[{"href":"https:\/\/arantv.az\/index.php?rest_route=\/wp\/v2\/types\/post"}],"author":[{"embeddable":true,"href":"https:\/\/arantv.az\/index.php?rest_route=\/wp\/v2\/users\/2"}],"replies":[{"embeddable":true,"href":"https:\/\/arantv.az\/index.php?rest_route=%2Fwp%2Fv2%2Fcomments&post=13236"}],"version-history":[{"count":0,"href":"https:\/\/arantv.az\/index.php?rest_route=\/wp\/v2\/posts\/13236\/revisions"}],"wp:featuredmedia":[{"embeddable":true,"href":"https:\/\/arantv.az\/index.php?rest_route=\/wp\/v2\/media\/13237"}],"wp:attachment":[{"href":"https:\/\/arantv.az\/index.php?rest_route=%2Fwp%2Fv2%2Fmedia&parent=13236"}],"wp:term":[{"taxonomy":"category","embeddable":true,"href":"https:\/\/arantv.az\/index.php?rest_route=%2Fwp%2Fv2%2Fcategories&post=13236"},{"taxonomy":"post_tag","embeddable":true,"href":"https:\/\/arantv.az\/index.php?rest_route=%2Fwp%2Fv2%2Ftags&post=13236"}],"curies":[{"name":"wp","href":"https:\/\/api.w.org\/{rel}","templated":true}]}}