{"id":1324,"date":"2018-07-26T15:01:46","date_gmt":"2018-07-26T12:01:46","guid":{"rendered":"http:\/\/arantv.az\/?p=1324"},"modified":"2018-07-26T15:01:46","modified_gmt":"2018-07-26T12:01:46","slug":"pasinyanin-fikirl%c9%99rinin-yalan-oldugunu-hami-yaxsi-bilir-politoloq","status":"publish","type":"post","link":"https:\/\/arantv.az\/?p=1324","title":{"rendered":"&#8220;Pa\u015finyan\u0131n fikirl\u0259rinin yalan oldu\u011funu ham\u0131 yax\u015f\u0131 bilir&#8221; \u2014 Politoloq"},"content":{"rendered":"<div class=\"spot\">&#8220;Erm\u0259nistan\u0131n ba\u015f naziri Nikol Pa\u015finyan son bir ayda d\u00fcnyan\u0131n m\u00fcxt\u0259lif televiziya kanallar\u0131na, radiolar\u0131na, q\u0259zetl\u0259r\u0131n\u0259 xeyli m\u00fcsahib\u0259 verib. Pa\u015finyan ona olan maraqdan gen-bol istifad\u0259 edir. M\u00fcsahib\u0259l\u0259rin \u0259ks\u0259riyy\u0259tini izl\u0259mi\u015f\u0259m v\u0259 ya oxumu\u015fam. Pa\u015finyan m\u00fcsahib\u0259l\u0259rind\u0259 Az\u0259rbaycan \u0259leyhin\u0259 xeyli fikir s\u00f6yl\u0259yib, Erm\u0259nistan\u0131n m\u00f6vqeyinin haql\u0131 oldu\u011funu iddia edib. \u018flb\u0259tt\u0259, Pa\u015finyan\u0131n yalan dan\u0131\u015fd\u0131\u011f\u0131 ayd\u0131nd\u0131r, m\u0259s\u0259l\u0259n son m\u00fcsahib\u0259sind\u0259 \u201cErm\u0259nistanda bir az\u0259rbaycanl\u0131n\u0131n burnu bel\u0259 qanamay\u0131b\u201d dey\u0259nd\u0259 bunun nec\u0259 b\u00f6y\u00fck yalan oldu\u011funu bilirik&#8221;.<\/div>\n<p><strong>ARANTV.AZ<\/strong> x\u0259b\u0259r verir ki, bu fikirl\u0259ri \u201cAtlas\u201d Ara\u015fd\u0131rmalar M\u0259rk\u0259zinin r\u0259hb\u0259ri, siyasi analitik Elxan \u015eahino\u011flu bildirib.<\/p>\n<p>Politoloq deyib ki, Pa\u015finyan\u0131n fikirl\u0259rinin yalan oldu\u011funu biz yax\u015f\u0131 bilirik:<\/p>\n<div id=\"AdributorNativeVideo0\" class=\"AdributorNativeVideo\"><\/div>\n<p>&#8220;Bu arqumenti darmada\u011f\u0131n ed\u0259n kifay\u0259t q\u0259d\u0259r fakta malikik. Ancaq xarici \u00f6lk\u0259l\u0259rd\u0259 bunu bilmirl\u0259r v\u0259 bel\u0259c\u0259 m\u00fcnaqi\u015f\u0259y\u0259 Pa\u015finyan\u0131n m\u00fcsahib\u0259d\u0259 dediyi s\u00f6zl\u0259rl\u0259 bax\u0131rlar. Biz bu yalanlar\u0131n qar\u015f\u0131s\u0131n\u0131 almaq v\u0259 Pa\u015finyan kimi Az\u0259rbaycandan da veril\u0259n m\u00fcsahib\u0259l\u0259rin say\u0131n\u0131 art\u0131rmaq \u0259v\u0259zin\u0259 xarici i\u015fl\u0259r nazirimiz Elmar M\u0259mm\u0259dyarov deyir ki, \u201cErm\u0259nistan\u0131n yeni xarici i\u015fl\u0259r naziri Z\u00f6hrab Mnatsakanyan m\u0259nd\u0259 pe\u015f\u0259kar diplomat t\u0259\u0259ss\u00fcrat\u0131 yarad\u0131b\u201d.<br \/>\nB\u0259lk\u0259 d\u0259 Z\u00f6hrab Mnatsakanyan Elmar M\u0259mm\u0259dyarovun dediyi kimi Edvard Nalbandyandan daha pe\u015f\u0259kard\u0131r, ancaq bunun biz\u0259 n\u0259 faydas\u0131 var? Onlar bizim \u0259leyhimiz\u0259 yalanlar\u0131n\u0131 s\u0259sl\u0259ndirirl\u0259r, biz is\u0259 onlar\u0131n \u201cpe\u015f\u0259karl\u0131qlar\u0131ndan\u201d d\u0259m vururuq&#8221;.<\/p>\n<p>\u00d6lk\u0259.Az<\/p>\n","protected":false},"excerpt":{"rendered":"<p>&#8220;Erm\u0259nistan\u0131n ba\u015f naziri Nikol Pa\u015finyan son bir ayda d\u00fcnyan\u0131n m\u00fcxt\u0259lif televiziya kanallar\u0131na, radiolar\u0131na, q\u0259zetl\u0259r\u0131n\u0259 xeyli m\u00fcsahib\u0259 verib. Pa\u015finyan ona olan maraqdan gen-bol istifad\u0259 edir. M\u00fcsahib\u0259l\u0259rin \u0259ks\u0259riyy\u0259tini izl\u0259mi\u015f\u0259m v\u0259 ya oxumu\u015fam. Pa\u015finyan m\u00fcsahib\u0259l\u0259rind\u0259 Az\u0259rbaycan \u0259leyhin\u0259 xeyli fikir s\u00f6yl\u0259yib, Erm\u0259nistan\u0131n m\u00f6vqeyinin haql\u0131 oldu\u011funu iddia edib. \u018flb\u0259tt\u0259, Pa\u015finyan\u0131n yalan dan\u0131\u015fd\u0131\u011f\u0131 ayd\u0131nd\u0131r, m\u0259s\u0259l\u0259n son m\u00fcsahib\u0259sind\u0259 \u201cErm\u0259nistanda bir az\u0259rbaycanl\u0131n\u0131n burnu bel\u0259 qanamay\u0131b\u201d dey\u0259nd\u0259 bunun nec\u0259 b\u00f6y\u00fck yalan oldu\u011funu bilirik&#8221;. ARANTV.AZ x\u0259b\u0259r verir ki, bu fikirl\u0259ri \u201cAtlas\u201d Ara\u015fd\u0131rmalar M\u0259rk\u0259zinin r\u0259hb\u0259ri, siyasi analitik Elxan \u015eahino\u011flu bildirib. Politoloq deyib ki, Pa\u015finyan\u0131n fikirl\u0259rinin yalan oldu\u011funu biz yax\u015f\u0131 bilirik: &#8220;Bu&hellip;<\/p>\n","protected":false},"author":2,"featured_media":1325,"comment_status":"open","ping_status":"open","sticky":false,"template":"","format":"standard","meta":{"om_disable_all_campaigns":false,"_monsterinsights_skip_tracking":false,"_monsterinsights_sitenote_active":false,"_monsterinsights_sitenote_note":"","_monsterinsights_sitenote_category":0},"categories":[19],"tags":[],"aioseo_notices":[],"gutentor_comment":0,"rttpg_featured_image_url":{"full":["https:\/\/arantv.az\/wp-content\/uploads\/2018\/07\/elxan.jpg",620,375,false],"landscape":["https:\/\/arantv.az\/wp-content\/uploads\/2018\/07\/elxan.jpg",620,375,false],"portraits":["https:\/\/arantv.az\/wp-content\/uploads\/2018\/07\/elxan.jpg",620,375,false],"thumbnail":["https:\/\/arantv.az\/wp-content\/uploads\/2018\/07\/elxan-150x150.jpg",150,150,true],"medium":["https:\/\/arantv.az\/wp-content\/uploads\/2018\/07\/elxan-300x181.jpg",300,181,true],"large":["https:\/\/arantv.az\/wp-content\/uploads\/2018\/07\/elxan.jpg",620,375,false],"1536x1536":["https:\/\/arantv.az\/wp-content\/uploads\/2018\/07\/elxan.jpg",620,375,false],"2048x2048":["https:\/\/arantv.az\/wp-content\/uploads\/2018\/07\/elxan.jpg",620,375,false],"post-thumbnail":["https:\/\/arantv.az\/wp-content\/uploads\/2018\/07\/elxan.jpg",240,145,false],"advps-thumb-one":["https:\/\/arantv.az\/wp-content\/uploads\/2018\/07\/elxan.jpg",620,375,false]},"rttpg_author":{"display_name":"V\u00fcsal Rafiqo\u011flu","author_link":"https:\/\/arantv.az\/?author=2"},"rttpg_comment":0,"rttpg_category":"<a href=\"https:\/\/arantv.az\/?cat=19\" rel=\"category\">G\u00fcnd\u0259m<\/a>","rttpg_excerpt":"&#8220;Erm\u0259nistan\u0131n ba\u015f naziri Nikol Pa\u015finyan son bir ayda d\u00fcnyan\u0131n m\u00fcxt\u0259lif televiziya kanallar\u0131na, radiolar\u0131na, q\u0259zetl\u0259r\u0131n\u0259 xeyli m\u00fcsahib\u0259 verib. Pa\u015finyan ona olan maraqdan gen-bol istifad\u0259 edir. M\u00fcsahib\u0259l\u0259rin \u0259ks\u0259riyy\u0259tini izl\u0259mi\u015f\u0259m v\u0259 ya oxumu\u015fam. Pa\u015finyan m\u00fcsahib\u0259l\u0259rind\u0259 Az\u0259rbaycan \u0259leyhin\u0259 xeyli fikir s\u00f6yl\u0259yib, Erm\u0259nistan\u0131n m\u00f6vqeyinin haql\u0131 oldu\u011funu iddia edib. \u018flb\u0259tt\u0259, Pa\u015finyan\u0131n yalan dan\u0131\u015fd\u0131\u011f\u0131 ayd\u0131nd\u0131r, m\u0259s\u0259l\u0259n son m\u00fcsahib\u0259sind\u0259 \u201cErm\u0259nistanda bir az\u0259rbaycanl\u0131n\u0131n burnu&hellip;","_links":{"self":[{"href":"https:\/\/arantv.az\/index.php?rest_route=\/wp\/v2\/posts\/1324"}],"collection":[{"href":"https:\/\/arantv.az\/index.php?rest_route=\/wp\/v2\/posts"}],"about":[{"href":"https:\/\/arantv.az\/index.php?rest_route=\/wp\/v2\/types\/post"}],"author":[{"embeddable":true,"href":"https:\/\/arantv.az\/index.php?rest_route=\/wp\/v2\/users\/2"}],"replies":[{"embeddable":true,"href":"https:\/\/arantv.az\/index.php?rest_route=%2Fwp%2Fv2%2Fcomments&post=1324"}],"version-history":[{"count":0,"href":"https:\/\/arantv.az\/index.php?rest_route=\/wp\/v2\/posts\/1324\/revisions"}],"wp:featuredmedia":[{"embeddable":true,"href":"https:\/\/arantv.az\/index.php?rest_route=\/wp\/v2\/media\/1325"}],"wp:attachment":[{"href":"https:\/\/arantv.az\/index.php?rest_route=%2Fwp%2Fv2%2Fmedia&parent=1324"}],"wp:term":[{"taxonomy":"category","embeddable":true,"href":"https:\/\/arantv.az\/index.php?rest_route=%2Fwp%2Fv2%2Fcategories&post=1324"},{"taxonomy":"post_tag","embeddable":true,"href":"https:\/\/arantv.az\/index.php?rest_route=%2Fwp%2Fv2%2Ftags&post=1324"}],"curies":[{"name":"wp","href":"https:\/\/api.w.org\/{rel}","templated":true}]}}