{"id":132440,"date":"2020-02-20T15:48:38","date_gmt":"2020-02-20T12:48:38","guid":{"rendered":"http:\/\/arantv.az\/?p=132440"},"modified":"2020-02-20T15:48:38","modified_gmt":"2020-02-20T12:48:38","slug":"uc-secki-dair%c9%99sind%c9%99n-daxil-olan-sikay%c9%99tl%c9%99r-bar%c9%99sind%c9%99-q%c9%99rar-aciqlandi","status":"publish","type":"post","link":"https:\/\/arantv.az\/?p=132440","title":{"rendered":"\u00dc\u00e7 se\u00e7ki dair\u0259sind\u0259n daxil olan \u015fikay\u0259tl\u0259r bar\u0259sind\u0259 q\u0259rar a\u00e7\u0131qland\u0131"},"content":{"rendered":"<p>M\u0259rk\u0259zi Se\u00e7ki Komissiyas\u0131n\u0131n (MSK) iclas\u0131nda Milli M\u0259clis\u0259 se\u00e7kil\u0259rl\u0259 \u0259laq\u0259dar dair\u0259l\u0259r \u00fczr\u0259 daxil olan m\u00fcraci\u0259tl\u0259r\u0259 bax\u0131l\u0131r.<\/p>\n<p><b>ARANTV.AZ<\/b>-\u0131n x\u0259b\u0259rin\u0259 g\u00f6r\u0259, MSK katibi Arif\u0259 Muxtarova bildirib ki, 99 sayl\u0131 \u015e\u0259mkir K\u0259nd Se\u00e7ki Dair\u0259sind\u0259n m\u00fcraci\u0259t daxil olub.<\/p>\n<p>M\u00fcraci\u0259tin ara\u015fd\u0131r\u0131lmas\u0131 \u00fc\u00e7\u00fcn m\u00fcvafiq DSK-ya g\u00f6nd\u0259rilm\u0259si bar\u0259d\u0259 q\u0259rar \u00e7\u0131xar\u0131l\u0131b.<\/p>\n<div id=\"AdviadNativeVideo0\" class=\"AdviadNativeVideo\"><\/div>\n<p>27 sayl\u0131 Sabun\u00e7u \u0130kinci Se\u00e7ki Dair\u0259sind\u0259n daxil olan m\u00fcraci\u0259tin d\u0259 m\u00fcvafiq DSK-ya g\u00f6nd\u0259rilm\u0259si bar\u0259d\u0259 q\u0259rar q\u0259bul olunub.<\/p>\n<p>MSK 121 sayl\u0131 La\u00e7\u0131n Se\u00e7ki Dair\u0259si \u00fczr\u0259 daxil olan \u015fikay\u0259tl\u0259rin d\u0259 m\u00fcvafiq DSK-ya g\u00f6nd\u0259rilm\u0259si bar\u0259d\u0259 q\u0259rar q\u0259bul edib.Oxu.Az<\/p>\n","protected":false},"excerpt":{"rendered":"<p>M\u0259rk\u0259zi Se\u00e7ki Komissiyas\u0131n\u0131n (MSK) iclas\u0131nda Milli M\u0259clis\u0259 se\u00e7kil\u0259rl\u0259 \u0259laq\u0259dar dair\u0259l\u0259r \u00fczr\u0259 daxil olan m\u00fcraci\u0259tl\u0259r\u0259 bax\u0131l\u0131r. ARANTV.AZ-\u0131n x\u0259b\u0259rin\u0259 g\u00f6r\u0259, MSK katibi Arif\u0259 Muxtarova bildirib ki, 99 sayl\u0131 \u015e\u0259mkir K\u0259nd Se\u00e7ki Dair\u0259sind\u0259n m\u00fcraci\u0259t daxil olub. M\u00fcraci\u0259tin ara\u015fd\u0131r\u0131lmas\u0131 \u00fc\u00e7\u00fcn m\u00fcvafiq DSK-ya g\u00f6nd\u0259rilm\u0259si bar\u0259d\u0259 q\u0259rar \u00e7\u0131xar\u0131l\u0131b. 27 sayl\u0131 Sabun\u00e7u \u0130kinci Se\u00e7ki Dair\u0259sind\u0259n daxil olan m\u00fcraci\u0259tin d\u0259 m\u00fcvafiq DSK-ya g\u00f6nd\u0259rilm\u0259si bar\u0259d\u0259 q\u0259rar q\u0259bul olunub. MSK 121 sayl\u0131 La\u00e7\u0131n Se\u00e7ki Dair\u0259si \u00fczr\u0259 daxil olan \u015fikay\u0259tl\u0259rin d\u0259 m\u00fcvafiq DSK-ya g\u00f6nd\u0259rilm\u0259si bar\u0259d\u0259 q\u0259rar q\u0259bul edib.Oxu.Az<\/p>\n","protected":false},"author":2,"featured_media":132441,"comment_status":"closed","ping_status":"closed","sticky":false,"template":"","format":"standard","meta":{"om_disable_all_campaigns":false,"_monsterinsights_skip_tracking":false,"_monsterinsights_sitenote_active":false,"_monsterinsights_sitenote_note":"","_monsterinsights_sitenote_category":0},"categories":[4],"tags":[],"aioseo_notices":[],"gutentor_comment":0,"rttpg_featured_image_url":{"full":["https:\/\/arantv.az\/wp-content\/uploads\/2020\/02\/ROM0959.jpg",620,413,false],"landscape":["https:\/\/arantv.az\/wp-content\/uploads\/2020\/02\/ROM0959.jpg",620,413,false],"portraits":["https:\/\/arantv.az\/wp-content\/uploads\/2020\/02\/ROM0959.jpg",620,413,false],"thumbnail":["https:\/\/arantv.az\/wp-content\/uploads\/2020\/02\/ROM0959-150x150.jpg",150,150,true],"medium":["https:\/\/arantv.az\/wp-content\/uploads\/2020\/02\/ROM0959-300x200.jpg",300,200,true],"large":["https:\/\/arantv.az\/wp-content\/uploads\/2020\/02\/ROM0959.jpg",620,413,false],"1536x1536":["https:\/\/arantv.az\/wp-content\/uploads\/2020\/02\/ROM0959.jpg",620,413,false],"2048x2048":["https:\/\/arantv.az\/wp-content\/uploads\/2020\/02\/ROM0959.jpg",620,413,false],"post-thumbnail":["https:\/\/arantv.az\/wp-content\/uploads\/2020\/02\/ROM0959-240x172.jpg",240,172,true],"advps-thumb-one":["https:\/\/arantv.az\/wp-content\/uploads\/2020\/02\/ROM0959.jpg",620,413,false]},"rttpg_author":{"display_name":"V\u00fcsal Rafiqo\u011flu","author_link":"https:\/\/arantv.az\/?author=2"},"rttpg_comment":0,"rttpg_category":"<a href=\"https:\/\/arantv.az\/?cat=4\" rel=\"category\">Siyas\u0259t<\/a>","rttpg_excerpt":"M\u0259rk\u0259zi Se\u00e7ki Komissiyas\u0131n\u0131n (MSK) iclas\u0131nda Milli M\u0259clis\u0259 se\u00e7kil\u0259rl\u0259 \u0259laq\u0259dar dair\u0259l\u0259r \u00fczr\u0259 daxil olan m\u00fcraci\u0259tl\u0259r\u0259 bax\u0131l\u0131r. ARANTV.AZ-\u0131n x\u0259b\u0259rin\u0259 g\u00f6r\u0259, MSK katibi Arif\u0259 Muxtarova bildirib ki, 99 sayl\u0131 \u015e\u0259mkir K\u0259nd Se\u00e7ki Dair\u0259sind\u0259n m\u00fcraci\u0259t daxil olub. M\u00fcraci\u0259tin ara\u015fd\u0131r\u0131lmas\u0131 \u00fc\u00e7\u00fcn m\u00fcvafiq DSK-ya g\u00f6nd\u0259rilm\u0259si bar\u0259d\u0259 q\u0259rar \u00e7\u0131xar\u0131l\u0131b. 27 sayl\u0131 Sabun\u00e7u \u0130kinci Se\u00e7ki Dair\u0259sind\u0259n daxil olan m\u00fcraci\u0259tin d\u0259 m\u00fcvafiq DSK-ya g\u00f6nd\u0259rilm\u0259si&hellip;","_links":{"self":[{"href":"https:\/\/arantv.az\/index.php?rest_route=\/wp\/v2\/posts\/132440"}],"collection":[{"href":"https:\/\/arantv.az\/index.php?rest_route=\/wp\/v2\/posts"}],"about":[{"href":"https:\/\/arantv.az\/index.php?rest_route=\/wp\/v2\/types\/post"}],"author":[{"embeddable":true,"href":"https:\/\/arantv.az\/index.php?rest_route=\/wp\/v2\/users\/2"}],"replies":[{"embeddable":true,"href":"https:\/\/arantv.az\/index.php?rest_route=%2Fwp%2Fv2%2Fcomments&post=132440"}],"version-history":[{"count":0,"href":"https:\/\/arantv.az\/index.php?rest_route=\/wp\/v2\/posts\/132440\/revisions"}],"wp:featuredmedia":[{"embeddable":true,"href":"https:\/\/arantv.az\/index.php?rest_route=\/wp\/v2\/media\/132441"}],"wp:attachment":[{"href":"https:\/\/arantv.az\/index.php?rest_route=%2Fwp%2Fv2%2Fmedia&parent=132440"}],"wp:term":[{"taxonomy":"category","embeddable":true,"href":"https:\/\/arantv.az\/index.php?rest_route=%2Fwp%2Fv2%2Fcategories&post=132440"},{"taxonomy":"post_tag","embeddable":true,"href":"https:\/\/arantv.az\/index.php?rest_route=%2Fwp%2Fv2%2Ftags&post=132440"}],"curies":[{"name":"wp","href":"https:\/\/api.w.org\/{rel}","templated":true}]}}