{"id":132444,"date":"2020-02-20T15:49:14","date_gmt":"2020-02-20T12:49:14","guid":{"rendered":"http:\/\/arantv.az\/?p=132444"},"modified":"2020-02-20T15:49:14","modified_gmt":"2020-02-20T12:49:14","slug":"az%c9%99rbaycan-v%c9%99-italiya-prezidentl%c9%99ri-m%c9%99tbuata-b%c9%99yanatlarla-cixis-edibl%c9%99r-foto","status":"publish","type":"post","link":"https:\/\/arantv.az\/?p=132444","title":{"rendered":"Az\u0259rbaycan v\u0259 \u0130taliya prezidentl\u0259ri m\u0259tbuata b\u0259yanatlarla \u00e7\u0131x\u0131\u015f edibl\u0259r &#8211; FOTO"},"content":{"rendered":"<p>Fevral\u0131n 20-d\u0259 geni\u015f t\u0259rkibd\u0259 g\u00f6r\u00fc\u015fd\u0259n sonra Az\u0259rbaycan Respublikas\u0131n\u0131n Prezidenti \u0130lham \u018fliyev v\u0259 \u0130taliya Respublikas\u0131n\u0131n Prezidenti Sercio Mattarella m\u0259tbuata b\u0259yanatlarla \u00e7\u0131x\u0131\u015f edibl\u0259r.<\/p>\n<div id=\"AdviadNativeVideo0\" class=\"AdviadNativeVideo\"><\/div>\n<p>Bununla ba\u011fl\u0131\u00a0<a href=\"https:\/\/azertag.az\/xeber\/Azerbaycan_ve_Italiya_prezidentleri_metbuata_beyanatlarla_chixis_edibler_YENILANACAK-1419955\" target=\"_blank\" rel=\"noopener\">AZ\u018fRTAC<\/a>\u00a0m\u0259lumat yay\u0131b.<\/p>\n<div class=\"gallery\">\n<div class=\"gallery-i\"><img src=\"https:\/\/assets.oxu.az\/uploads\/W1siZiIsIjIwMjAvMDIvMjAvMTYvMzYvMDgvN2I0MDQ4ZTYtOTZhNi00MTI2LWJjYmUtNjE3M2VjNjE2NWU3LzE1ODIyMDIwMTQyNTc4MTMzNjc4XzEwMDB4NjY5LmpwZyJdLFsicCIsImVuY29kZSIsImpwZyIsIi1xdWFsaXR5IDgwIl0sWyJwIiwidGh1bWIiLCI1OTB4NTkwXHUwMDNlIl1d?sha=4e37f3e4e92e6474\" alt=\"\" \/><\/p>\n<div class=\"gallery-i-caption\"><\/div>\n<\/div>\n<div class=\"gallery-i\"><img src=\"https:\/\/assets.oxu.az\/uploads\/W1siZiIsIjIwMjAvMDIvMjAvMTYvMzYvMDgvMWUxYTdmZTMtNzBjNC00NjZmLTg3MmMtNzI4YjJiNWIxYmU4LzE1ODIyMDIwMTQzMTAxMjEzOTJfMTAwMHg2NjkuanBnIl0sWyJwIiwiZW5jb2RlIiwianBnIiwiLXF1YWxpdHkgODAiXSxbInAiLCJ0aHVtYiIsIjU5MHg1OTBcdTAwM2UiXV0?sha=5c4f657a31952d1a\" alt=\"\" \/><\/p>\n<div class=\"gallery-i-caption\"><\/div>\n<\/div>\n<div class=\"gallery-i\"><img src=\"https:\/\/assets.oxu.az\/uploads\/W1siZiIsIjIwMjAvMDIvMjAvMTYvMzYvMDgvMDRkNDhkYzYtZGM5MS00MWFlLTk5OWEtZWEyMGM3NTYzODg0LzE1ODIyMDIwMTQzNTM1NjUwNjVfMTAwMHg2NjkuanBnIl0sWyJwIiwiZW5jb2RlIiwianBnIiwiLXF1YWxpdHkgODAiXSxbInAiLCJ0aHVtYiIsIjU5MHg1OTBcdTAwM2UiXV0?sha=841310a6995dbb75\" alt=\"\" \/><\/p>\n<div class=\"gallery-i-caption\"><\/div>\n<\/div>\n<div class=\"gallery-i\"><img src=\"https:\/\/assets.oxu.az\/uploads\/W1siZiIsIjIwMjAvMDIvMjAvMTYvMzYvMDkvMWUzZjc4NTItM2EyZi00NzE0LTgwZmUtODc2ZTQwYzk0MDRjLzE1ODIyMDIwMTQzNjY2MjQyODU4XzEwMDB4NjY5LmpwZyJdLFsicCIsImVuY29kZSIsImpwZyIsIi1xdWFsaXR5IDgwIl0sWyJwIiwidGh1bWIiLCI1OTB4NTkwXHUwMDNlIl1d?sha=9afe2a2de5bed38d\" alt=\"\" \/><\/p>\n<div class=\"gallery-i-caption\"><\/div>\n<\/div>\n<div class=\"gallery-i\"><img src=\"https:\/\/assets.oxu.az\/uploads\/W1siZiIsIjIwMjAvMDIvMjAvMTYvMzYvMDkvMWZiNGQ4YjctZjEyZS00NGFjLWIyOTItMjIxNDRlYzA2NmFhLzE1ODIyMDIwMTQ0MzA2NTI3NTI2XzEwMDB4NjY5LmpwZyJdLFsicCIsImVuY29kZSIsImpwZyIsIi1xdWFsaXR5IDgwIl0sWyJwIiwidGh1bWIiLCI1OTB4NTkwXHUwMDNlIl1d?sha=1eab636a4098fd33\" alt=\"\" \/><\/p>\n<div class=\"gallery-i-caption\"><\/div>\n<\/div>\n<div class=\"gallery-i\"><img src=\"https:\/\/assets.oxu.az\/uploads\/W1siZiIsIjIwMjAvMDIvMjAvMTYvMzYvMDkvMjVkYTRmZWYtOGRhZi00Y2YzLTljZjgtMmM1YzQ3NTc2NTIwLzE1ODIyMDIwMTQ0NzI1NDI4OTE1XzEwMDB4NjY5LmpwZyJdLFsicCIsImVuY29kZSIsImpwZyIsIi1xdWFsaXR5IDgwIl0sWyJwIiwidGh1bWIiLCI1OTB4NTkwXHUwMDNlIl1d?sha=23c7d5c05d4d9256\" alt=\"\" \/><\/p>\n<div class=\"gallery-i-caption\"><\/div>\n<\/div>\n<div class=\"gallery-i\"><img src=\"https:\/\/assets.oxu.az\/uploads\/W1siZiIsIjIwMjAvMDIvMjAvMTYvMzYvMDkvMWUwOWNmYjItZDMyNi00OTAxLWE3MjUtMWZiYmZiOTQ5MzY1LzE1ODIyMDIwMTUzMDA2OTQ1MTg3XzEwMDB4NjY5LmpwZyJdLFsicCIsImVuY29kZSIsImpwZyIsIi1xdWFsaXR5IDgwIl0sWyJwIiwidGh1bWIiLCI1OTB4NTkwXHUwMDNlIl1d?sha=196a10521893afbd\" alt=\"\" \/><\/div>\n<\/div>\n","protected":false},"excerpt":{"rendered":"<p>Fevral\u0131n 20-d\u0259 geni\u015f t\u0259rkibd\u0259 g\u00f6r\u00fc\u015fd\u0259n sonra Az\u0259rbaycan Respublikas\u0131n\u0131n Prezidenti \u0130lham \u018fliyev v\u0259 \u0130taliya Respublikas\u0131n\u0131n Prezidenti Sercio Mattarella m\u0259tbuata b\u0259yanatlarla \u00e7\u0131x\u0131\u015f edibl\u0259r. Bununla ba\u011fl\u0131\u00a0AZ\u018fRTAC\u00a0m\u0259lumat yay\u0131b.<\/p>\n","protected":false},"author":2,"featured_media":132445,"comment_status":"closed","ping_status":"closed","sticky":false,"template":"","format":"standard","meta":{"om_disable_all_campaigns":false,"_monsterinsights_skip_tracking":false,"_monsterinsights_sitenote_active":false,"_monsterinsights_sitenote_note":"","_monsterinsights_sitenote_category":0},"categories":[4],"tags":[],"aioseo_notices":[],"gutentor_comment":0,"rttpg_featured_image_url":{"full":["https:\/\/arantv.az\/wp-content\/uploads\/2020\/02\/15822020141780352546_1000x669.jpg",620,433,false],"landscape":["https:\/\/arantv.az\/wp-content\/uploads\/2020\/02\/15822020141780352546_1000x669.jpg",620,433,false],"portraits":["https:\/\/arantv.az\/wp-content\/uploads\/2020\/02\/15822020141780352546_1000x669.jpg",620,433,false],"thumbnail":["https:\/\/arantv.az\/wp-content\/uploads\/2020\/02\/15822020141780352546_1000x669-150x150.jpg",150,150,true],"medium":["https:\/\/arantv.az\/wp-content\/uploads\/2020\/02\/15822020141780352546_1000x669-300x210.jpg",300,210,true],"large":["https:\/\/arantv.az\/wp-content\/uploads\/2020\/02\/15822020141780352546_1000x669.jpg",620,433,false],"1536x1536":["https:\/\/arantv.az\/wp-content\/uploads\/2020\/02\/15822020141780352546_1000x669.jpg",620,433,false],"2048x2048":["https:\/\/arantv.az\/wp-content\/uploads\/2020\/02\/15822020141780352546_1000x669.jpg",620,433,false],"post-thumbnail":["https:\/\/arantv.az\/wp-content\/uploads\/2020\/02\/15822020141780352546_1000x669-240x172.jpg",240,172,true],"advps-thumb-one":["https:\/\/arantv.az\/wp-content\/uploads\/2020\/02\/15822020141780352546_1000x669.jpg",620,433,false]},"rttpg_author":{"display_name":"V\u00fcsal Rafiqo\u011flu","author_link":"https:\/\/arantv.az\/?author=2"},"rttpg_comment":0,"rttpg_category":"<a href=\"https:\/\/arantv.az\/?cat=4\" rel=\"category\">Siyas\u0259t<\/a>","rttpg_excerpt":"Fevral\u0131n 20-d\u0259 geni\u015f t\u0259rkibd\u0259 g\u00f6r\u00fc\u015fd\u0259n sonra Az\u0259rbaycan Respublikas\u0131n\u0131n Prezidenti \u0130lham \u018fliyev v\u0259 \u0130taliya Respublikas\u0131n\u0131n Prezidenti Sercio Mattarella m\u0259tbuata b\u0259yanatlarla \u00e7\u0131x\u0131\u015f edibl\u0259r. Bununla ba\u011fl\u0131\u00a0AZ\u018fRTAC\u00a0m\u0259lumat yay\u0131b.","_links":{"self":[{"href":"https:\/\/arantv.az\/index.php?rest_route=\/wp\/v2\/posts\/132444"}],"collection":[{"href":"https:\/\/arantv.az\/index.php?rest_route=\/wp\/v2\/posts"}],"about":[{"href":"https:\/\/arantv.az\/index.php?rest_route=\/wp\/v2\/types\/post"}],"author":[{"embeddable":true,"href":"https:\/\/arantv.az\/index.php?rest_route=\/wp\/v2\/users\/2"}],"replies":[{"embeddable":true,"href":"https:\/\/arantv.az\/index.php?rest_route=%2Fwp%2Fv2%2Fcomments&post=132444"}],"version-history":[{"count":0,"href":"https:\/\/arantv.az\/index.php?rest_route=\/wp\/v2\/posts\/132444\/revisions"}],"wp:featuredmedia":[{"embeddable":true,"href":"https:\/\/arantv.az\/index.php?rest_route=\/wp\/v2\/media\/132445"}],"wp:attachment":[{"href":"https:\/\/arantv.az\/index.php?rest_route=%2Fwp%2Fv2%2Fmedia&parent=132444"}],"wp:term":[{"taxonomy":"category","embeddable":true,"href":"https:\/\/arantv.az\/index.php?rest_route=%2Fwp%2Fv2%2Fcategories&post=132444"},{"taxonomy":"post_tag","embeddable":true,"href":"https:\/\/arantv.az\/index.php?rest_route=%2Fwp%2Fv2%2Ftags&post=132444"}],"curies":[{"name":"wp","href":"https:\/\/api.w.org\/{rel}","templated":true}]}}