{"id":132448,"date":"2020-02-20T15:50:08","date_gmt":"2020-02-20T12:50:08","guid":{"rendered":"http:\/\/arantv.az\/?p=132448"},"modified":"2020-02-20T15:50:08","modified_gmt":"2020-02-20T12:50:08","slug":"daha-bir-m%c9%99nt%c9%99q%c9%99nin-n%c9%99tic%c9%99l%c9%99rinin-ustund%c9%99n-x%c9%99tt-c%c9%99kildi","status":"publish","type":"post","link":"https:\/\/arantv.az\/?p=132448","title":{"rendered":"Daha bir m\u0259nt\u0259q\u0259nin n\u0259tic\u0259l\u0259rinin \u00fcst\u00fcnd\u0259n x\u0259tt \u00e7\u0259kildi"},"content":{"rendered":"<p>M\u0259rk\u0259zi Se\u00e7ki Komissiyas\u0131nda\u00a0(MSK) 40 sayl\u0131 K\u0259p\u0259z \u0130kinci (G\u0259nc\u0259) Se\u00e7ki Dair\u0259si \u00fczr\u0259 namiz\u0259d Sitar\u0259 Zeynalovan\u0131n m\u00fcraci\u0259ti m\u00fczakir\u0259y\u0259\u00a0 \u00e7\u0131xar\u0131l\u0131b.<\/p>\n<p><b>ARANTV.AZ<\/b>-\u0131n x\u0259b\u0259rin\u0259 g\u00f6r\u0259, bu bar\u0259d\u0259 MSK katibi Arif\u0259 Muxtarova m\u0259lumat verib.<\/p>\n<div id=\"AdviadNativeVideo0\" class=\"AdviadNativeVideo\"><\/div>\n<p>MSK iclasda q\u0259rara al\u0131b ki, ad\u0131\u00e7\u0259kil\u0259n dair\u0259nin 8 sayl\u0131 se\u00e7ki m\u0259nt\u0259q\u0259sinin n\u0259tic\u0259l\u0259ri etibars\u0131z say\u0131ls\u0131n.<\/p>\n<p>Qeyd ed\u0259k ki, h\u0259min dair\u0259nin lider namiz\u0259di Musa Quliyevdir.\u00a0Oxu.Az<\/p>\n","protected":false},"excerpt":{"rendered":"<p>M\u0259rk\u0259zi Se\u00e7ki Komissiyas\u0131nda\u00a0(MSK) 40 sayl\u0131 K\u0259p\u0259z \u0130kinci (G\u0259nc\u0259) Se\u00e7ki Dair\u0259si \u00fczr\u0259 namiz\u0259d Sitar\u0259 Zeynalovan\u0131n m\u00fcraci\u0259ti m\u00fczakir\u0259y\u0259\u00a0 \u00e7\u0131xar\u0131l\u0131b. ARANTV.AZ-\u0131n x\u0259b\u0259rin\u0259 g\u00f6r\u0259, bu bar\u0259d\u0259 MSK katibi Arif\u0259 Muxtarova m\u0259lumat verib. MSK iclasda q\u0259rara al\u0131b ki, ad\u0131\u00e7\u0259kil\u0259n dair\u0259nin 8 sayl\u0131 se\u00e7ki m\u0259nt\u0259q\u0259sinin n\u0259tic\u0259l\u0259ri etibars\u0131z say\u0131ls\u0131n. Qeyd ed\u0259k ki, h\u0259min dair\u0259nin lider namiz\u0259di Musa Quliyevdir.\u00a0Oxu.Az<\/p>\n","protected":false},"author":2,"featured_media":132449,"comment_status":"closed","ping_status":"closed","sticky":false,"template":"","format":"standard","meta":{"om_disable_all_campaigns":false,"_monsterinsights_skip_tracking":false,"_monsterinsights_sitenote_active":false,"_monsterinsights_sitenote_note":"","_monsterinsights_sitenote_category":0},"categories":[4],"tags":[],"aioseo_notices":[],"gutentor_comment":0,"rttpg_featured_image_url":{"full":["https:\/\/arantv.az\/wp-content\/uploads\/2020\/02\/secki.jpg",508,349,false],"landscape":["https:\/\/arantv.az\/wp-content\/uploads\/2020\/02\/secki.jpg",508,349,false],"portraits":["https:\/\/arantv.az\/wp-content\/uploads\/2020\/02\/secki.jpg",508,349,false],"thumbnail":["https:\/\/arantv.az\/wp-content\/uploads\/2020\/02\/secki-150x150.jpg",150,150,true],"medium":["https:\/\/arantv.az\/wp-content\/uploads\/2020\/02\/secki-300x206.jpg",300,206,true],"large":["https:\/\/arantv.az\/wp-content\/uploads\/2020\/02\/secki.jpg",508,349,false],"1536x1536":["https:\/\/arantv.az\/wp-content\/uploads\/2020\/02\/secki.jpg",508,349,false],"2048x2048":["https:\/\/arantv.az\/wp-content\/uploads\/2020\/02\/secki.jpg",508,349,false],"post-thumbnail":["https:\/\/arantv.az\/wp-content\/uploads\/2020\/02\/secki-240x172.jpg",240,172,true],"advps-thumb-one":["https:\/\/arantv.az\/wp-content\/uploads\/2020\/02\/secki.jpg",508,349,false]},"rttpg_author":{"display_name":"V\u00fcsal Rafiqo\u011flu","author_link":"https:\/\/arantv.az\/?author=2"},"rttpg_comment":0,"rttpg_category":"<a href=\"https:\/\/arantv.az\/?cat=4\" rel=\"category\">Siyas\u0259t<\/a>","rttpg_excerpt":"M\u0259rk\u0259zi Se\u00e7ki Komissiyas\u0131nda\u00a0(MSK) 40 sayl\u0131 K\u0259p\u0259z \u0130kinci (G\u0259nc\u0259) Se\u00e7ki Dair\u0259si \u00fczr\u0259 namiz\u0259d Sitar\u0259 Zeynalovan\u0131n m\u00fcraci\u0259ti m\u00fczakir\u0259y\u0259\u00a0 \u00e7\u0131xar\u0131l\u0131b. ARANTV.AZ-\u0131n x\u0259b\u0259rin\u0259 g\u00f6r\u0259, bu bar\u0259d\u0259 MSK katibi Arif\u0259 Muxtarova m\u0259lumat verib. MSK iclasda q\u0259rara al\u0131b ki, ad\u0131\u00e7\u0259kil\u0259n dair\u0259nin 8 sayl\u0131 se\u00e7ki m\u0259nt\u0259q\u0259sinin n\u0259tic\u0259l\u0259ri etibars\u0131z say\u0131ls\u0131n. Qeyd ed\u0259k ki, h\u0259min dair\u0259nin lider namiz\u0259di Musa Quliyevdir.\u00a0Oxu.Az","_links":{"self":[{"href":"https:\/\/arantv.az\/index.php?rest_route=\/wp\/v2\/posts\/132448"}],"collection":[{"href":"https:\/\/arantv.az\/index.php?rest_route=\/wp\/v2\/posts"}],"about":[{"href":"https:\/\/arantv.az\/index.php?rest_route=\/wp\/v2\/types\/post"}],"author":[{"embeddable":true,"href":"https:\/\/arantv.az\/index.php?rest_route=\/wp\/v2\/users\/2"}],"replies":[{"embeddable":true,"href":"https:\/\/arantv.az\/index.php?rest_route=%2Fwp%2Fv2%2Fcomments&post=132448"}],"version-history":[{"count":0,"href":"https:\/\/arantv.az\/index.php?rest_route=\/wp\/v2\/posts\/132448\/revisions"}],"wp:featuredmedia":[{"embeddable":true,"href":"https:\/\/arantv.az\/index.php?rest_route=\/wp\/v2\/media\/132449"}],"wp:attachment":[{"href":"https:\/\/arantv.az\/index.php?rest_route=%2Fwp%2Fv2%2Fmedia&parent=132448"}],"wp:term":[{"taxonomy":"category","embeddable":true,"href":"https:\/\/arantv.az\/index.php?rest_route=%2Fwp%2Fv2%2Fcategories&post=132448"},{"taxonomy":"post_tag","embeddable":true,"href":"https:\/\/arantv.az\/index.php?rest_route=%2Fwp%2Fv2%2Ftags&post=132448"}],"curies":[{"name":"wp","href":"https:\/\/api.w.org\/{rel}","templated":true}]}}