{"id":132731,"date":"2020-02-21T10:15:01","date_gmt":"2020-02-21T07:15:01","guid":{"rendered":"http:\/\/arantv.az\/?p=132731"},"modified":"2020-02-21T10:15:01","modified_gmt":"2020-02-21T07:15:01","slug":"romada-az%c9%99rbaycan-prezidentinin-s%c9%99r%c9%99fin%c9%99-dovl%c9%99t-ziyaf%c9%99ti-verilib-yenil%c9%99nib-foto","status":"publish","type":"post","link":"https:\/\/arantv.az\/?p=132731","title":{"rendered":"Romada Az\u0259rbaycan Prezidentinin \u015f\u0259r\u0259fin\u0259 d\u00f6vl\u0259t ziyaf\u0259ti verilib &#8211; YEN\u0130L\u018fN\u0130B + FOTO"},"content":{"rendered":"<p>Fevral\u0131n 20-d\u0259 Romadak\u0131 Kuirinale Saray\u0131nda \u0130taliya Respublikas\u0131n\u0131n Prezidenti Sercio Mattarellan\u0131n ad\u0131ndan Az\u0259rbaycan Respublikas\u0131n\u0131n Prezidenti \u0130lham \u018fliyevin \u015f\u0259r\u0259fin\u0259 d\u00f6vl\u0259t ziyaf\u0259ti verilib.<\/p>\n<p><strong>ARANTV.AZ<\/strong> x\u0259b\u0259r verir ki, ziyaf\u0259td\u0259 Az\u0259rbaycan\u0131n birinci xan\u0131m\u0131 Mehriban \u018fliyeva v\u0259 Heyd\u0259r \u018fliyev Fondunun vitse-prezidenti Leyla \u018fliyeva da i\u015ftirak edibl\u0259r.<\/p>\n<p>Ziyaf\u0259td\u0259n \u0259vv\u0259l qar\u015f\u0131l\u0131ql\u0131 h\u0259diyy\u0259l\u0259r t\u0259qdim olunub.<\/p>\n<p>Az\u0259rbaycan v\u0259 \u0130taliya r\u0259smi n\u00fcmay\u0259nd\u0259 hey\u0259tl\u0259rinin \u00fczvl\u0259ri d\u00f6vl\u0259t ba\u015f\u00e7\u0131lar\u0131 \u0130lham \u018fliyev\u0259 v\u0259 Sercio Mattarellaya, Az\u0259rbaycan\u0131n Birinci vitse-prezident Mehriban \u018fliyevaya v\u0259 \u0130taliya Prezidentinin q\u0131z\u0131 Laura Mattarellaya t\u0259qdim olunublar.<\/p>\n<p>D\u00f6vl\u0259t ba\u015f\u00e7\u0131lar\u0131 ziyaf\u0259td\u0259 \u00e7\u0131x\u0131\u015f edibl\u0259r.<\/p>\n<p><strong>Prezident Sercio Mattarella<\/strong>:<\/p>\n<p>\u201cC\u0259nab Prezident.<\/p>\n<p>Xan\u0131m Birinci vitse-prezident.<\/p>\n<p>H\u00f6kum\u0259t n\u00fcmay\u0259nd\u0259l\u0259ri.<\/p>\n<p>Xan\u0131mlar v\u0259 c\u0259nablar.<\/p>\n<p>D\u0259rin h\u00f6rm\u0259t hissi il\u0259 Siz\u0259 v\u0259 xan\u0131m\u0131n\u0131za \u0130taliyaya \u201cXo\u015f g\u0259lmisiniz\u201d dem\u0259k ist\u0259rdim. Az\u0259rbaycan Prezidentinin \u0130taliyaya ilk d\u00f6vl\u0259t s\u0259f\u0259rind\u0259 Sizi n\u00fcmay\u0259nd\u0259 hey\u0259tinizl\u0259 birlikd\u0259 q\u0259bul etm\u0259kd\u0259n \u00e7ox m\u0259mnunam. X\u00fcsusil\u0259 d\u0259 Az\u0259rbaycana s\u0259f\u0259rim zaman\u0131 m\u0259n\u0259 g\u00f6st\u0259rdiyiniz qonaqp\u0259rv\u0259rliyi yax\u015f\u0131 xat\u0131rlay\u0131ram. Az\u0259rbaycana s\u0259f\u0259rimd\u0259n iki il sonra Sizin burada Prezident saray\u0131nda olma\u011f\u0131n\u0131z bizim \u00f6lk\u0259l\u0259rimizi birl\u0259\u015fdir\u0259n y\u00fcks\u0259k s\u0259viyy\u0259li \u0259laq\u0259l\u0259rin \u0259h\u0259miyy\u0259tli g\u00f6st\u0259ricisidir. S\u00fcr\u0259tl\u0259 m\u00f6hk\u0259ml\u0259n\u0259n v\u0259 \u015fax\u0259l\u0259n\u0259n bu m\u00fcnasib\u0259tl\u0259r m\u00fct\u0259madi v\u0259 m\u0259hsuldar \u0259laq\u0259l\u0259r\u0259 t\u0259kan ver\u0259r\u0259k yaln\u0131z qurumlar, h\u00f6kum\u0259tl\u0259r v\u0259 m\u00fc\u0259ssis\u0259l\u0259r aras\u0131nda deyil, h\u0259m\u00e7inin m\u0259d\u0259ni v\u0259 akademik reall\u0131qlar aras\u0131nda da inki\u015fafa s\u0259b\u0259b olmu\u015fdur.<\/p>\n<p>Sizin s\u0259f\u0259riniz Sovet \u0130ttifaq\u0131ndan tam ayr\u0131lma prosesinin ba\u015flan\u011f\u0131c\u0131n\u0131 qoyan v\u0259 h\u0259l\u0259 d\u0259 yadda\u015flarda ya\u015fayan tarixin ac\u0131 s\u0259hif\u0259si olan Qara Yanvar faci\u0259vi hadis\u0259l\u0259rinin ba\u015f verdiyi tarixd\u0259n 30 il sonraya t\u0259sad\u00fcf edir. M\u00fcst\u0259qilliyini qazand\u0131qdan sonra \u00fc\u00e7\u00fcnc\u00fc onillik \u0259r\u0259f\u0259sind\u0259 Az\u0259rbaycan regionun \u0259n \u00e7i\u00e7\u0259kl\u0259n\u0259n \u00f6lk\u0259l\u0259rind\u0259n biri v\u0259 m\u0259d\u0259niyy\u0259tl\u0259r, etnik qruplar v\u0259 f\u0259rqli dinl\u0259rin birg\u0259ya\u015fay\u0131\u015f modeli kimi \u00f6z\u00fcn\u00fc t\u0259sdiq etmi\u015fdir.<\/p>\n<p>Burada k\u00f6kl\u0259ri ke\u00e7\u0259n \u0259srin \u0259vv\u0259lind\u0259 d\u00fcnyada qad\u0131nlara se\u00e7ki h\u00fcququ ver\u0259n ilk \u00f6lk\u0259l\u0259rd\u0259n biri olan Az\u0259rbaycan Demokratik Respublikas\u0131n\u0131n q\u0131sa, lakin \u00e7ox \u0259h\u0259miyy\u0259tli tarixi t\u0259cr\u00fcb\u0259sin\u0259 dayanan tolerantl\u0131q n\u00fcmun\u0259si v\u0259 f\u0259rqlilik i\u00e7ind\u0259 s\u00fclh \u015f\u0259raitind\u0259 birg\u0259ya\u015fay\u0131\u015fdan s\u00f6hb\u0259t gedir.<\/p>\n<p>C\u0259nab Prezident, 25 ild\u0259n \u00e7ox m\u00f6vcud olan diplomatik \u0259laq\u0259l\u0259r \u00e7\u0259r\u00e7iv\u0259sind\u0259 \u0130taliya v\u0259 Az\u0259rbaycan aras\u0131ndak\u0131 m\u00fcnasib\u0259tl\u0259r m\u00fcst\u0259sna inki\u015fafa nail olmu\u015fdur. Bu, h\u0259m\u00e7inin \u00f6z bax\u0131\u015f\u0131n\u0131 Avro-Aral\u0131q d\u0259nizi m\u0259kan\u0131na tutan v\u0259 balansla\u015fd\u0131r\u0131lm\u0131\u015f geosiyasi m\u00f6vqeyin\u0259 g\u00f6r\u0259 g\u00fccl\u00fc olan Bak\u0131n\u0131n se\u00e7imi say\u0259sind\u0259 m\u00fcmk\u00fcn olmu\u015fdur.<\/p>\n<p>X\u0259z\u0259r d\u0259nizi v\u0259 Aral\u0131q d\u0259nizi aras\u0131nda Az\u0259rbaycan\u0131n k\u00f6rp\u00fc rolunu oynamas\u0131 dig\u0259r t\u0259r\u0259fd\u0259n d\u0259 bu g\u00fcn C\u0259nub Qaz D\u0259hlizinin tamamlanmas\u0131na g\u00fccl\u00fc t\u0259sir edir. Bel\u0259 ki, TAP layih\u0259sinin yekunla\u015fmas\u0131 il\u0259 Az\u0259rbaycan qaz\u0131 \u0130taliyaya n\u0259ql edil\u0259c\u0259k ki, bu da Avropa \u0130ttifaq\u0131 enerji siyas\u0259tinin \u0259sas\u0131 olan mar\u015frutlar\u0131n v\u0259 m\u0259nb\u0259l\u0259rin \u015fax\u0259l\u0259ndirilm\u0259si \u00fc\u00e7\u00fcn \u00f6n\u0259mli bir g\u00f6st\u0259ricidir.<\/p>\n<p>Bu siyas\u0259ti xarakteriz\u0259 ed\u0259n se\u00e7iml\u0259ri h\u0259r zaman d\u0259st\u0259kl\u0259y\u0259n \u0130taliya Br\u00fcssel il\u0259 yeni t\u0259r\u0259fda\u015fl\u0131q sazi\u015finin imzalanmas\u0131 vasit\u0259sil\u0259 Az\u0259rbaycan v\u0259 Avropa \u0130ttifaq\u0131 aras\u0131nda \u0259laq\u0259l\u0259rin daha da m\u00f6hk\u0259ml\u0259nm\u0259sin\u0259 m\u00fcsb\u0259t bax\u0131r. Eyni istiqam\u0259td\u0259 Bak\u0131 v\u0259 Atlantik T\u0259r\u0259fda\u015fl\u0131q \u015euras\u0131 aras\u0131ndak\u0131 Aral\u0131q d\u0259nizi sah\u0259sind\u0259 b\u00fct\u00fcn maraql\u0131 \u00f6lk\u0259l\u0259r \u00fc\u00e7\u00fcn h\u0259yati \u0259h\u0259miyy\u0259t\u0259 malik olan v\u0259 stabill\u0259\u015fm\u0259y\u0259 t\u00f6hf\u0259 ver\u0259n s\u0259rf\u0259li \u0259m\u0259kda\u015fl\u0131q davam edir.<\/p>\n<p>Az\u0259rbaycan v\u0259 Avropa aras\u0131nda \u0259laq\u0259l\u0259rin m\u00f6hk\u0259ml\u0259nm\u0259si f\u0259rqli m\u0259d\u0259niyy\u0259tl\u0259r v\u0259 dinl\u0259rin daha ah\u0259ngli birg\u0259ya\u015fay\u0131\u015f\u0131 \u00fc\u00e7\u00fcn \u0259lveri\u015fli \u015f\u0259raitin yaranmas\u0131na imkan ver\u0259 bil\u0259r.<\/p>\n<p>C\u0259nab Prezident, Az\u0259rbaycan \u00f6z enerji ehtiyatlar\u0131 il\u0259 ke\u00e7\u0259n \u0259sird\u0259 d\u00fcnyada ged\u0259n \u0259h\u0259miyy\u0259tli modernl\u0259\u015fm\u0259 prosesinin ba\u015f q\u0259hr\u0259man\u0131 oldu.<\/p>\n<p>Bu g\u00fcn \u0130taliya Respublikas\u0131 Sizin r\u0259hb\u0259rliyiniz alt\u0131nda Az\u0259rbaycan\u0131n iqtisadi, m\u0259d\u0259ni v\u0259 sosial inki\u015faf yolunda add\u0131mlamas\u0131na d\u0259rin hissl\u0259rl\u0259 bax\u0131r.<\/p>\n<p>Qlobal s\u0259viyy\u0259d\u0259 birinci ticari t\u0259r\u0259fda\u015f kimi Roma Sizin idar\u0259etm\u0259niz say\u0259sind\u0259 ba\u015flad\u0131lan iqtisadiyyat\u0131n \u015fax\u0259l\u0259ndirilm\u0259si prosesind\u0259 Az\u0259rbaycan Respublikas\u0131n\u0131n yan\u0131nda olmaq niyy\u0259tind\u0259dir v\u0259 \u0259traf al\u0259min qorunmas\u0131na y\u00f6n\u0259ldilmi\u015f texnoloji innovasiyalara a\u00e7\u0131q elmi v\u0259 s\u0259naye yenilikl\u0259ri il\u0259 t\u00f6hf\u0259 verm\u0259y\u0259 haz\u0131rd\u0131r.<\/p>\n<p>Bundan \u0259lav\u0259, ill\u0259rdir ki, \u00f6lk\u0259l\u0259rimiz \u00e7oxt\u0259r\u0259fli sah\u0259l\u0259rd\u0259, x\u00fcsus\u0259n d\u0259 ikit\u0259r\u0259fli \u0259m\u0259kda\u015fl\u0131\u011f\u0131m\u0131zda \u0259h\u0259miyy\u0259tli \u015f\u0259kild\u0259 se\u00e7il\u0259n energetika v\u0259 s\u0259naye sektorlar\u0131nda, h\u0259m\u00e7inin m\u0259d\u0259ni v\u0259 sosial \u0259h\u0259miyy\u0259tli t\u0259\u015f\u0259bb\u00fcsl\u0259r daxil olmaqla, bir s\u0131ra u\u011furlu \u0259m\u0259kda\u015fl\u0131qlara imza atm\u0131\u015fd\u0131r.<\/p>\n<p>X\u00fcsusi m\u0259mnunluq hissi duyaraq qeyd etm\u0259k ist\u0259rdim ki, italyan dili v\u0259 m\u0259d\u0259niyy\u0259ti artan mara\u011fa s\u0259b\u0259b olur v\u0259 m\u0259n inan\u0131ram ki, elmi, texnoloji v\u0259 universitetl\u0259r sah\u0259l\u0259rind\u0259 ba\u011flanm\u0131\u015f sazi\u015fl\u0259r bizim xalqlar\u0131m\u0131z aras\u0131nda m\u00f6vcud olan qar\u015f\u0131l\u0131ql\u0131 anla\u015fma v\u0259 dostlu\u011fu daha da g\u00fccl\u0259ndir\u0259c\u0259k.<\/p>\n<p>Bu ax\u015famk\u0131 konsert yaln\u0131z Az\u0259rbaycan yarad\u0131c\u0131l\u0131\u011f\u0131n\u0131n qeyri-adiliyini deyil, h\u0259m\u00e7inin Az\u0259rbaycan v\u0259 \u0130taliya aras\u0131nda m\u00f6vcud d\u0259rin m\u0259d\u0259ni ox\u015farl\u0131qlar\u0131 bir daha s\u00fcbut edir.<\/p>\n<p>T\u0259sad\u00fcf\u00fc deyil ki, proqram \u0130slam d\u00fcnyas\u0131nda ilk opera olan, ke\u00e7\u0259n \u0259srin \u0259vv\u0259ll\u0259rind\u0259 Bak\u0131da s\u0259hn\u0259l\u0259\u015fdiril\u0259n v\u0259 el\u0259 o d\u00f6vrd\u0259n etibar\u0259n bizim m\u0259d\u0259niyy\u0259tl\u0259rin y\u00fcks\u0259k sintezini ifad\u0259 ed\u0259n \u201cLeyli v\u0259 M\u0259cnun\u201d \u0259s\u0259rinin b\u0259st\u0259kar\u0131 olan \u00dczeyir Hac\u0131b\u0259ylinin m\u0259\u015fhur bir par\u00e7as\u0131 il\u0259 ba\u015flay\u0131r.<\/p>\n<p>C\u0259nab Prezident, \u00f6lk\u0259l\u0259rimiz aras\u0131nda \u0259laq\u0259l\u0259rin inki\u015faf perspektivl\u0259ri geni\u015f v\u0259 d\u0259rin panoramaya malikdir. Sizin tarixi \u0259h\u0259miyy\u0259tli d\u00f6vl\u0259t s\u0259f\u0259riniz d\u0259 \u0259min\u0259m ki, bunu daha da g\u00fccl\u0259ndirib, strateji sektorlarda \u0259m\u0259kda\u015fl\u0131\u011f\u0131 inki\u015faf etdir\u0259r\u0259k Bak\u0131 v\u0259 Roma aras\u0131nda dostlu\u011fun t\u0259\u015fviqin\u0259 t\u00f6hf\u0259 ver\u0259c\u0259k.<\/p>\n<p>Siz\u0259, xan\u0131m\u0131n\u0131za v\u0259 Sizi m\u00fc\u015fayi\u0259t ed\u0259n n\u00fcmay\u0259nd\u0259 hey\u0259tin\u0259 bir daha \u201cXo\u015f g\u0259lmisiniz\u201d deyir\u0259m\u201d.<\/p>\n<p><strong>Prezident \u0130lham \u018fliyev<\/strong>:<\/p>\n<p>\u201cH\u00f6rm\u0259tli c\u0259nab Prezident.<\/p>\n<p>H\u00f6rm\u0259tli xan\u0131m Laura Mattarella.<\/p>\n<p>H\u00f6rm\u0259tli xan\u0131mlar v\u0259 c\u0259nablar.<\/p>\n<p>\u0130lk n\u00f6vb\u0259d\u0259, m\u0259ni \u0130taliyaya d\u00f6vl\u0259t s\u0259f\u0259rin\u0259 d\u0259v\u0259t etdiyiniz\u0259, el\u0259c\u0259 d\u0259 m\u0259n\u0259 v\u0259 n\u00fcmay\u0259nd\u0259 hey\u0259tin\u0259 g\u00f6st\u0259rdiyiniz qonaqp\u0259rv\u0259rliy\u0259 g\u00f6r\u0259, c\u0259nab Prezident, Siz\u0259 minn\u0259tdarl\u0131\u011f\u0131m\u0131 bildirir\u0259m.<\/p>\n<p>Az\u0259rbaycan v\u0259 \u0130taliya aras\u0131nda \u0259laq\u0259l\u0259rin z\u0259ngin tarixi vard\u0131r. \u018fn az\u0131 30 min ild\u0259n art\u0131q ya\u015f\u0131 olan petroqlifl\u0259rin yerl\u0259\u015fdiyi v\u0259 UNESCO-nun \u00dcmumd\u00fcnya \u0130rs Siyah\u0131s\u0131na daxil olunmu\u015f Qobustan D\u00f6vl\u0259t Tarixi Qoru\u011fu \u0259razisind\u0259ki qayalar \u00fcz\u0259rind\u0259 Roma imperiyas\u0131 legionlar\u0131n\u0131n bizim eradan \u0259vv\u0259l I \u0259sr\u0259 aid lat\u0131nca yaz\u0131lar\u0131 vard\u0131r. Bu yaz\u0131lar Roma imperiyas\u0131 legionlar\u0131n\u0131n Az\u0259rbaycan \u0259razisind\u0259 oldu\u011funu s\u00fcbut edir. \u0130talyan s\u0259yyah\u0131 Marko Polo \u00f6z \u0259s\u0259rl\u0259rind\u0259 Az\u0259rbaycandan b\u0259hs etmi\u015fdir. XV \u0259srd\u0259 Az\u0259rbaycan A\u011fqoyunlu d\u00f6vl\u0259ti il\u0259 Venesiya Respublikas\u0131 aras\u0131nda siyasi, diplomatik \u0259laq\u0259l\u0259r qurulmu\u015fdur.<\/p>\n<p>1469-1478-ci ill\u0259rd\u0259 Venesiya Respublikas\u0131n\u0131n Az\u0259rbaycanda s\u0259firliyi f\u0259aliyy\u0259t g\u00f6st\u0259rmi\u015fdir. H\u0259min d\u00f6vrd\u0259 Az\u0259rbaycan il\u0259 Neapol Krall\u0131\u011f\u0131 aras\u0131nda t\u0259maslar m\u00f6vcud olmu\u015fdur. M\u00fcs\u0259lman al\u0259mind\u0259 ilk parlament respublikas\u0131 olan, 1918-1920-ci ill\u0259rd\u0259 m\u00f6vcud olmu\u015f Az\u0259rbaycan Xalq C\u00fcmhuriyy\u0259ti d\u00f6vr\u00fcnd\u0259 d\u0259 Az\u0259rbaycan v\u0259 \u0130taliya aras\u0131nda diplomatik m\u00fcnasib\u0259tl\u0259 yarad\u0131lm\u0131\u015fd\u0131r.<\/p>\n<p>\u0130taliyan\u0131n Bak\u0131da diplomatik t\u0259msil\u00e7iliyi f\u0259aliyy\u0259t g\u00f6st\u0259rmi\u015fdir. 1972-ci ild\u0259 Az\u0259rbaycan\u0131n paytaxt\u0131 Bak\u0131 v\u0259 \u0130taliyan\u0131n Neapol \u015f\u0259h\u0259rl\u0259ri qarda\u015fla\u015fm\u0131\u015f elan edilmi\u015fl\u0259r. Haz\u0131rda Az\u0259rbaycan v\u0259 \u0130taliya aras\u0131nda \u0259m\u0259kda\u015fl\u0131q b\u00fct\u00fcn sah\u0259l\u0259rd\u0259 u\u011furla inki\u015faf edir.<\/p>\n<p>C\u0259nab prezident Sercio Mattarellan\u0131n 2018-ci ild\u0259 Az\u0259rbaycana r\u0259smi s\u0259f\u0259ri \u0259laq\u0259l\u0259rimizin inki\u015faf\u0131nda m\u00fch\u00fcm t\u00f6hf\u0259 olmu\u015fdur. S\u0259f\u0259r zaman\u0131 Mehriban \u018fliyevan\u0131 v\u0259 m\u0259ni \u0130taliyan\u0131n y\u00fcks\u0259k d\u00f6vl\u0259t ordenl\u0259ri il\u0259 t\u0259ltif etm\u0259yinizi Az\u0259rbaycan v\u0259 \u0130taliya aras\u0131nda dostlu\u011fun inki\u015faf\u0131na verdiyimiz t\u00f6hf\u0259nin t\u0259zah\u00fcr\u00fc kimi qiym\u0259tl\u0259ndiririk.<\/p>\n<p>C\u0259nab Prezident, bu g\u00fcn biz Sizinl\u0259 olduqca s\u0259m\u0259r\u0259li g\u00f6r\u00fc\u015f ke\u00e7irdik. Bu g\u00f6r\u00fc\u015f\u00fcm\u00fcz zaman\u0131 m\u00fczakir\u0259 olunan m\u0259s\u0259l\u0259l\u0259r iki \u00f6lk\u0259 aras\u0131ndak\u0131 m\u00fcnasib\u0259tl\u0259rin strateji mahiyy\u0259tini t\u0259sdiql\u0259yir. D\u00f6vl\u0259t s\u0259f\u0259ri \u00e7\u0259r\u00e7iv\u0259sind\u0259 20-d\u0259n \u00e7ox s\u0259n\u0259din imzalanmas\u0131 n\u0259z\u0259rd\u0259 tutulur.<\/p>\n<p>Onlar\u0131n s\u0131ras\u0131nda Az\u0259rbaycan v\u0259 \u0130taliya aras\u0131nda \u201c\u00c7ox\u00f6l\u00e7\u00fcl\u00fc Strateji T\u0259r\u0259fda\u015fl\u0131\u011f\u0131n g\u00fccl\u0259ndirilm\u0259sin\u0259 dair Birg\u0259 B\u0259yannam\u0259\u201dni x\u00fcsusi olaraq qeyd etm\u0259k ist\u0259rdim. Bu s\u0259n\u0259d m\u00fcnasib\u0259tl\u0259rimizi daha y\u00fcks\u0259k s\u0259viyy\u0259y\u0259 qald\u0131racaqd\u0131r. \u201c\u00c7ox\u00f6l\u00e7\u00fcl\u00fc Strateji T\u0259r\u0259fda\u015fl\u0131\u011f\u0131n g\u00fccl\u0259ndirilm\u0259sin\u0259 dair Birg\u0259 B\u0259yannam\u0259\u201dd\u0259 Az\u0259rbaycan v\u0259 \u0130taliya bir-biril\u0259rinin m\u00fcst\u0259qilliyi, suverenliyi, \u0259razi b\u00fct\u00f6vl\u00fcy\u00fc v\u0259 beyn\u0259lxalq s\u0259viyy\u0259d\u0259 tan\u0131nm\u0131\u015f s\u0259rh\u0259dl\u0259rin\u0259 d\u0259st\u0259yi bir daha t\u0259sdiql\u0259yirl\u0259r.<\/p>\n<p>S\u0259n\u0259dd\u0259, h\u0259m\u00e7inin Erm\u0259nistan-Az\u0259rbaycan Da\u011fl\u0131q Qaraba\u011f m\u00fcnaqi\u015f\u0259sinin bu prinsipl\u0259r \u0259sas\u0131nda h\u0259lli il\u0259 \u0259laq\u0259dar birm\u0259nal\u0131 m\u00f6vqe \u0259ks olunub. Bu prinsipl\u0259r BMT T\u0259hl\u00fck\u0259sizlik \u015euras\u0131n\u0131n Erm\u0259nistan-Az\u0259rbaycan Da\u011fl\u0131q Qaraba\u011f m\u00fcnaqi\u015f\u0259si il\u0259 ba\u011fl\u0131 q\u0259bul etdiyi v\u0259 t\u0259cav\u00fczkar Erm\u0259nistan\u0131n qo\u015funlar\u0131n\u0131n Az\u0259rbaycan\u0131n b\u00fct\u00fcn i\u015f\u011fal olunmu\u015f torpaqlar\u0131ndan \u00e7\u0131xar\u0131lmas\u0131n\u0131 t\u0259l\u0259b ed\u0259n q\u0259tnam\u0259l\u0259ri il\u0259 uzla\u015f\u0131r.<\/p>\n<p>Uzun ill\u0259rdir ki, Erm\u0259nistan Az\u0259rbaycan \u0259razil\u0259rini i\u015f\u011fal etmi\u015f, etnik t\u0259mizl\u0259m\u0259 aparm\u0131\u015f, bir milyondan art\u0131q soyda\u015f\u0131m\u0131z qa\u00e7q\u0131n v\u0259 m\u0259cburi k\u00f6\u00e7k\u00fcn v\u0259ziyy\u0259tin\u0259 d\u00fc\u015fm\u00fc\u015fd\u00fcr. M\u00fcnaqi\u015f\u0259 beyn\u0259lxalq h\u00fcququn norma v\u0259 prinsipl\u0259rin\u0259 uy\u011fun olaraq Az\u0259rbaycan\u0131n \u0259razi b\u00fct\u00f6vl\u00fcy\u00fc \u00e7\u0259r\u00e7iv\u0259sind\u0259 h\u0259ll olunmal\u0131d\u0131r.<\/p>\n<p>\u0130qtisadi sah\u0259d\u0259 qar\u015f\u0131l\u0131ql\u0131 faydal\u0131 \u0259m\u0259kda\u015fl\u0131\u011f\u0131m\u0131z davaml\u0131 olaraq geni\u015fl\u0259nir, ticar\u0259t d\u00f6vriyy\u0259miz y\u00fcks\u0259k s\u0259viyy\u0259d\u0259dir, \u0130taliya Az\u0259rbaycan\u0131n birinci ticar\u0259t v\u0259 ixracat t\u0259r\u0259fda\u015f\u0131d\u0131r. 2019-cu ild\u0259 \u0130taliya il\u0259 \u00fcmumi ticar\u0259t d\u00f6vriyy\u0259miz 6 milyard dollardan art\u0131q olmu\u015fdur.<\/p>\n<p>\u0130taliyan\u0131n C\u0259nubi Qafqaz \u00f6lk\u0259l\u0259ri il\u0259 ticar\u0259tinin 92 faizi Az\u0259rbaycan\u0131n pay\u0131na d\u00fc\u015f\u00fcr. Uzun ill\u0259r Az\u0259rbaycan \u0130taliya istehlak\u00e7\u0131lar\u0131n\u0131 xam neftl\u0259 t\u0259chiz edir, \u0130taliyada istehlak olunan neftin 17 faizi \u00f6lk\u0259mizin pay\u0131na d\u00fc\u015f\u00fcr. Ke\u00e7\u0259n il Az\u0259rbaycan \u0130taliyan\u0131n \u0259n b\u00f6y\u00fck xam neft t\u0259chizat\u00e7\u0131s\u0131 olub. Az\u0259rbaycan\u0131n t\u0259\u015f\u0259bb\u00fcs\u00fc il\u0259 realla\u015fan v\u0259 Avropan\u0131n \u0259n b\u00f6y\u00fck infrastruktur layih\u0259l\u0259rind\u0259n olan C\u0259nub Qaz D\u0259hlizinin h\u0259yata ke\u00e7irilm\u0259sind\u0259 Az\u0259rbaycan \u0130taliya il\u0259 s\u0131x \u0259m\u0259kda\u015fl\u0131q edir. C\u0259nub Qaz D\u0259hlizinin son seqmenti olan TAP yekunla\u015fmaq \u00fczr\u0259dir.<\/p>\n<p>M\u0259d\u0259niyy\u0259t sah\u0259sind\u0259 m\u00fcnasib\u0259tl\u0259rimiz u\u011furla inki\u015faf edir. 2012-ci ild\u0259 Roman\u0131n g\u00f6rk\u0259mli Villa Borgeze park\u0131nda dahi Az\u0259rbaycan \u015fairi Nizami G\u0259nc\u0259vinin abid\u0259sinin a\u00e7\u0131l\u0131\u015f\u0131 olmu\u015fdur. Haz\u0131rda Az\u0259rbaycan Dill\u0259r Universitetind\u0259 italyan dili t\u0259rc\u00fcm\u0259si ixtisas\u0131 v\u0259 \u0130talyan Dili M\u0259rk\u0259zi f\u0259aliyy\u0259t g\u00f6st\u0259rir. \u0130taliya Avropada az\u0259rbaycanl\u0131 t\u0259l\u0259b\u0259l\u0259rin ali t\u0259hsil ald\u0131\u011f\u0131 \u0259sas \u00f6lk\u0259l\u0259rd\u0259n biridir.<\/p>\n<p>\u0130taliya q\u0259dim sivilizasiyan\u0131n be\u015fiyidir. \u0130talyan m\u0259d\u0259niyy\u0259ti, inc\u0259s\u0259n\u0259ti, kino s\u0259n\u0259ti Az\u0259rbaycanda \u00e7ox sevilir. \u00c7oxlu sayda Az\u0259rbaycan v\u0259t\u0259nda\u015f\u0131 h\u0259r il \u0130taliyaya turistik s\u0259f\u0259rl\u0259r edir. Son 3 il \u0259rzind\u0259 \u0130taliyadan \u00f6lk\u0259miz\u0259 g\u0259l\u0259n qonaqlar\u0131n s\u0259f\u0259r dinamikas\u0131nda 40 faizd\u0259n \u00e7ox art\u0131m qeyd\u0259 al\u0131nm\u0131\u015fd\u0131r.<\/p>\n<p>H\u00f6rm\u0259tli c\u0259nab Prezident v\u0259 h\u00f6rm\u0259tli xan\u0131m Laura Mattarella, \u00f6lk\u0259niz\u0259 v\u0259 dost \u0130taliya xalq\u0131na \u0259min-amanl\u0131q, inki\u015faf v\u0259 t\u0259r\u0259qqi arzulay\u0131ram\u201d.<\/p>\n<p><strong>05:39<\/strong><\/p>\n<p>Fevral\u0131n 20-d\u0259 Romadak\u0131 Kuirinale Saray\u0131nda \u0130taliya Respublikas\u0131n\u0131n Prezidenti Sercio Mattarellan\u0131n ad\u0131ndan Az\u0259rbaycan Respublikas\u0131n\u0131n Prezidenti \u0130lham \u018fliyevin \u015f\u0259r\u0259fin\u0259 d\u00f6vl\u0259t ziyaf\u0259ti verilib.<\/p>\n<p><strong>ARANTV.AZ<\/strong> x\u0259b\u0259r verir ki, ziyaf\u0259td\u0259 Az\u0259rbaycan\u0131n Birinci vitse-prezidenti Mehriban \u018fliyeva v\u0259 Heyd\u0259r \u018fliyev Fondunun vitse-prezidenti Leyla \u018fliyeva da i\u015ftirak edibl\u0259r.<\/p>\n<p>D\u00f6vl\u0259t ba\u015f\u00e7\u0131lar\u0131 ziyaf\u0259td\u0259 \u00e7\u0131x\u0131\u015f edibl\u0259r.<\/p>\n<p>Sonra Kuirinale Saray\u0131nda 2020-ci il \u0130taliyada Az\u0259rbaycan M\u0259d\u0259niyy\u0259t \u0130linin a\u00e7\u0131l\u0131\u015f\u0131 m\u00fcnasib\u0259til\u0259 konsert proqram\u0131 t\u0259qdim olunub.<\/p>\n<p>Konsertd\u0259 Az\u0259rbaycan D\u00f6vl\u0259t Kamera Orkestri g\u00f6rk\u0259mli Az\u0259rbaycan v\u0259 \u0130taliya b\u0259st\u0259karlar\u0131n\u0131n \u0259s\u0259rl\u0259rini ifa edib.<\/p>\n<div class=\"gallery\">\n<div class=\"gallery-i\"><img src=\"https:\/\/assets.oxu.az\/uploads\/W1siZiIsIjIwMjAvMDIvMjEvMDUvNDIvMDgvN2Y1MWVlNjAtMTZkNi00MjU3LWE3ODktMWMyMDU3NjliOWQ1LzEuanBnIl0sWyJwIiwiZW5jb2RlIiwianBnIiwiLXF1YWxpdHkgODAiXSxbInAiLCJ0aHVtYiIsIjU5MHg1OTBcdTAwM2UiXV0?sha=cb3febf50c07d80b\" alt=\"\" \/><\/div>\n<div class=\"gallery-i\"><img src=\"https:\/\/assets.oxu.az\/uploads\/W1siZiIsIjIwMjAvMDIvMjEvMDUvNDIvMDgvZDU1NjJmZDgtYjVmOC00NDZlLTkxOGItYzBmN2YzODM5YzE3LzIuanBnIl0sWyJwIiwiZW5jb2RlIiwianBnIiwiLXF1YWxpdHkgODAiXSxbInAiLCJ0aHVtYiIsIjU5MHg1OTBcdTAwM2UiXV0?sha=3d24bfb2342c9c4b\" alt=\"\" \/><\/div>\n<div class=\"gallery-i\"><img src=\"https:\/\/assets.oxu.az\/uploads\/W1siZiIsIjIwMjAvMDIvMjEvMDUvNDIvMDgvY2E4NjhmMjAtNWY2MS00ZGEyLTkyNzItMjdkMzNjODliNjdhLzMuanBnIl0sWyJwIiwiZW5jb2RlIiwianBnIiwiLXF1YWxpdHkgODAiXSxbInAiLCJ0aHVtYiIsIjU5MHg1OTBcdTAwM2UiXV0?sha=65aea4e0f2f0a0ae\" alt=\"\" \/><\/div>\n<div class=\"gallery-i\"><img src=\"https:\/\/assets.oxu.az\/uploads\/W1siZiIsIjIwMjAvMDIvMjEvMDUvNDIvMDgvNDM0ZDVkNTMtMDFmMi00MjRhLThiODYtM2JiNTE1ODMxMWVlLzQuanBnIl0sWyJwIiwiZW5jb2RlIiwianBnIiwiLXF1YWxpdHkgODAiXSxbInAiLCJ0aHVtYiIsIjU5MHg1OTBcdTAwM2UiXV0?sha=d1884dc85cd5bd45\" alt=\"\" \/><\/div>\n<div class=\"gallery-i\"><img src=\"https:\/\/assets.oxu.az\/uploads\/W1siZiIsIjIwMjAvMDIvMjEvMDUvNDIvMDgvNzFkNGY0NmQtZjA1MC00ODFjLWI4OTQtYTU0YTc5YTQ4OGRmLzUuanBnIl0sWyJwIiwiZW5jb2RlIiwianBnIiwiLXF1YWxpdHkgODAiXSxbInAiLCJ0aHVtYiIsIjU5MHg1OTBcdTAwM2UiXV0?sha=de911d4e0e57195d\" alt=\"\" \/><\/div>\n<div class=\"gallery-i\"><img src=\"https:\/\/assets.oxu.az\/uploads\/W1siZiIsIjIwMjAvMDIvMjEvMDUvNDIvMDkvYzQxMmM5YzgtYzJhYy00YzY4LWIwZjktMjhjNzNjN2FmMDI0LzYuanBnIl0sWyJwIiwiZW5jb2RlIiwianBnIiwiLXF1YWxpdHkgODAiXSxbInAiLCJ0aHVtYiIsIjU5MHg1OTBcdTAwM2UiXV0?sha=69402f059eff2a2f\" alt=\"\" \/><\/div>\n<div class=\"gallery-i\"><img src=\"https:\/\/assets.oxu.az\/uploads\/W1siZiIsIjIwMjAvMDIvMjEvMDUvNDIvMDkvY2U5MTQ0MzQtM2ZjMi00Njc0LWI3OTctNmVlMDg1ZTJjNTkzLzcuanBnIl0sWyJwIiwiZW5jb2RlIiwianBnIiwiLXF1YWxpdHkgODAiXSxbInAiLCJ0aHVtYiIsIjU5MHg1OTBcdTAwM2UiXV0?sha=c282f8a4ab105a4b\" alt=\"\" \/><\/div>\n<div class=\"gallery-i\"><img src=\"https:\/\/assets.oxu.az\/uploads\/W1siZiIsIjIwMjAvMDIvMjEvMDUvNDIvMDkvYzlhYzlhMGQtYjBkMi00Zjc4LThmODktMTgwM2I0ZGMzZGQ5LzguanBnIl0sWyJwIiwiZW5jb2RlIiwianBnIiwiLXF1YWxpdHkgODAiXSxbInAiLCJ0aHVtYiIsIjU5MHg1OTBcdTAwM2UiXV0?sha=d68090b74a0abb37\" alt=\"\" \/><\/div>\n<div class=\"gallery-i\"><img src=\"https:\/\/assets.oxu.az\/uploads\/W1siZiIsIjIwMjAvMDIvMjEvMDUvNDIvMDkvNWQ4NTVjNDEtNTczNS00YjIwLWJjYWQtM2M5MjBiNDY5YTVhLzkuanBnIl0sWyJwIiwiZW5jb2RlIiwianBnIiwiLXF1YWxpdHkgODAiXSxbInAiLCJ0aHVtYiIsIjU5MHg1OTBcdTAwM2UiXV0?sha=5e5ef96bdaf3d710\" alt=\"\" \/><\/div>\n<div class=\"gallery-i\"><img src=\"https:\/\/assets.oxu.az\/uploads\/W1siZiIsIjIwMjAvMDIvMjEvMDUvNDIvMDkvZGY1MDUxMzctMmEwMi00ZjBlLTk5ZDktYmRjYjY1MDNhNjc5LzEwLmpwZyJdLFsicCIsImVuY29kZSIsImpwZyIsIi1xdWFsaXR5IDgwIl0sWyJwIiwidGh1bWIiLCI1OTB4NTkwXHUwMDNlIl1d?sha=fc86bf3bd93cd4e0\" alt=\"\" \/><\/div>\n<div class=\"gallery-i\"><img src=\"https:\/\/assets.oxu.az\/uploads\/W1siZiIsIjIwMjAvMDIvMjEvMDUvNDIvMDkvMWUyOGM1MzgtNTNlMS00YmYzLWIwM2YtZjUyZmE1OTA2NzE5LzEyLmpwZyJdLFsicCIsImVuY29kZSIsImpwZyIsIi1xdWFsaXR5IDgwIl0sWyJwIiwidGh1bWIiLCI1OTB4NTkwXHUwMDNlIl1d?sha=cff3a0dc58e1ddd6\" alt=\"\" \/><\/div>\n<\/div>\n<div>AZ\u018fRTAC<\/div>\n","protected":false},"excerpt":{"rendered":"<p>Fevral\u0131n 20-d\u0259 Romadak\u0131 Kuirinale Saray\u0131nda \u0130taliya Respublikas\u0131n\u0131n Prezidenti Sercio Mattarellan\u0131n ad\u0131ndan Az\u0259rbaycan Respublikas\u0131n\u0131n Prezidenti \u0130lham \u018fliyevin \u015f\u0259r\u0259fin\u0259 d\u00f6vl\u0259t ziyaf\u0259ti verilib. ARANTV.AZ x\u0259b\u0259r verir ki, ziyaf\u0259td\u0259 Az\u0259rbaycan\u0131n birinci xan\u0131m\u0131 Mehriban \u018fliyeva v\u0259 Heyd\u0259r \u018fliyev Fondunun vitse-prezidenti Leyla \u018fliyeva da i\u015ftirak edibl\u0259r. Ziyaf\u0259td\u0259n \u0259vv\u0259l qar\u015f\u0131l\u0131ql\u0131 h\u0259diyy\u0259l\u0259r t\u0259qdim olunub. Az\u0259rbaycan v\u0259 \u0130taliya r\u0259smi n\u00fcmay\u0259nd\u0259 hey\u0259tl\u0259rinin \u00fczvl\u0259ri d\u00f6vl\u0259t ba\u015f\u00e7\u0131lar\u0131 \u0130lham \u018fliyev\u0259 v\u0259 Sercio Mattarellaya, Az\u0259rbaycan\u0131n Birinci vitse-prezident Mehriban \u018fliyevaya v\u0259 \u0130taliya Prezidentinin q\u0131z\u0131 Laura Mattarellaya t\u0259qdim olunublar. D\u00f6vl\u0259t ba\u015f\u00e7\u0131lar\u0131 ziyaf\u0259td\u0259 \u00e7\u0131x\u0131\u015f edibl\u0259r. Prezident Sercio Mattarella: \u201cC\u0259nab Prezident. Xan\u0131m Birinci vitse-prezident. H\u00f6kum\u0259t n\u00fcmay\u0259nd\u0259l\u0259ri. Xan\u0131mlar v\u0259&hellip;<\/p>\n","protected":false},"author":2,"featured_media":132732,"comment_status":"closed","ping_status":"closed","sticky":false,"template":"","format":"standard","meta":{"om_disable_all_campaigns":false,"_monsterinsights_skip_tracking":false,"_monsterinsights_sitenote_active":false,"_monsterinsights_sitenote_note":"","_monsterinsights_sitenote_category":0},"categories":[4],"tags":[],"aioseo_notices":[],"gutentor_comment":0,"rttpg_featured_image_url":{"full":["https:\/\/arantv.az\/wp-content\/uploads\/2020\/02\/President-1.jpg",620,431,false],"landscape":["https:\/\/arantv.az\/wp-content\/uploads\/2020\/02\/President-1.jpg",620,431,false],"portraits":["https:\/\/arantv.az\/wp-content\/uploads\/2020\/02\/President-1.jpg",620,431,false],"thumbnail":["https:\/\/arantv.az\/wp-content\/uploads\/2020\/02\/President-1-150x150.jpg",150,150,true],"medium":["https:\/\/arantv.az\/wp-content\/uploads\/2020\/02\/President-1-300x209.jpg",300,209,true],"large":["https:\/\/arantv.az\/wp-content\/uploads\/2020\/02\/President-1.jpg",620,431,false],"1536x1536":["https:\/\/arantv.az\/wp-content\/uploads\/2020\/02\/President-1.jpg",620,431,false],"2048x2048":["https:\/\/arantv.az\/wp-content\/uploads\/2020\/02\/President-1.jpg",620,431,false],"post-thumbnail":["https:\/\/arantv.az\/wp-content\/uploads\/2020\/02\/President-1-240x172.jpg",240,172,true],"advps-thumb-one":["https:\/\/arantv.az\/wp-content\/uploads\/2020\/02\/President-1.jpg",620,431,false]},"rttpg_author":{"display_name":"V\u00fcsal Rafiqo\u011flu","author_link":"https:\/\/arantv.az\/?author=2"},"rttpg_comment":0,"rttpg_category":"<a href=\"https:\/\/arantv.az\/?cat=4\" rel=\"category\">Siyas\u0259t<\/a>","rttpg_excerpt":"Fevral\u0131n 20-d\u0259 Romadak\u0131 Kuirinale Saray\u0131nda \u0130taliya Respublikas\u0131n\u0131n Prezidenti Sercio Mattarellan\u0131n ad\u0131ndan Az\u0259rbaycan Respublikas\u0131n\u0131n Prezidenti \u0130lham \u018fliyevin \u015f\u0259r\u0259fin\u0259 d\u00f6vl\u0259t ziyaf\u0259ti verilib. ARANTV.AZ x\u0259b\u0259r verir ki, ziyaf\u0259td\u0259 Az\u0259rbaycan\u0131n birinci xan\u0131m\u0131 Mehriban \u018fliyeva v\u0259 Heyd\u0259r \u018fliyev Fondunun vitse-prezidenti Leyla \u018fliyeva da i\u015ftirak edibl\u0259r. Ziyaf\u0259td\u0259n \u0259vv\u0259l qar\u015f\u0131l\u0131ql\u0131 h\u0259diyy\u0259l\u0259r t\u0259qdim olunub. Az\u0259rbaycan v\u0259 \u0130taliya r\u0259smi n\u00fcmay\u0259nd\u0259 hey\u0259tl\u0259rinin \u00fczvl\u0259ri d\u00f6vl\u0259t ba\u015f\u00e7\u0131lar\u0131&hellip;","_links":{"self":[{"href":"https:\/\/arantv.az\/index.php?rest_route=\/wp\/v2\/posts\/132731"}],"collection":[{"href":"https:\/\/arantv.az\/index.php?rest_route=\/wp\/v2\/posts"}],"about":[{"href":"https:\/\/arantv.az\/index.php?rest_route=\/wp\/v2\/types\/post"}],"author":[{"embeddable":true,"href":"https:\/\/arantv.az\/index.php?rest_route=\/wp\/v2\/users\/2"}],"replies":[{"embeddable":true,"href":"https:\/\/arantv.az\/index.php?rest_route=%2Fwp%2Fv2%2Fcomments&post=132731"}],"version-history":[{"count":0,"href":"https:\/\/arantv.az\/index.php?rest_route=\/wp\/v2\/posts\/132731\/revisions"}],"wp:featuredmedia":[{"embeddable":true,"href":"https:\/\/arantv.az\/index.php?rest_route=\/wp\/v2\/media\/132732"}],"wp:attachment":[{"href":"https:\/\/arantv.az\/index.php?rest_route=%2Fwp%2Fv2%2Fmedia&parent=132731"}],"wp:term":[{"taxonomy":"category","embeddable":true,"href":"https:\/\/arantv.az\/index.php?rest_route=%2Fwp%2Fv2%2Fcategories&post=132731"},{"taxonomy":"post_tag","embeddable":true,"href":"https:\/\/arantv.az\/index.php?rest_route=%2Fwp%2Fv2%2Ftags&post=132731"}],"curies":[{"name":"wp","href":"https:\/\/api.w.org\/{rel}","templated":true}]}}