{"id":132743,"date":"2020-02-21T10:31:43","date_gmt":"2020-02-21T07:31:43","guid":{"rendered":"http:\/\/arantv.az\/?p=132743"},"modified":"2020-02-21T10:31:43","modified_gmt":"2020-02-21T07:31:43","slug":"italiya-prezidenti-az%c9%99rbaycan-regionun-%c9%99n-cic%c9%99kl%c9%99n%c9%99n-olk%c9%99l%c9%99rind%c9%99n-biri-v%c9%99-m%c9%99d%c9%99niyy%c9%99tl%c9%99r-etnik-qruplar-v%c9%99-f%c9%99rqli-dinl","status":"publish","type":"post","link":"https:\/\/arantv.az\/?p=132743","title":{"rendered":"\u0130taliya Prezidenti: &#8220;Az\u0259rbaycan regionun \u0259n \u00e7i\u00e7\u0259kl\u0259n\u0259n \u00f6lk\u0259l\u0259rind\u0259n biri v\u0259 m\u0259d\u0259niyy\u0259tl\u0259r, etnik qruplar v\u0259 f\u0259rqli dinl\u0259rin birg\u0259ya\u015fay\u0131\u015f modeli kimi \u00f6z\u00fcn\u00fc t\u0259sdiq etmi\u015fdir&#8221;"},"content":{"rendered":"<blockquote><p><em><strong>Az\u0259rbaycan regionun \u0259n \u00e7i\u00e7\u0259kl\u0259n\u0259n \u00f6lk\u0259l\u0259rind\u0259n biri v\u0259 m\u0259d\u0259niyy\u0259tl\u0259r, etnik qruplar v\u0259 f\u0259rqli dinl\u0259rin birg\u0259ya\u015fay\u0131\u015f modeli kimi \u00f6z\u00fcn\u00fc t\u0259sdiq etmi\u015fdir<\/strong><\/em><\/p><\/blockquote>\n<p><strong>ARANTV.AZ\u00a0<\/strong>\u00a0<a href=\"http:\/\/azertag.az\/\" target=\"_blank\" rel=\"noopener\">AZ\u018fRTAC<\/a>-a istinad\u0259n bildirir ki, fevral\u0131n 20-d\u0259 Romadak\u0131 Kuirinale Saray\u0131nda \u0130taliya Respublikas\u0131n\u0131n Prezidenti Sercio Mattarellan\u0131n ad\u0131ndan Az\u0259rbaycan Respublikas\u0131n\u0131n Prezidenti \u0130lham \u018fliyevin \u015f\u0259r\u0259fin\u0259 veril\u0259n d\u00f6vl\u0259t ziyaf\u0259tind\u0259 \u00e7\u0131x\u0131\u015f\u0131 zaman\u0131 \u0130taliya Prezidenti Sercio Mattarella deyib.<\/p>\n<p>\u0130taliya Prezidenti bildirib:<\/p>\n<p>&#8220;C\u0259nab Prezident.<\/p>\n<p>Xan\u0131m Birinci vitse-prezident.<\/p>\n<p>H\u00f6kum\u0259t n\u00fcmay\u0259nd\u0259l\u0259ri.<\/p>\n<p>Xan\u0131mlar v\u0259 c\u0259nablar.<\/p>\n<p>D\u0259rin h\u00f6rm\u0259t hissi il\u0259 Siz\u0259 v\u0259 xan\u0131m\u0131n\u0131za \u0130taliyaya &#8220;Xo\u015f g\u0259lmisiniz&#8221; dem\u0259k ist\u0259rdim. Az\u0259rbaycan Prezidentinin \u0130taliyaya ilk d\u00f6vl\u0259t s\u0259f\u0259rind\u0259 Sizi n\u00fcmay\u0259nd\u0259 hey\u0259tinizl\u0259 birlikd\u0259 q\u0259bul etm\u0259kd\u0259n \u00e7ox m\u0259mnunam. X\u00fcsusil\u0259 d\u0259 Az\u0259rbaycana s\u0259f\u0259rim zaman\u0131 m\u0259n\u0259 g\u00f6st\u0259rdiyiniz qonaqp\u0259rv\u0259rliyi yax\u015f\u0131 xat\u0131rlay\u0131ram. Az\u0259rbaycana s\u0259f\u0259rimd\u0259n iki il sonra Sizin burada Prezident saray\u0131nda olma\u011f\u0131n\u0131z bizim \u00f6lk\u0259l\u0259rimizi birl\u0259\u015fdir\u0259n y\u00fcks\u0259k s\u0259viyy\u0259li \u0259laq\u0259l\u0259rin \u0259h\u0259miyy\u0259tli g\u00f6st\u0259ricisidir. S\u00fcr\u0259tl\u0259 m\u00f6hk\u0259ml\u0259n\u0259n v\u0259 \u015fax\u0259l\u0259n\u0259n bu m\u00fcnasib\u0259tl\u0259r m\u00fct\u0259madi v\u0259 m\u0259hsuldar \u0259laq\u0259l\u0259r\u0259 t\u0259kan ver\u0259r\u0259k yaln\u0131z qurumlar, h\u00f6kum\u0259tl\u0259r v\u0259 m\u00fc\u0259ssis\u0259l\u0259r aras\u0131nda deyil, h\u0259m\u00e7inin m\u0259d\u0259ni v\u0259 akademik reall\u0131qlar aras\u0131nda da inki\u015fafa s\u0259b\u0259b olmu\u015fdur.<\/p>\n<p>Sizin s\u0259f\u0259riniz Sovet \u0130ttifaq\u0131ndan tam ayr\u0131lma prosesinin ba\u015flan\u011f\u0131c\u0131n\u0131 qoyan v\u0259 h\u0259l\u0259 d\u0259 yadda\u015flarda ya\u015fayan tarixin ac\u0131 s\u0259hif\u0259si olan Qara Yanvar faci\u0259vi hadis\u0259l\u0259rinin ba\u015f verdiyi tarixd\u0259n 30 il sonraya t\u0259sad\u00fcf edir. M\u00fcst\u0259qilliyini qazand\u0131qdan sonra \u00fc\u00e7\u00fcnc\u00fc onillik \u0259r\u0259f\u0259sind\u0259 Az\u0259rbaycan regionun \u0259n \u00e7i\u00e7\u0259kl\u0259n\u0259n \u00f6lk\u0259l\u0259rind\u0259n biri v\u0259 m\u0259d\u0259niyy\u0259tl\u0259r, etnik qruplar v\u0259 f\u0259rqli dinl\u0259rin birg\u0259ya\u015fay\u0131\u015f modeli kimi \u00f6z\u00fcn\u00fc t\u0259sdiq etmi\u015fdir. Burada k\u00f6kl\u0259ri ke\u00e7\u0259n \u0259srin \u0259vv\u0259lind\u0259 d\u00fcnyada qad\u0131nlara se\u00e7ki h\u00fcququ ver\u0259n ilk \u00f6lk\u0259l\u0259rd\u0259n biri olan Az\u0259rbaycan Demokratik Respublikas\u0131n\u0131n q\u0131sa, lakin \u00e7ox \u0259h\u0259miyy\u0259tli tarixi t\u0259cr\u00fcb\u0259sin\u0259 dayanan tolerantl\u0131q n\u00fcmun\u0259si v\u0259 f\u0259rqlilik i\u00e7ind\u0259 s\u00fclh \u015f\u0259raitind\u0259 birg\u0259ya\u015fay\u0131\u015fdan s\u00f6hb\u0259t gedir.<\/p>\n<p>C\u0259nab Prezident, 25 ild\u0259n \u00e7ox m\u00f6vcud olan diplomatik \u0259laq\u0259l\u0259r \u00e7\u0259r\u00e7iv\u0259sind\u0259 \u0130taliya v\u0259 Az\u0259rbaycan aras\u0131ndak\u0131 m\u00fcnasib\u0259tl\u0259r m\u00fcst\u0259sna inki\u015fafa nail olmu\u015fdur. Bu, h\u0259m\u00e7inin \u00f6z bax\u0131\u015f\u0131n\u0131 Avro-Aral\u0131q d\u0259nizi m\u0259kan\u0131na tutan v\u0259 balansla\u015fd\u0131r\u0131lm\u0131\u015f geosiyasi m\u00f6vqeyin\u0259 g\u00f6r\u0259 g\u00fccl\u00fc olan Bak\u0131n\u0131n se\u00e7imi say\u0259sind\u0259 m\u00fcmk\u00fcn olmu\u015fdur.<\/p>\n<p>X\u0259z\u0259r d\u0259nizi v\u0259 Aral\u0131q d\u0259nizi aras\u0131nda Az\u0259rbaycan\u0131n k\u00f6rp\u00fc rolunu oynamas\u0131 dig\u0259r t\u0259r\u0259fd\u0259n d\u0259 bu g\u00fcn C\u0259nub Qaz D\u0259hlizinin tamamlanmas\u0131na g\u00fccl\u00fc t\u0259sir edir. Bel\u0259 ki, TAP layih\u0259sinin yekunla\u015fmas\u0131 il\u0259 Az\u0259rbaycan qaz\u0131 \u0130taliyaya n\u0259ql edil\u0259c\u0259k ki, bu da Avropa \u0130ttifaq\u0131 enerji siyas\u0259tinin \u0259sas\u0131 olan mar\u015frutlar\u0131n v\u0259 m\u0259nb\u0259l\u0259rin \u015fax\u0259l\u0259ndirilm\u0259si \u00fc\u00e7\u00fcn \u00f6n\u0259mli bir g\u00f6st\u0259ricidir.<\/p>\n<p>Bu siyas\u0259ti xarakteriz\u0259 ed\u0259n se\u00e7iml\u0259ri h\u0259r zaman d\u0259st\u0259kl\u0259y\u0259n \u0130taliya Br\u00fcssel il\u0259 yeni t\u0259r\u0259fda\u015fl\u0131q sazi\u015finin imzalanmas\u0131 vasit\u0259sil\u0259 Az\u0259rbaycan v\u0259 Avropa \u0130ttifaq\u0131 aras\u0131nda \u0259laq\u0259l\u0259rin daha da m\u00f6hk\u0259ml\u0259nm\u0259sin\u0259 m\u00fcsb\u0259t bax\u0131r. Eyni istiqam\u0259td\u0259 Bak\u0131 v\u0259 Atlantik T\u0259r\u0259fda\u015fl\u0131q \u015euras\u0131 aras\u0131ndak\u0131 Aral\u0131q d\u0259nizi sah\u0259sind\u0259 b\u00fct\u00fcn maraql\u0131 \u00f6lk\u0259l\u0259r \u00fc\u00e7\u00fcn h\u0259yati \u0259h\u0259miyy\u0259t\u0259 malik olan v\u0259 stabill\u0259\u015fm\u0259y\u0259 t\u00f6hf\u0259 ver\u0259n s\u0259rf\u0259li \u0259m\u0259kda\u015fl\u0131q davam edir.<\/p>\n<p>Az\u0259rbaycan v\u0259 Avropa aras\u0131nda \u0259laq\u0259l\u0259rin m\u00f6hk\u0259ml\u0259nm\u0259si f\u0259rqli m\u0259d\u0259niyy\u0259tl\u0259r v\u0259 dinl\u0259rin daha ah\u0259ngli birg\u0259ya\u015fay\u0131\u015f\u0131 \u00fc\u00e7\u00fcn \u0259lveri\u015fli \u015f\u0259raitin yaranmas\u0131na imkan ver\u0259 bil\u0259r.<\/p>\n<p>C\u0259nab Prezident, Az\u0259rbaycan \u00f6z enerji ehtiyatlar\u0131 il\u0259 ke\u00e7\u0259n \u0259sird\u0259 d\u00fcnyada ged\u0259n \u0259h\u0259miyy\u0259tli modernl\u0259\u015fm\u0259 prosesinin ba\u015f q\u0259hr\u0259man\u0131 oldu.<\/p>\n<p>Bu g\u00fcn \u0130taliya Respublikas\u0131 Sizin r\u0259hb\u0259rliyiniz alt\u0131nda Az\u0259rbaycan\u0131n iqtisadi, m\u0259d\u0259ni v\u0259 sosial inki\u015faf yolunda add\u0131mlamas\u0131na d\u0259rin hissl\u0259rl\u0259 bax\u0131r.<\/p>\n<p>Qlobal s\u0259viyy\u0259d\u0259 birinci ticari t\u0259r\u0259fda\u015f kimi Roma Sizin idar\u0259etm\u0259niz say\u0259sind\u0259 ba\u015flad\u0131lan iqtisadiyyat\u0131n \u015fax\u0259l\u0259ndirilm\u0259si prosesind\u0259 Az\u0259rbaycan Respublikas\u0131n\u0131n yan\u0131nda olmaq niyy\u0259tind\u0259dir v\u0259 \u0259traf al\u0259min qorunmas\u0131na y\u00f6n\u0259ldilmi\u015f texnoloji innovasiyalara a\u00e7\u0131q elmi v\u0259 s\u0259naye yenilikl\u0259ri il\u0259 t\u00f6hf\u0259 verm\u0259y\u0259 haz\u0131rd\u0131r.<\/p>\n<p>Bundan \u0259lav\u0259, ill\u0259rdir ki, \u00f6lk\u0259l\u0259rimiz \u00e7oxt\u0259r\u0259fli sah\u0259l\u0259rd\u0259, x\u00fcsus\u0259n d\u0259 ikit\u0259r\u0259fli \u0259m\u0259kda\u015fl\u0131\u011f\u0131m\u0131zda \u0259h\u0259miyy\u0259tli \u015f\u0259kild\u0259 se\u00e7il\u0259n energetika v\u0259 s\u0259naye sektorlar\u0131nda, h\u0259m\u00e7inin m\u0259d\u0259ni v\u0259 sosial \u0259h\u0259miyy\u0259tli t\u0259\u015f\u0259bb\u00fcsl\u0259r daxil olmaqla, bir s\u0131ra u\u011furlu \u0259m\u0259kda\u015fl\u0131qlara imza atm\u0131\u015fd\u0131r.<\/p>\n<p>X\u00fcsusi m\u0259mnunluq hissi duyaraq qeyd etm\u0259k ist\u0259rdim ki, italyan dili v\u0259 m\u0259d\u0259niyy\u0259ti artan mara\u011fa s\u0259b\u0259b olur v\u0259 m\u0259n inan\u0131ram ki, elmi, texnoloji v\u0259 universitetl\u0259r sah\u0259l\u0259rind\u0259 ba\u011flanm\u0131\u015f sazi\u015fl\u0259r bizim xalqlar\u0131m\u0131z aras\u0131nda m\u00f6vcud olan qar\u015f\u0131l\u0131ql\u0131 anla\u015fma v\u0259 dostlu\u011fu daha da g\u00fccl\u0259ndir\u0259c\u0259k.<\/p>\n<p>Bu ax\u015famk\u0131 konsert yaln\u0131z Az\u0259rbaycan yarad\u0131c\u0131l\u0131\u011f\u0131n\u0131n qeyri-adiliyini deyil, h\u0259m\u00e7inin Az\u0259rbaycan v\u0259 \u0130taliya aras\u0131nda m\u00f6vcud d\u0259rin m\u0259d\u0259ni ox\u015farl\u0131qlar\u0131 bir daha s\u00fcbut edir.<\/p>\n<p>T\u0259sad\u00fcf\u00fc deyil ki, proqram \u0130slam d\u00fcnyas\u0131nda ilk opera olan, ke\u00e7\u0259n \u0259srin \u0259vv\u0259ll\u0259rind\u0259 Bak\u0131da s\u0259hn\u0259l\u0259\u015fdiril\u0259n v\u0259 el\u0259 o d\u00f6vrd\u0259n etibar\u0259n bizim m\u0259d\u0259niyy\u0259tl\u0259rin y\u00fcks\u0259k sintezini ifad\u0259 ed\u0259n &#8220;Leyli v\u0259 M\u0259cnun&#8221; \u0259s\u0259rinin b\u0259st\u0259kar\u0131 olan \u00dczeyir Hac\u0131b\u0259ylinin m\u0259\u015fhur bir par\u00e7as\u0131 il\u0259 ba\u015flay\u0131r.<\/p>\n<p>C\u0259nab Prezident, \u00f6lk\u0259l\u0259rimiz aras\u0131nda \u0259laq\u0259l\u0259rin inki\u015faf perspektivl\u0259ri geni\u015f v\u0259 d\u0259rin panoramaya malikdir. Sizin tarixi \u0259h\u0259miyy\u0259tli d\u00f6vl\u0259t s\u0259f\u0259riniz d\u0259 \u0259min\u0259m ki, bunu daha da g\u00fccl\u0259ndirib, strateji sektorlarda \u0259m\u0259kda\u015fl\u0131\u011f\u0131 inki\u015faf etdir\u0259r\u0259k Bak\u0131 v\u0259 Roma aras\u0131nda dostlu\u011fun t\u0259\u015fviqin\u0259 t\u00f6hf\u0259 ver\u0259c\u0259k.<\/p>\n<p>Siz\u0259, xan\u0131m\u0131n\u0131za v\u0259 Sizi m\u00fc\u015fayi\u0259t ed\u0259n n\u00fcmay\u0259nd\u0259 hey\u0259tin\u0259 bir daha &#8220;Xo\u015f g\u0259lmisiniz&#8221; deyir\u0259m&#8221;.<\/p>\n","protected":false},"excerpt":{"rendered":"<p>Az\u0259rbaycan regionun \u0259n \u00e7i\u00e7\u0259kl\u0259n\u0259n \u00f6lk\u0259l\u0259rind\u0259n biri v\u0259 m\u0259d\u0259niyy\u0259tl\u0259r, etnik qruplar v\u0259 f\u0259rqli dinl\u0259rin birg\u0259ya\u015fay\u0131\u015f modeli kimi \u00f6z\u00fcn\u00fc t\u0259sdiq etmi\u015fdir ARANTV.AZ\u00a0\u00a0AZ\u018fRTAC-a istinad\u0259n bildirir ki, fevral\u0131n 20-d\u0259 Romadak\u0131 Kuirinale Saray\u0131nda \u0130taliya Respublikas\u0131n\u0131n Prezidenti Sercio Mattarellan\u0131n ad\u0131ndan Az\u0259rbaycan Respublikas\u0131n\u0131n Prezidenti \u0130lham \u018fliyevin \u015f\u0259r\u0259fin\u0259 veril\u0259n d\u00f6vl\u0259t ziyaf\u0259tind\u0259 \u00e7\u0131x\u0131\u015f\u0131 zaman\u0131 \u0130taliya Prezidenti Sercio Mattarella deyib. \u0130taliya Prezidenti bildirib: &#8220;C\u0259nab Prezident. Xan\u0131m Birinci vitse-prezident. H\u00f6kum\u0259t n\u00fcmay\u0259nd\u0259l\u0259ri. Xan\u0131mlar v\u0259 c\u0259nablar. D\u0259rin h\u00f6rm\u0259t hissi il\u0259 Siz\u0259 v\u0259 xan\u0131m\u0131n\u0131za \u0130taliyaya &#8220;Xo\u015f g\u0259lmisiniz&#8221; dem\u0259k ist\u0259rdim. Az\u0259rbaycan Prezidentinin \u0130taliyaya ilk d\u00f6vl\u0259t s\u0259f\u0259rind\u0259 Sizi n\u00fcmay\u0259nd\u0259 hey\u0259tinizl\u0259 birlikd\u0259 q\u0259bul etm\u0259kd\u0259n \u00e7ox m\u0259mnunam. X\u00fcsusil\u0259&hellip;<\/p>\n","protected":false},"author":2,"featured_media":132744,"comment_status":"closed","ping_status":"closed","sticky":false,"template":"","format":"standard","meta":{"om_disable_all_campaigns":false,"_monsterinsights_skip_tracking":false,"_monsterinsights_sitenote_active":false,"_monsterinsights_sitenote_note":"","_monsterinsights_sitenote_category":0},"categories":[4],"tags":[],"aioseo_notices":[],"gutentor_comment":0,"rttpg_featured_image_url":{"full":["https:\/\/arantv.az\/wp-content\/uploads\/2020\/02\/827665.jpg",800,600,false],"landscape":["https:\/\/arantv.az\/wp-content\/uploads\/2020\/02\/827665.jpg",800,600,false],"portraits":["https:\/\/arantv.az\/wp-content\/uploads\/2020\/02\/827665.jpg",800,600,false],"thumbnail":["https:\/\/arantv.az\/wp-content\/uploads\/2020\/02\/827665-150x150.jpg",150,150,true],"medium":["https:\/\/arantv.az\/wp-content\/uploads\/2020\/02\/827665-300x225.jpg",300,225,true],"large":["https:\/\/arantv.az\/wp-content\/uploads\/2020\/02\/827665.jpg",640,480,false],"1536x1536":["https:\/\/arantv.az\/wp-content\/uploads\/2020\/02\/827665.jpg",800,600,false],"2048x2048":["https:\/\/arantv.az\/wp-content\/uploads\/2020\/02\/827665.jpg",800,600,false],"post-thumbnail":["https:\/\/arantv.az\/wp-content\/uploads\/2020\/02\/827665-240x172.jpg",240,172,true],"advps-thumb-one":["https:\/\/arantv.az\/wp-content\/uploads\/2020\/02\/827665.jpg",800,600,false]},"rttpg_author":{"display_name":"V\u00fcsal Rafiqo\u011flu","author_link":"https:\/\/arantv.az\/?author=2"},"rttpg_comment":0,"rttpg_category":"<a href=\"https:\/\/arantv.az\/?cat=4\" rel=\"category\">Siyas\u0259t<\/a>","rttpg_excerpt":"Az\u0259rbaycan regionun \u0259n \u00e7i\u00e7\u0259kl\u0259n\u0259n \u00f6lk\u0259l\u0259rind\u0259n biri v\u0259 m\u0259d\u0259niyy\u0259tl\u0259r, etnik qruplar v\u0259 f\u0259rqli dinl\u0259rin birg\u0259ya\u015fay\u0131\u015f modeli kimi \u00f6z\u00fcn\u00fc t\u0259sdiq etmi\u015fdir ARANTV.AZ\u00a0\u00a0AZ\u018fRTAC-a istinad\u0259n bildirir ki, fevral\u0131n 20-d\u0259 Romadak\u0131 Kuirinale Saray\u0131nda \u0130taliya Respublikas\u0131n\u0131n Prezidenti Sercio Mattarellan\u0131n ad\u0131ndan Az\u0259rbaycan Respublikas\u0131n\u0131n Prezidenti \u0130lham \u018fliyevin \u015f\u0259r\u0259fin\u0259 veril\u0259n d\u00f6vl\u0259t ziyaf\u0259tind\u0259 \u00e7\u0131x\u0131\u015f\u0131 zaman\u0131 \u0130taliya Prezidenti Sercio Mattarella deyib. \u0130taliya Prezidenti bildirib: &#8220;C\u0259nab Prezident.&hellip;","_links":{"self":[{"href":"https:\/\/arantv.az\/index.php?rest_route=\/wp\/v2\/posts\/132743"}],"collection":[{"href":"https:\/\/arantv.az\/index.php?rest_route=\/wp\/v2\/posts"}],"about":[{"href":"https:\/\/arantv.az\/index.php?rest_route=\/wp\/v2\/types\/post"}],"author":[{"embeddable":true,"href":"https:\/\/arantv.az\/index.php?rest_route=\/wp\/v2\/users\/2"}],"replies":[{"embeddable":true,"href":"https:\/\/arantv.az\/index.php?rest_route=%2Fwp%2Fv2%2Fcomments&post=132743"}],"version-history":[{"count":0,"href":"https:\/\/arantv.az\/index.php?rest_route=\/wp\/v2\/posts\/132743\/revisions"}],"wp:featuredmedia":[{"embeddable":true,"href":"https:\/\/arantv.az\/index.php?rest_route=\/wp\/v2\/media\/132744"}],"wp:attachment":[{"href":"https:\/\/arantv.az\/index.php?rest_route=%2Fwp%2Fv2%2Fmedia&parent=132743"}],"wp:term":[{"taxonomy":"category","embeddable":true,"href":"https:\/\/arantv.az\/index.php?rest_route=%2Fwp%2Fv2%2Fcategories&post=132743"},{"taxonomy":"post_tag","embeddable":true,"href":"https:\/\/arantv.az\/index.php?rest_route=%2Fwp%2Fv2%2Ftags&post=132743"}],"curies":[{"name":"wp","href":"https:\/\/api.w.org\/{rel}","templated":true}]}}