{"id":132764,"date":"2020-02-21T10:43:55","date_gmt":"2020-02-21T07:43:55","guid":{"rendered":"http:\/\/arantv.az\/?p=132764"},"modified":"2020-02-21T10:43:55","modified_gmt":"2020-02-21T07:43:55","slug":"italiyada-az%c9%99rbaycan-m%c9%99d%c9%99niyy%c9%99t-ilinin-acilisi-munasib%c9%99til%c9%99-konsert-proqrami-t%c9%99qdim-olunub-foto","status":"publish","type":"post","link":"https:\/\/arantv.az\/?p=132764","title":{"rendered":"\u0130taliyada Az\u0259rbaycan M\u0259d\u0259niyy\u0259t \u0130linin a\u00e7\u0131l\u0131\u015f\u0131 m\u00fcnasib\u0259til\u0259 konsert proqram\u0131 t\u0259qdim olunub &#8211; FOTO"},"content":{"rendered":"<p>Fevral\u0131n 20-d\u0259 Romadak\u0131 Kuirinale Saray\u0131nda \u201c2020-ci il &#8211; \u0130taliyada Az\u0259rbaycan M\u0259d\u0259niyy\u0259t \u0130li\u201dnin a\u00e7\u0131l\u0131\u015f\u0131 m\u00fcnasib\u0259til\u0259 konsert proqram\u0131 t\u0259qdim olunub.<\/p>\n<p><strong>ARANTV.AZ<\/strong> x\u0259b\u0259r verir ki, Az\u0259rbaycan Respublikas\u0131n\u0131n Prezidenti \u0130lham \u018fliyev, Birinci vitse-prezident Mehriban \u018fliyeva, \u0130taliya Respublikas\u0131n\u0131n Prezidenti Sercio Mattarella v\u0259 q\u0131z\u0131 Laura Mattarella konserti izl\u0259yibl\u0259r.<\/p>\n<div id=\"AdviadNativeVideo0\" class=\"AdviadNativeVideo\"><\/div>\n<p>Konsertd\u0259 Az\u0259rbaycan D\u00f6vl\u0259t Kamera Orkestri g\u00f6rk\u0259mli Az\u0259rbaycan v\u0259 \u0130taliya b\u0259st\u0259karlar\u0131n\u0131n \u0259s\u0259rl\u0259rini ifa edib.<\/p>\n<div class=\"gallery\">\n<div class=\"gallery-i\"><img src=\"https:\/\/assets.oxu.az\/uploads\/W1siZiIsIjIwMjAvMDIvMjEvMTEvMzMvMTMvZWEwZjg3YzQtMGZkOS00NTIxLTlkOWQtZTU5MDIxZWVjZjY2LzE1ODIyNjkxMDkzMDM2MzM0M18xMDAweDY2OS5qcGciXSxbInAiLCJlbmNvZGUiLCJqcGciLCItcXVhbGl0eSA4MCJdLFsicCIsInRodW1iIiwiNTkweDU5MFx1MDAzZSJdXQ?sha=c535d0e7b2efdaed\" alt=\"\" \/><\/p>\n<div class=\"gallery-i-caption\"><\/div>\n<\/div>\n<div class=\"gallery-i\"><img src=\"https:\/\/assets.oxu.az\/uploads\/W1siZiIsIjIwMjAvMDIvMjEvMTEvMzMvMTQvN2VlZjMyZTQtOTMwMy00YzZiLWFjMDctOTZlOWY0YmEzYjhlLzE1ODIyNjkxMDk4MTY2MDg3NV8xMDAweDY2OS5qcGciXSxbInAiLCJlbmNvZGUiLCJqcGciLCItcXVhbGl0eSA4MCJdLFsicCIsInRodW1iIiwiNTkweDU5MFx1MDAzZSJdXQ?sha=89e4354a9aff70dd\" alt=\"\" \/><\/p>\n<div class=\"gallery-i-caption\"><\/div>\n<\/div>\n<div class=\"gallery-i\"><img src=\"https:\/\/assets.oxu.az\/uploads\/W1siZiIsIjIwMjAvMDIvMjEvMTEvMzMvMTQvYzUxNjE1MjItNzcyYi00OGY1LTlkMzYtOTUxMWUzNDk5OTljLzE1ODIyNjkxMDkxOTY4MzEyMTc2XzEwMDB4NjY5LmpwZyJdLFsicCIsImVuY29kZSIsImpwZyIsIi1xdWFsaXR5IDgwIl0sWyJwIiwidGh1bWIiLCI1OTB4NTkwXHUwMDNlIl1d?sha=122d01032dd06bb7\" alt=\"\" \/><\/p>\n<div class=\"gallery-i-caption\"><\/div>\n<\/div>\n<div class=\"gallery-i\"><img src=\"https:\/\/assets.oxu.az\/uploads\/W1siZiIsIjIwMjAvMDIvMjEvMTEvMzMvMTQvMmY0YjNkOWMtYTkyNS00MjhjLTgzMGEtOWJlY2EzYmRlODgxLzE1ODIyNjkxMDkyNDgxMTMwMTI4XzEwMDB4NjY5LmpwZyJdLFsicCIsImVuY29kZSIsImpwZyIsIi1xdWFsaXR5IDgwIl0sWyJwIiwidGh1bWIiLCI1OTB4NTkwXHUwMDNlIl1d?sha=6b76279c56e1990d\" alt=\"\" \/><\/p>\n<div class=\"gallery-i-caption\"><\/div>\n<\/div>\n<div class=\"gallery-i\"><img src=\"https:\/\/assets.oxu.az\/uploads\/W1siZiIsIjIwMjAvMDIvMjEvMTEvMzMvMTQvNDczODA2YTItODk2ZS00NjgzLTk5OTEtN2VlMjkxYWZiM2Q3LzE1ODIyNjkxMDkyNTQ0NDQ2NTYzXzEwMDB4NjY5LmpwZyJdLFsicCIsImVuY29kZSIsImpwZyIsIi1xdWFsaXR5IDgwIl0sWyJwIiwidGh1bWIiLCI1OTB4NTkwXHUwMDNlIl1d?sha=1f169d9fa7479ec0\" alt=\"\" \/><\/p>\n<div class=\"gallery-i-caption\"><\/div>\n<\/div>\n<div class=\"gallery-i\"><img src=\"https:\/\/assets.oxu.az\/uploads\/W1siZiIsIjIwMjAvMDIvMjEvMTEvMzMvMTQvYTZmZWUxYTEtMWVjMC00NTNiLTllMjQtMWVmMTY4YTJmMGVhLzE1ODIyNjkxMDkyNzA4NjQ5ODU4XzEwMDB4NjY5LmpwZyJdLFsicCIsImVuY29kZSIsImpwZyIsIi1xdWFsaXR5IDgwIl0sWyJwIiwidGh1bWIiLCI1OTB4NTkwXHUwMDNlIl1d?sha=ad7f839bda3a5993\" alt=\"\" \/><\/p>\n<div class=\"gallery-i-caption\"><\/div>\n<\/div>\n<div class=\"gallery-i\"><img src=\"https:\/\/assets.oxu.az\/uploads\/W1siZiIsIjIwMjAvMDIvMjEvMTEvMzMvMTQvNzBiZTQzODctY2IzYi00YTcwLWI3OGItZTJlMGQwYjI3OWYwLzE1ODIyNjkxMDkzMTkxNjEzMzI0XzEwMDB4NjY5LmpwZyJdLFsicCIsImVuY29kZSIsImpwZyIsIi1xdWFsaXR5IDgwIl0sWyJwIiwidGh1bWIiLCI1OTB4NTkwXHUwMDNlIl1d?sha=8a7d9644711a30d0\" alt=\"\" \/><\/p>\n<div class=\"gallery-i-caption\"><\/div>\n<\/div>\n<div class=\"gallery-i\"><img src=\"https:\/\/assets.oxu.az\/uploads\/W1siZiIsIjIwMjAvMDIvMjEvMTEvMzMvMTUvZTkwNjU2ZGItMDVhYy00MGQ5LWE3NDAtMzAyZDNhYjNhODU5LzE1ODIyNjkxMDkzNTE1MjU3OTQwXzEwMDB4NjY5LmpwZyJdLFsicCIsImVuY29kZSIsImpwZyIsIi1xdWFsaXR5IDgwIl0sWyJwIiwidGh1bWIiLCI1OTB4NTkwXHUwMDNlIl1d?sha=91dd39d19ad8694d\" alt=\"\" \/><\/p>\n<div class=\"gallery-i-caption\"><\/div>\n<\/div>\n<div class=\"gallery-i\"><img src=\"https:\/\/assets.oxu.az\/uploads\/W1siZiIsIjIwMjAvMDIvMjEvMTEvMzMvMTUvMDY3MzE0ZTktMTMxNS00ZmZkLWIzOTEtZjkwN2Y5M2E2YTYxLzE1ODIyNjkxMDk1MjMwMzQwMDZfMTAwMHg2NjkuanBnIl0sWyJwIiwiZW5jb2RlIiwianBnIiwiLXF1YWxpdHkgODAiXSxbInAiLCJ0aHVtYiIsIjU5MHg1OTBcdTAwM2UiXV0?sha=d6ee98094dfa6f9a\" alt=\"\" \/><\/p>\n<div class=\"gallery-i-caption\"><\/div>\n<\/div>\n<div class=\"gallery-i\"><img src=\"https:\/\/assets.oxu.az\/uploads\/W1siZiIsIjIwMjAvMDIvMjEvMTEvMzMvMTUvNzY5NDNhN2QtOWU4OC00MThmLTk2ZTAtZjM1NzkzZTBjNjNlLzE1ODIyNjkxMDk2NDc0NTQ3MDUwXzEwMDB4NjY5LmpwZyJdLFsicCIsImVuY29kZSIsImpwZyIsIi1xdWFsaXR5IDgwIl0sWyJwIiwidGh1bWIiLCI1OTB4NTkwXHUwMDNlIl1d?sha=607914d9112955ac\" alt=\"\" \/><\/div>\n<div>AZ\u018fRTAC<\/div>\n<\/div>\n","protected":false},"excerpt":{"rendered":"<p>Fevral\u0131n 20-d\u0259 Romadak\u0131 Kuirinale Saray\u0131nda \u201c2020-ci il &#8211; \u0130taliyada Az\u0259rbaycan M\u0259d\u0259niyy\u0259t \u0130li\u201dnin a\u00e7\u0131l\u0131\u015f\u0131 m\u00fcnasib\u0259til\u0259 konsert proqram\u0131 t\u0259qdim olunub. ARANTV.AZ x\u0259b\u0259r verir ki, Az\u0259rbaycan Respublikas\u0131n\u0131n Prezidenti \u0130lham \u018fliyev, Birinci vitse-prezident Mehriban \u018fliyeva, \u0130taliya Respublikas\u0131n\u0131n Prezidenti Sercio Mattarella v\u0259 q\u0131z\u0131 Laura Mattarella konserti izl\u0259yibl\u0259r. Konsertd\u0259 Az\u0259rbaycan D\u00f6vl\u0259t Kamera Orkestri g\u00f6rk\u0259mli Az\u0259rbaycan v\u0259 \u0130taliya b\u0259st\u0259karlar\u0131n\u0131n \u0259s\u0259rl\u0259rini ifa edib. AZ\u018fRTAC<\/p>\n","protected":false},"author":2,"featured_media":132765,"comment_status":"closed","ping_status":"closed","sticky":false,"template":"","format":"standard","meta":{"om_disable_all_campaigns":false,"_monsterinsights_skip_tracking":false,"_monsterinsights_sitenote_active":false,"_monsterinsights_sitenote_note":"","_monsterinsights_sitenote_category":0},"categories":[4],"tags":[],"aioseo_notices":[],"gutentor_comment":0,"rttpg_featured_image_url":{"full":["https:\/\/arantv.az\/wp-content\/uploads\/2020\/02\/15822691094996729928_1000x669.jpg",620,412,false],"landscape":["https:\/\/arantv.az\/wp-content\/uploads\/2020\/02\/15822691094996729928_1000x669.jpg",620,412,false],"portraits":["https:\/\/arantv.az\/wp-content\/uploads\/2020\/02\/15822691094996729928_1000x669.jpg",620,412,false],"thumbnail":["https:\/\/arantv.az\/wp-content\/uploads\/2020\/02\/15822691094996729928_1000x669-150x150.jpg",150,150,true],"medium":["https:\/\/arantv.az\/wp-content\/uploads\/2020\/02\/15822691094996729928_1000x669-300x199.jpg",300,199,true],"large":["https:\/\/arantv.az\/wp-content\/uploads\/2020\/02\/15822691094996729928_1000x669.jpg",620,412,false],"1536x1536":["https:\/\/arantv.az\/wp-content\/uploads\/2020\/02\/15822691094996729928_1000x669.jpg",620,412,false],"2048x2048":["https:\/\/arantv.az\/wp-content\/uploads\/2020\/02\/15822691094996729928_1000x669.jpg",620,412,false],"post-thumbnail":["https:\/\/arantv.az\/wp-content\/uploads\/2020\/02\/15822691094996729928_1000x669-240x172.jpg",240,172,true],"advps-thumb-one":["https:\/\/arantv.az\/wp-content\/uploads\/2020\/02\/15822691094996729928_1000x669.jpg",620,412,false]},"rttpg_author":{"display_name":"V\u00fcsal Rafiqo\u011flu","author_link":"https:\/\/arantv.az\/?author=2"},"rttpg_comment":0,"rttpg_category":"<a href=\"https:\/\/arantv.az\/?cat=4\" rel=\"category\">Siyas\u0259t<\/a>","rttpg_excerpt":"Fevral\u0131n 20-d\u0259 Romadak\u0131 Kuirinale Saray\u0131nda \u201c2020-ci il &#8211; \u0130taliyada Az\u0259rbaycan M\u0259d\u0259niyy\u0259t \u0130li\u201dnin a\u00e7\u0131l\u0131\u015f\u0131 m\u00fcnasib\u0259til\u0259 konsert proqram\u0131 t\u0259qdim olunub. ARANTV.AZ x\u0259b\u0259r verir ki, Az\u0259rbaycan Respublikas\u0131n\u0131n Prezidenti \u0130lham \u018fliyev, Birinci vitse-prezident Mehriban \u018fliyeva, \u0130taliya Respublikas\u0131n\u0131n Prezidenti Sercio Mattarella v\u0259 q\u0131z\u0131 Laura Mattarella konserti izl\u0259yibl\u0259r. Konsertd\u0259 Az\u0259rbaycan D\u00f6vl\u0259t Kamera Orkestri g\u00f6rk\u0259mli Az\u0259rbaycan v\u0259 \u0130taliya b\u0259st\u0259karlar\u0131n\u0131n \u0259s\u0259rl\u0259rini ifa edib.&hellip;","_links":{"self":[{"href":"https:\/\/arantv.az\/index.php?rest_route=\/wp\/v2\/posts\/132764"}],"collection":[{"href":"https:\/\/arantv.az\/index.php?rest_route=\/wp\/v2\/posts"}],"about":[{"href":"https:\/\/arantv.az\/index.php?rest_route=\/wp\/v2\/types\/post"}],"author":[{"embeddable":true,"href":"https:\/\/arantv.az\/index.php?rest_route=\/wp\/v2\/users\/2"}],"replies":[{"embeddable":true,"href":"https:\/\/arantv.az\/index.php?rest_route=%2Fwp%2Fv2%2Fcomments&post=132764"}],"version-history":[{"count":0,"href":"https:\/\/arantv.az\/index.php?rest_route=\/wp\/v2\/posts\/132764\/revisions"}],"wp:featuredmedia":[{"embeddable":true,"href":"https:\/\/arantv.az\/index.php?rest_route=\/wp\/v2\/media\/132765"}],"wp:attachment":[{"href":"https:\/\/arantv.az\/index.php?rest_route=%2Fwp%2Fv2%2Fmedia&parent=132764"}],"wp:term":[{"taxonomy":"category","embeddable":true,"href":"https:\/\/arantv.az\/index.php?rest_route=%2Fwp%2Fv2%2Fcategories&post=132764"},{"taxonomy":"post_tag","embeddable":true,"href":"https:\/\/arantv.az\/index.php?rest_route=%2Fwp%2Fv2%2Ftags&post=132764"}],"curies":[{"name":"wp","href":"https:\/\/api.w.org\/{rel}","templated":true}]}}