{"id":13305,"date":"2018-09-14T09:22:45","date_gmt":"2018-09-14T06:22:45","guid":{"rendered":"http:\/\/arantv.az\/?p=13305"},"modified":"2018-09-14T09:22:45","modified_gmt":"2018-09-14T06:22:45","slug":"r%c9%99smi-baki-erm%c9%99nistanin-az%c9%99rbaycana-muharib%c9%99-elan-etm%c9%99si-onun-munaqis%c9%99-t%c9%99r%c9%99fi-oldugunu-aciq-s%c9%99kild%c9%99-gost%c9%99rir","status":"publish","type":"post","link":"https:\/\/arantv.az\/?p=13305","title":{"rendered":"R\u0259smi Bak\u0131: Erm\u0259nistan\u0131n Az\u0259rbaycana m\u00fcharib\u0259 elan etm\u0259si onun m\u00fcnaqi\u015f\u0259 t\u0259r\u0259fi oldu\u011funu a\u00e7\u0131q \u015f\u0259kild\u0259 g\u00f6st\u0259rir"},"content":{"rendered":"<blockquote><p><em><strong>Erm\u0259nistan\u0131n Az\u0259rbaycana m\u00fcharib\u0259 elan etm\u0259si onun m\u00fcnaqi\u015f\u0259 t\u0259r\u0259fi oldu\u011funu a\u00e7\u0131q \u015f\u0259kild\u0259 g\u00f6st\u0259rir.<\/strong><\/em><\/p><\/blockquote>\n<p><strong>ARANTV.AZ<\/strong> bildirir ki, bunu\u00a0 trend-in sor\u011fusuna cavab olaraq Az\u0259rbaycan Xarici \u0130\u015fl\u0259r Nazirliyinin (X\u0130N) M\u0259tbuat xidm\u0259tinin r\u0259hb\u0259ri Hikm\u0259t Hac\u0131yev bildirib.<\/p>\n<p>H.Hac\u0131yev qeyd edib ki, Erm\u0259nistan\u0131n ba\u015f naziri t\u0259r\u0259find\u0259n ziddiyy\u0259tli v\u0259 biri dig\u0259rini inkar ed\u0259n b\u0259yanatlar verilm\u0259kd\u0259dir:<\/p>\n<p>&#8220;&#8221;\u015eant 2018&#8243; h\u0259rbi t\u0259liml\u0259ri \u00e7\u0259r\u00e7iv\u0259sind\u0259 Erm\u0259nistan parlamentinin Az\u0259rbaycana m\u00fcharib\u0259 elan etm\u0259si v\u0259 bunu \u00f6lk\u0259nin parlamentinin r\u0259smi internet s\u0259hif\u0259sind\u0259 yerl\u0259\u015fdirm\u0259si Erm\u0259nistan\u0131n m\u00fcnaqi\u015f\u0259 t\u0259r\u0259fi olmas\u0131n\u0131n n\u00f6vb\u0259ti v\u0259 a\u00e7\u0131q g\u00f6st\u0259ricisidir&#8221;.<\/p>\n<p>O bildirib ki, Erm\u0259nistan r\u0259hb\u0259rliyi \u00f6z \u0259m\u0259ll\u0259ri il\u0259 Az\u0259rbaycan\u0131n i\u015f\u011fal olunmu\u015f \u0259razil\u0259rind\u0259 yarad\u0131lm\u0131\u015f qondarma rejimin dan\u0131\u015f\u0131qlarda i\u015ftirak\u0131 il\u0259 ba\u011fl\u0131 iddias\u0131n\u0131n c\u0259f\u0259ngiyyatdan ba\u015fqa bir \u015fey olmad\u0131\u011f\u0131n\u0131 s\u00fcbut edir.<\/p>\n","protected":false},"excerpt":{"rendered":"<p>Erm\u0259nistan\u0131n Az\u0259rbaycana m\u00fcharib\u0259 elan etm\u0259si onun m\u00fcnaqi\u015f\u0259 t\u0259r\u0259fi oldu\u011funu a\u00e7\u0131q \u015f\u0259kild\u0259 g\u00f6st\u0259rir. ARANTV.AZ bildirir ki, bunu\u00a0 trend-in sor\u011fusuna cavab olaraq Az\u0259rbaycan Xarici \u0130\u015fl\u0259r Nazirliyinin (X\u0130N) M\u0259tbuat xidm\u0259tinin r\u0259hb\u0259ri Hikm\u0259t Hac\u0131yev bildirib. H.Hac\u0131yev qeyd edib ki, Erm\u0259nistan\u0131n ba\u015f naziri t\u0259r\u0259find\u0259n ziddiyy\u0259tli v\u0259 biri dig\u0259rini inkar ed\u0259n b\u0259yanatlar verilm\u0259kd\u0259dir: &#8220;&#8221;\u015eant 2018&#8243; h\u0259rbi t\u0259liml\u0259ri \u00e7\u0259r\u00e7iv\u0259sind\u0259 Erm\u0259nistan parlamentinin Az\u0259rbaycana m\u00fcharib\u0259 elan etm\u0259si v\u0259 bunu \u00f6lk\u0259nin parlamentinin r\u0259smi internet s\u0259hif\u0259sind\u0259 yerl\u0259\u015fdirm\u0259si Erm\u0259nistan\u0131n m\u00fcnaqi\u015f\u0259 t\u0259r\u0259fi olmas\u0131n\u0131n n\u00f6vb\u0259ti v\u0259 a\u00e7\u0131q g\u00f6st\u0259ricisidir&#8221;. O bildirib ki, Erm\u0259nistan r\u0259hb\u0259rliyi \u00f6z \u0259m\u0259ll\u0259ri il\u0259 Az\u0259rbaycan\u0131n i\u015f\u011fal olunmu\u015f \u0259razil\u0259rind\u0259 yarad\u0131lm\u0131\u015f qondarma rejimin dan\u0131\u015f\u0131qlarda&hellip;<\/p>\n","protected":false},"author":2,"featured_media":13306,"comment_status":"closed","ping_status":"closed","sticky":false,"template":"","format":"standard","meta":{"om_disable_all_campaigns":false,"_monsterinsights_skip_tracking":false,"_monsterinsights_sitenote_active":false,"_monsterinsights_sitenote_note":"","_monsterinsights_sitenote_category":0},"categories":[4],"tags":[],"aioseo_notices":[],"gutentor_comment":0,"rttpg_featured_image_url":{"full":["https:\/\/arantv.az\/wp-content\/uploads\/2018\/09\/azerbaycan_xin_004-1.jpg",800,600,false],"landscape":["https:\/\/arantv.az\/wp-content\/uploads\/2018\/09\/azerbaycan_xin_004-1.jpg",800,600,false],"portraits":["https:\/\/arantv.az\/wp-content\/uploads\/2018\/09\/azerbaycan_xin_004-1.jpg",800,600,false],"thumbnail":["https:\/\/arantv.az\/wp-content\/uploads\/2018\/09\/azerbaycan_xin_004-1-150x150.jpg",150,150,true],"medium":["https:\/\/arantv.az\/wp-content\/uploads\/2018\/09\/azerbaycan_xin_004-1-300x225.jpg",300,225,true],"large":["https:\/\/arantv.az\/wp-content\/uploads\/2018\/09\/azerbaycan_xin_004-1.jpg",640,480,false],"1536x1536":["https:\/\/arantv.az\/wp-content\/uploads\/2018\/09\/azerbaycan_xin_004-1.jpg",800,600,false],"2048x2048":["https:\/\/arantv.az\/wp-content\/uploads\/2018\/09\/azerbaycan_xin_004-1.jpg",800,600,false],"post-thumbnail":["https:\/\/arantv.az\/wp-content\/uploads\/2018\/09\/azerbaycan_xin_004-1-240x172.jpg",240,172,true],"advps-thumb-one":["https:\/\/arantv.az\/wp-content\/uploads\/2018\/09\/azerbaycan_xin_004-1.jpg",800,600,false]},"rttpg_author":{"display_name":"V\u00fcsal Rafiqo\u011flu","author_link":"https:\/\/arantv.az\/?author=2"},"rttpg_comment":0,"rttpg_category":"<a href=\"https:\/\/arantv.az\/?cat=4\" rel=\"category\">Siyas\u0259t<\/a>","rttpg_excerpt":"Erm\u0259nistan\u0131n Az\u0259rbaycana m\u00fcharib\u0259 elan etm\u0259si onun m\u00fcnaqi\u015f\u0259 t\u0259r\u0259fi oldu\u011funu a\u00e7\u0131q \u015f\u0259kild\u0259 g\u00f6st\u0259rir. ARANTV.AZ bildirir ki, bunu\u00a0 trend-in sor\u011fusuna cavab olaraq Az\u0259rbaycan Xarici \u0130\u015fl\u0259r Nazirliyinin (X\u0130N) M\u0259tbuat xidm\u0259tinin r\u0259hb\u0259ri Hikm\u0259t Hac\u0131yev bildirib. H.Hac\u0131yev qeyd edib ki, Erm\u0259nistan\u0131n ba\u015f naziri t\u0259r\u0259find\u0259n ziddiyy\u0259tli v\u0259 biri dig\u0259rini inkar ed\u0259n b\u0259yanatlar verilm\u0259kd\u0259dir: &#8220;&#8221;\u015eant 2018&#8243; h\u0259rbi t\u0259liml\u0259ri \u00e7\u0259r\u00e7iv\u0259sind\u0259 Erm\u0259nistan parlamentinin Az\u0259rbaycana&hellip;","_links":{"self":[{"href":"https:\/\/arantv.az\/index.php?rest_route=\/wp\/v2\/posts\/13305"}],"collection":[{"href":"https:\/\/arantv.az\/index.php?rest_route=\/wp\/v2\/posts"}],"about":[{"href":"https:\/\/arantv.az\/index.php?rest_route=\/wp\/v2\/types\/post"}],"author":[{"embeddable":true,"href":"https:\/\/arantv.az\/index.php?rest_route=\/wp\/v2\/users\/2"}],"replies":[{"embeddable":true,"href":"https:\/\/arantv.az\/index.php?rest_route=%2Fwp%2Fv2%2Fcomments&post=13305"}],"version-history":[{"count":0,"href":"https:\/\/arantv.az\/index.php?rest_route=\/wp\/v2\/posts\/13305\/revisions"}],"wp:featuredmedia":[{"embeddable":true,"href":"https:\/\/arantv.az\/index.php?rest_route=\/wp\/v2\/media\/13306"}],"wp:attachment":[{"href":"https:\/\/arantv.az\/index.php?rest_route=%2Fwp%2Fv2%2Fmedia&parent=13305"}],"wp:term":[{"taxonomy":"category","embeddable":true,"href":"https:\/\/arantv.az\/index.php?rest_route=%2Fwp%2Fv2%2Fcategories&post=13305"},{"taxonomy":"post_tag","embeddable":true,"href":"https:\/\/arantv.az\/index.php?rest_route=%2Fwp%2Fv2%2Ftags&post=13305"}],"curies":[{"name":"wp","href":"https:\/\/api.w.org\/{rel}","templated":true}]}}