{"id":133111,"date":"2020-02-21T15:29:43","date_gmt":"2020-02-21T12:29:43","guid":{"rendered":"http:\/\/arantv.az\/?p=133111"},"modified":"2020-02-21T15:29:43","modified_gmt":"2020-02-21T12:29:43","slug":"ikinci-arvadi-olmaq-ist%c9%99m%c9%99y%c9%99n-qadinin-basini-%c9%99z%c9%99r%c9%99k-oldurdu","status":"publish","type":"post","link":"https:\/\/arantv.az\/?p=133111","title":{"rendered":"\u0130kinci arvad\u0131 olmaq ist\u0259m\u0259y\u0259n qad\u0131n\u0131n ba\u015f\u0131n\u0131 \u0259z\u0259r\u0259k \u00f6ld\u00fcrd\u00fc"},"content":{"rendered":"<p>T\u00fcrkiy\u0259nin Adana \u015f\u0259h\u0259ri \u0259razisind\u0259 d\u0259h\u015f\u0259tli q\u0259tl t\u00f6r\u0259dilib.<\/p>\n<p>Sabah.com-un m\u0259lumat\u0131na g\u00f6r\u0259, 23 ya\u015fl\u0131 q\u0131z bir ki\u015finin ikinci arvad\u0131 olma\u011fa raz\u0131l\u0131q verm\u0259diyi \u00fc\u00e7\u00fcn \u00f6ld\u00fcr\u00fcl\u00fcb.<\/p>\n<div id=\"AdviadNativeVideo0\" class=\"AdviadNativeVideo\"><\/div>\n<p>T\u00fcrkiy\u0259nin \u015eanl\u0131urfa \u015f\u0259h\u0259rind\u0259 ya\u015fayan Zeliha Arma\u011fana O.\u00c7-nin ikinci arvad\u0131 olmaq\u00a0t\u0259klif edilib. Bununla raz\u0131la\u015fmayan q\u0131z ata evind\u0259n qa\u00e7araq \u0130zmir\u0259 qohumlar\u0131n\u0131n yan\u0131na gedib. Bunu e\u015fid\u0259n O.\u00c7 qay\u0131natas\u0131 H.\u00c7 il\u0259 birlikd\u0259 \u0130zmir\u0259 yollan\u0131b. Qad\u0131n\u0131 raz\u0131 salma\u011fa \u00e7al\u0131\u015fan O.\u00c7 onu avtomobil\u0259 \u0259yl\u0259\u015fdirib. Yolboyu Z.Arma\u011fan\u0131 raz\u0131 sala bilm\u0259y\u0259n O.\u00c7 Adanan\u0131n Pozant\u0131 rayonunda avtomobili saxlay\u0131b. O,\u00a0Z.Arma\u011fan\u0131 u\u00e7urumdan a\u015fa\u011f\u0131 at\u0131b. Qad\u0131n\u0131n \u00f6lm\u0259diyini g\u00f6r\u0259n O.\u00c7. onun yan\u0131na gedib v\u0259 ba\u015f\u0131na da\u015fla z\u0259rb\u0259l\u0259r endir\u0259r\u0259k q\u0259tl\u0259 yetirib.<\/p>\n<p>T\u00fcrkiy\u0259 polisi faktla ba\u011fl\u0131 ara\u015fd\u0131rma ba\u015flay\u0131b. Suriyaya qa\u00e7maq ist\u0259y\u0259n O.\u00c7. saxlan\u0131l\u0131b.<\/p>\n<p><img src=\"https:\/\/assets.oxu.az\/uploads\/W1siZiIsIjIwMjAvMDIvMjEvMTYvMTUvMjkvZDJmODdjMDEtOTE4ZS00ZTJkLThlZmItZGVhZWM0MWJiNjZlL29vby5qcGciXSxbInAiLCJlbmNvZGUiLCJqcGciLCItcXVhbGl0eSA4MCJdLFsicCIsInRodW1iIiwiNTkweDU5MFx1MDAzZSJdXQ?sha=1b68fcf572e62003\" alt=\"\" \/><\/p>\n","protected":false},"excerpt":{"rendered":"<p>T\u00fcrkiy\u0259nin Adana \u015f\u0259h\u0259ri \u0259razisind\u0259 d\u0259h\u015f\u0259tli q\u0259tl t\u00f6r\u0259dilib. Sabah.com-un m\u0259lumat\u0131na g\u00f6r\u0259, 23 ya\u015fl\u0131 q\u0131z bir ki\u015finin ikinci arvad\u0131 olma\u011fa raz\u0131l\u0131q verm\u0259diyi \u00fc\u00e7\u00fcn \u00f6ld\u00fcr\u00fcl\u00fcb. T\u00fcrkiy\u0259nin \u015eanl\u0131urfa \u015f\u0259h\u0259rind\u0259 ya\u015fayan Zeliha Arma\u011fana O.\u00c7-nin ikinci arvad\u0131 olmaq\u00a0t\u0259klif edilib. Bununla raz\u0131la\u015fmayan q\u0131z ata evind\u0259n qa\u00e7araq \u0130zmir\u0259 qohumlar\u0131n\u0131n yan\u0131na gedib. Bunu e\u015fid\u0259n O.\u00c7 qay\u0131natas\u0131 H.\u00c7 il\u0259 birlikd\u0259 \u0130zmir\u0259 yollan\u0131b. Qad\u0131n\u0131 raz\u0131 salma\u011fa \u00e7al\u0131\u015fan O.\u00c7 onu avtomobil\u0259 \u0259yl\u0259\u015fdirib. Yolboyu Z.Arma\u011fan\u0131 raz\u0131 sala bilm\u0259y\u0259n O.\u00c7 Adanan\u0131n Pozant\u0131 rayonunda avtomobili saxlay\u0131b. O,\u00a0Z.Arma\u011fan\u0131 u\u00e7urumdan a\u015fa\u011f\u0131 at\u0131b. Qad\u0131n\u0131n \u00f6lm\u0259diyini g\u00f6r\u0259n O.\u00c7. onun yan\u0131na gedib v\u0259 ba\u015f\u0131na da\u015fla z\u0259rb\u0259l\u0259r endir\u0259r\u0259k q\u0259tl\u0259 yetirib. T\u00fcrkiy\u0259&hellip;<\/p>\n","protected":false},"author":2,"featured_media":133112,"comment_status":"closed","ping_status":"closed","sticky":false,"template":"","format":"standard","meta":{"om_disable_all_campaigns":false,"_monsterinsights_skip_tracking":false,"_monsterinsights_sitenote_active":false,"_monsterinsights_sitenote_note":"","_monsterinsights_sitenote_category":0},"categories":[7],"tags":[],"aioseo_notices":[],"gutentor_comment":0,"rttpg_featured_image_url":{"full":["https:\/\/arantv.az\/wp-content\/uploads\/2020\/02\/yeski.jpg",620,346,false],"landscape":["https:\/\/arantv.az\/wp-content\/uploads\/2020\/02\/yeski.jpg",620,346,false],"portraits":["https:\/\/arantv.az\/wp-content\/uploads\/2020\/02\/yeski.jpg",620,346,false],"thumbnail":["https:\/\/arantv.az\/wp-content\/uploads\/2020\/02\/yeski-150x150.jpg",150,150,true],"medium":["https:\/\/arantv.az\/wp-content\/uploads\/2020\/02\/yeski-300x167.jpg",300,167,true],"large":["https:\/\/arantv.az\/wp-content\/uploads\/2020\/02\/yeski.jpg",620,346,false],"1536x1536":["https:\/\/arantv.az\/wp-content\/uploads\/2020\/02\/yeski.jpg",620,346,false],"2048x2048":["https:\/\/arantv.az\/wp-content\/uploads\/2020\/02\/yeski.jpg",620,346,false],"post-thumbnail":["https:\/\/arantv.az\/wp-content\/uploads\/2020\/02\/yeski-240x172.jpg",240,172,true],"advps-thumb-one":["https:\/\/arantv.az\/wp-content\/uploads\/2020\/02\/yeski.jpg",620,346,false]},"rttpg_author":{"display_name":"V\u00fcsal Rafiqo\u011flu","author_link":"https:\/\/arantv.az\/?author=2"},"rttpg_comment":0,"rttpg_category":"<a href=\"https:\/\/arantv.az\/?cat=7\" rel=\"category\">D\u00fcnya<\/a>","rttpg_excerpt":"T\u00fcrkiy\u0259nin Adana \u015f\u0259h\u0259ri \u0259razisind\u0259 d\u0259h\u015f\u0259tli q\u0259tl t\u00f6r\u0259dilib. Sabah.com-un m\u0259lumat\u0131na g\u00f6r\u0259, 23 ya\u015fl\u0131 q\u0131z bir ki\u015finin ikinci arvad\u0131 olma\u011fa raz\u0131l\u0131q verm\u0259diyi \u00fc\u00e7\u00fcn \u00f6ld\u00fcr\u00fcl\u00fcb. T\u00fcrkiy\u0259nin \u015eanl\u0131urfa \u015f\u0259h\u0259rind\u0259 ya\u015fayan Zeliha Arma\u011fana O.\u00c7-nin ikinci arvad\u0131 olmaq\u00a0t\u0259klif edilib. Bununla raz\u0131la\u015fmayan q\u0131z ata evind\u0259n qa\u00e7araq \u0130zmir\u0259 qohumlar\u0131n\u0131n yan\u0131na gedib. Bunu e\u015fid\u0259n O.\u00c7 qay\u0131natas\u0131 H.\u00c7 il\u0259 birlikd\u0259 \u0130zmir\u0259 yollan\u0131b. Qad\u0131n\u0131 raz\u0131 salma\u011fa&hellip;","_links":{"self":[{"href":"https:\/\/arantv.az\/index.php?rest_route=\/wp\/v2\/posts\/133111"}],"collection":[{"href":"https:\/\/arantv.az\/index.php?rest_route=\/wp\/v2\/posts"}],"about":[{"href":"https:\/\/arantv.az\/index.php?rest_route=\/wp\/v2\/types\/post"}],"author":[{"embeddable":true,"href":"https:\/\/arantv.az\/index.php?rest_route=\/wp\/v2\/users\/2"}],"replies":[{"embeddable":true,"href":"https:\/\/arantv.az\/index.php?rest_route=%2Fwp%2Fv2%2Fcomments&post=133111"}],"version-history":[{"count":0,"href":"https:\/\/arantv.az\/index.php?rest_route=\/wp\/v2\/posts\/133111\/revisions"}],"wp:featuredmedia":[{"embeddable":true,"href":"https:\/\/arantv.az\/index.php?rest_route=\/wp\/v2\/media\/133112"}],"wp:attachment":[{"href":"https:\/\/arantv.az\/index.php?rest_route=%2Fwp%2Fv2%2Fmedia&parent=133111"}],"wp:term":[{"taxonomy":"category","embeddable":true,"href":"https:\/\/arantv.az\/index.php?rest_route=%2Fwp%2Fv2%2Fcategories&post=133111"},{"taxonomy":"post_tag","embeddable":true,"href":"https:\/\/arantv.az\/index.php?rest_route=%2Fwp%2Fv2%2Ftags&post=133111"}],"curies":[{"name":"wp","href":"https:\/\/api.w.org\/{rel}","templated":true}]}}