{"id":133115,"date":"2020-02-21T15:31:13","date_gmt":"2020-02-21T12:31:13","guid":{"rendered":"http:\/\/arantv.az\/?p=133115"},"modified":"2020-02-21T15:31:13","modified_gmt":"2020-02-21T12:31:13","slug":"elman-m%c9%99mm%c9%99dov-az%c9%99rbaycan-v%c9%99-italiya-arasinda-birg%c9%99-b%c9%99yannam%c9%99-ikit%c9%99r%c9%99fli-munasib%c9%99tl%c9%99rin-yeni-m%c9%99rh%c9%99l%c9%99y%c9%99-q%c9%99d%c9%99m-qoy","status":"publish","type":"post","link":"https:\/\/arantv.az\/?p=133115","title":{"rendered":"Elman M\u0259mm\u0259dov: &#8220;Az\u0259rbaycan v\u0259 \u0130taliya aras\u0131nda Birg\u0259 B\u0259yannam\u0259 ikit\u0259r\u0259fli m\u00fcnasib\u0259tl\u0259rin yeni m\u0259rh\u0259l\u0259y\u0259 q\u0259d\u0259m qoymas\u0131ndan x\u0259b\u0259r verir&#8221;"},"content":{"rendered":"<p><strong>Az\u0259rbaycan Prezidenti \u0130lham \u018fliyevin \u0130taliyaya d\u00f6vl\u0259t s\u0259f\u0259ri vacib v\u0259 olduqca \u0259h\u0259miyy\u0259tlidir.<\/strong><\/p>\n<p><strong>ARANTV.AZ\u00a0<\/strong> bildirir ki, bunu\u00a0<a href=\"http:\/\/az.trend.az\/\" target=\"_blank\" rel=\"noopener\">Trend<\/a>-\u0259\u00a0a\u00e7\u0131qlamas\u0131nda mill\u0259t v\u0259kili Elman M\u0259mm\u0259dov deyib.<\/p>\n<p>Onun s\u00f6zl\u0259rin\u0259 g\u00f6r\u0259, bu s\u0259f\u0259r iki \u00f6lk\u0259 aras\u0131nda normal olan m\u00fcnasib\u0259tl\u0259rin daha da inki\u015faf etm\u0259sin\u0259 t\u00f6hf\u0259 verir: &#8220;C\u0259nab Prezidentin italiyal\u0131 h\u0259mkar\u0131 t\u0259r\u0259find\u0259n \u0259n y\u00fcks\u0259k s\u0259viyy\u0259d\u0259 qar\u015f\u0131lanmas\u0131, d\u00f6vl\u0259t v\u0259 h\u00f6kum\u0259t r\u0259hb\u0259rl\u0259ri il\u0259 g\u00f6r\u00fc\u015fl\u0259ri iki \u00f6lk\u0259 aras\u0131ndak\u0131 m\u00fcnasib\u0259tl\u0259rin y\u00fcks\u0259k d\u0259r\u0259c\u0259d\u0259 olmas\u0131ndan x\u0259b\u0259r verir. Bu qar\u015f\u0131lanma \u0130taliyan\u0131n Az\u0259rbaycana olan m\u00fcnasib\u0259tini bir daha g\u00f6st\u0259rdi&#8221;.<\/p>\n<p>Mill\u0259t v\u0259kili bildirib ki, s\u0259f\u0259r \u00e7\u0259r\u00e7iv\u0259sind\u0259 c\u0259nab Prezidentin ke\u00e7irdiyi g\u00f6r\u00fc\u015fl\u0259r, \u0259ld\u0259 edil\u0259n raz\u0131l\u0131qlar da h\u0259m Az\u0259rbaycan, h\u0259m d\u0259 \u0130taliya \u00fc\u00e7\u00fcn olduqca \u0259h\u0259miyy\u0259tli v\u0259 vacibdir:<\/p>\n<p>&#8220;G\u00f6r\u00fc\u015fl\u0259rd\u0259 s\u0259sl\u0259ndiril\u0259n fikirl\u0259r, \u0259m\u0259kda\u015fl\u0131q m\u00fcnasib\u0259tl\u0259ri b\u00fct\u00fcn sah\u0259l\u0259ri \u0259hat\u0259 edirdi. Avropan\u0131n, x\u00fcsusil\u0259 d\u0259 \u0130taliyan\u0131n enerji t\u0259hl\u00fck\u0259sizliyi, n\u0259qliyyat m\u0259s\u0259l\u0259l\u0259ri v\u0259 \u0259n \u0259sas\u0131 Az\u0259rbaycan\u0131n Da\u011fl\u0131q Qaraba\u011f probleminin m\u00fczakir\u0259si \u0259n vacib m\u0259s\u0259l\u0259l\u0259rd\u0259ndir. G\u00f6r\u00fc\u015fl\u0259rd\u0259 Da\u011fl\u0131q Qaraba\u011f probleminin h\u0259l\u0259 d\u0259 h\u0259ll olunmamas\u0131, Erm\u0259nistan\u0131n bu m\u0259s\u0259l\u0259d\u0259 qeyri-konstruktiv m\u00f6vqe tutmas\u0131 il\u0259 ba\u011fl\u0131 m\u0259s\u0259l\u0259l\u0259r s\u0259sl\u0259ndirildi. G\u00f6r\u00fc\u015fd\u0259 \u0130taliyan\u0131n y\u00fcks\u0259k r\u00fctb\u0259li d\u00f6vl\u0259t m\u0259murlar\u0131 \u00e7\u0131x\u0131\u015flar\u0131nda bildirdil\u0259r ki, \u0130taliya Az\u0259rbaycan\u0131n \u0259razi b\u00fct\u00f6vl\u00fcy\u00fcn\u00fc d\u0259st\u0259kl\u0259yir v\u0259 Da\u011fl\u0131q Qaraba\u011f probleminin h\u0259llinin yubanmas\u0131ndan t\u0259\u0259ss\u00fcfl\u0259nirl\u0259r&#8221;.<\/p>\n<p>E.M\u0259mm\u0259dov qeyd edib ki, Az\u0259rbaycan v\u0259 \u0130taliya aras\u0131nda strateji t\u0259r\u0259fda\u015fl\u0131\u011f\u0131n inki\u015faf\u0131 v\u0259 g\u00fccl\u0259ndirilm\u0259si \u00fczr\u0259 Birg\u0259 B\u0259yannam\u0259nin imzalanmas\u0131 h\u0259r iki \u00f6lk\u0259 \u00fc\u00e7\u00fcn \u0259h\u0259miyy\u0259tlidir: &#8220;\u0130taliya il\u0259 Az\u0259rbaycan aras\u0131nda s\u0131x \u0259m\u0259kda\u015fl\u0131q m\u00f6vcuddur. Lakin bu s\u0259n\u0259d iki \u00f6lk\u0259 aras\u0131nda strateji t\u0259r\u0259fda\u015fl\u0131\u011f\u0131n g\u0259l\u0259c\u0259k istiqam\u0259tl\u0259rini m\u00fc\u0259yy\u0259n edir, ikit\u0259r\u0259fli m\u00fcnasib\u0259tl\u0259rin yeni m\u0259rh\u0259l\u0259y\u0259 q\u0259d\u0259m qoymas\u0131ndan x\u0259b\u0259r verir. Bu B\u0259yannam\u0259d\u0259 iki \u00f6lk\u0259nin beyn\u0259lxalq t\u0259\u015fkilatlar \u00e7\u0259r\u00e7iv\u0259sind\u0259 bir-birin\u0259 d\u0259st\u0259k g\u00f6st\u0259rm\u0259si haqq\u0131nda madd\u0259 var. S\u0259n\u0259d \u0130taliya v\u0259 Az\u0259rbaycan aras\u0131nda yax\u0131n dostluq v\u0259 m\u00fctt\u0259fiqliyin oldu\u011funu g\u00f6st\u0259rir&#8221;.<\/p>\n","protected":false},"excerpt":{"rendered":"<p>Az\u0259rbaycan Prezidenti \u0130lham \u018fliyevin \u0130taliyaya d\u00f6vl\u0259t s\u0259f\u0259ri vacib v\u0259 olduqca \u0259h\u0259miyy\u0259tlidir. ARANTV.AZ\u00a0 bildirir ki, bunu\u00a0Trend-\u0259\u00a0a\u00e7\u0131qlamas\u0131nda mill\u0259t v\u0259kili Elman M\u0259mm\u0259dov deyib. Onun s\u00f6zl\u0259rin\u0259 g\u00f6r\u0259, bu s\u0259f\u0259r iki \u00f6lk\u0259 aras\u0131nda normal olan m\u00fcnasib\u0259tl\u0259rin daha da inki\u015faf etm\u0259sin\u0259 t\u00f6hf\u0259 verir: &#8220;C\u0259nab Prezidentin italiyal\u0131 h\u0259mkar\u0131 t\u0259r\u0259find\u0259n \u0259n y\u00fcks\u0259k s\u0259viyy\u0259d\u0259 qar\u015f\u0131lanmas\u0131, d\u00f6vl\u0259t v\u0259 h\u00f6kum\u0259t r\u0259hb\u0259rl\u0259ri il\u0259 g\u00f6r\u00fc\u015fl\u0259ri iki \u00f6lk\u0259 aras\u0131ndak\u0131 m\u00fcnasib\u0259tl\u0259rin y\u00fcks\u0259k d\u0259r\u0259c\u0259d\u0259 olmas\u0131ndan x\u0259b\u0259r verir. Bu qar\u015f\u0131lanma \u0130taliyan\u0131n Az\u0259rbaycana olan m\u00fcnasib\u0259tini bir daha g\u00f6st\u0259rdi&#8221;. Mill\u0259t v\u0259kili bildirib ki, s\u0259f\u0259r \u00e7\u0259r\u00e7iv\u0259sind\u0259 c\u0259nab Prezidentin ke\u00e7irdiyi g\u00f6r\u00fc\u015fl\u0259r, \u0259ld\u0259 edil\u0259n raz\u0131l\u0131qlar da h\u0259m Az\u0259rbaycan, h\u0259m d\u0259 \u0130taliya \u00fc\u00e7\u00fcn&hellip;<\/p>\n","protected":false},"author":2,"featured_media":133116,"comment_status":"closed","ping_status":"closed","sticky":false,"template":"","format":"standard","meta":{"om_disable_all_campaigns":false,"_monsterinsights_skip_tracking":false,"_monsterinsights_sitenote_active":false,"_monsterinsights_sitenote_note":"","_monsterinsights_sitenote_category":0},"categories":[4],"tags":[],"aioseo_notices":[],"gutentor_comment":0,"rttpg_featured_image_url":{"full":["https:\/\/arantv.az\/wp-content\/uploads\/2020\/02\/827758.jpg",800,600,false],"landscape":["https:\/\/arantv.az\/wp-content\/uploads\/2020\/02\/827758.jpg",800,600,false],"portraits":["https:\/\/arantv.az\/wp-content\/uploads\/2020\/02\/827758.jpg",800,600,false],"thumbnail":["https:\/\/arantv.az\/wp-content\/uploads\/2020\/02\/827758-150x150.jpg",150,150,true],"medium":["https:\/\/arantv.az\/wp-content\/uploads\/2020\/02\/827758-300x225.jpg",300,225,true],"large":["https:\/\/arantv.az\/wp-content\/uploads\/2020\/02\/827758.jpg",640,480,false],"1536x1536":["https:\/\/arantv.az\/wp-content\/uploads\/2020\/02\/827758.jpg",800,600,false],"2048x2048":["https:\/\/arantv.az\/wp-content\/uploads\/2020\/02\/827758.jpg",800,600,false],"post-thumbnail":["https:\/\/arantv.az\/wp-content\/uploads\/2020\/02\/827758-240x172.jpg",240,172,true],"advps-thumb-one":["https:\/\/arantv.az\/wp-content\/uploads\/2020\/02\/827758.jpg",800,600,false]},"rttpg_author":{"display_name":"V\u00fcsal Rafiqo\u011flu","author_link":"https:\/\/arantv.az\/?author=2"},"rttpg_comment":0,"rttpg_category":"<a href=\"https:\/\/arantv.az\/?cat=4\" rel=\"category\">Siyas\u0259t<\/a>","rttpg_excerpt":"Az\u0259rbaycan Prezidenti \u0130lham \u018fliyevin \u0130taliyaya d\u00f6vl\u0259t s\u0259f\u0259ri vacib v\u0259 olduqca \u0259h\u0259miyy\u0259tlidir. ARANTV.AZ\u00a0 bildirir ki, bunu\u00a0Trend-\u0259\u00a0a\u00e7\u0131qlamas\u0131nda mill\u0259t v\u0259kili Elman M\u0259mm\u0259dov deyib. Onun s\u00f6zl\u0259rin\u0259 g\u00f6r\u0259, bu s\u0259f\u0259r iki \u00f6lk\u0259 aras\u0131nda normal olan m\u00fcnasib\u0259tl\u0259rin daha da inki\u015faf etm\u0259sin\u0259 t\u00f6hf\u0259 verir: &#8220;C\u0259nab Prezidentin italiyal\u0131 h\u0259mkar\u0131 t\u0259r\u0259find\u0259n \u0259n y\u00fcks\u0259k s\u0259viyy\u0259d\u0259 qar\u015f\u0131lanmas\u0131, d\u00f6vl\u0259t v\u0259 h\u00f6kum\u0259t r\u0259hb\u0259rl\u0259ri il\u0259 g\u00f6r\u00fc\u015fl\u0259ri iki \u00f6lk\u0259 aras\u0131ndak\u0131&hellip;","_links":{"self":[{"href":"https:\/\/arantv.az\/index.php?rest_route=\/wp\/v2\/posts\/133115"}],"collection":[{"href":"https:\/\/arantv.az\/index.php?rest_route=\/wp\/v2\/posts"}],"about":[{"href":"https:\/\/arantv.az\/index.php?rest_route=\/wp\/v2\/types\/post"}],"author":[{"embeddable":true,"href":"https:\/\/arantv.az\/index.php?rest_route=\/wp\/v2\/users\/2"}],"replies":[{"embeddable":true,"href":"https:\/\/arantv.az\/index.php?rest_route=%2Fwp%2Fv2%2Fcomments&post=133115"}],"version-history":[{"count":0,"href":"https:\/\/arantv.az\/index.php?rest_route=\/wp\/v2\/posts\/133115\/revisions"}],"wp:featuredmedia":[{"embeddable":true,"href":"https:\/\/arantv.az\/index.php?rest_route=\/wp\/v2\/media\/133116"}],"wp:attachment":[{"href":"https:\/\/arantv.az\/index.php?rest_route=%2Fwp%2Fv2%2Fmedia&parent=133115"}],"wp:term":[{"taxonomy":"category","embeddable":true,"href":"https:\/\/arantv.az\/index.php?rest_route=%2Fwp%2Fv2%2Fcategories&post=133115"},{"taxonomy":"post_tag","embeddable":true,"href":"https:\/\/arantv.az\/index.php?rest_route=%2Fwp%2Fv2%2Ftags&post=133115"}],"curies":[{"name":"wp","href":"https:\/\/api.w.org\/{rel}","templated":true}]}}