{"id":13317,"date":"2018-09-14T09:27:27","date_gmt":"2018-09-14T06:27:27","guid":{"rendered":"http:\/\/arantv.az\/?p=13317"},"modified":"2018-09-14T09:27:27","modified_gmt":"2018-09-14T06:27:27","slug":"novruz-m%c9%99mm%c9%99dov-qacqinkomla-bagli-q%c9%99rar-imzaladi","status":"publish","type":"post","link":"https:\/\/arantv.az\/?p=13317","title":{"rendered":"Novruz M\u0259mm\u0259dov &#8220;Qa\u00e7q\u0131nkom&#8221;la ba\u011fl\u0131 q\u0259rar imzalad\u0131"},"content":{"rendered":"<p>Qa\u00e7q\u0131nlar\u0131n v\u0259 M\u0259cburi K\u00f6\u00e7k\u00fcnl\u0259rin \u0130\u015fl\u0259ri \u00fczr\u0259 D\u00f6vl\u0259t Komit\u0259sinin strukturuna daxil olmayan tabeliyind\u0259ki qurumlar\u0131n siyah\u0131s\u0131na d\u0259yi\u015fiklik edilib.<\/p>\n<p><strong>ARANTV.AZ<\/strong> trend-\u0259 istinad\u0259n bildirir ki,\u00a0bu bar\u0259d\u0259 q\u0259rar\u0131 Ba\u015f nazir Novruz M\u0259mm\u0259dov imzalay\u0131b.<\/p>\n<div id=\"AdributorNativeVideo0\" class=\"AdributorNativeVideo\"><\/div>\n<p>D\u0259yi\u015fikliy\u0259 g\u00f6r\u0259, Qa\u00e7q\u0131nlar\u0131n v\u0259 M\u0259cburi K\u00f6\u00e7k\u00fcnl\u0259rin \u0130\u015fl\u0259ri \u00fczr\u0259 D\u00f6vl\u0259t Komit\u0259sinin strukturuna daxil olmayan tabeliyind\u0259ki qurumlar\u0131n siyah\u0131s\u0131na Qarada\u011f rayon L\u00f6kbatan M\u0259nzil-Kommunal \u0130stismar Sah\u0259si d\u0259 \u0259lav\u0259 olunub.<\/p>\n","protected":false},"excerpt":{"rendered":"<p>Qa\u00e7q\u0131nlar\u0131n v\u0259 M\u0259cburi K\u00f6\u00e7k\u00fcnl\u0259rin \u0130\u015fl\u0259ri \u00fczr\u0259 D\u00f6vl\u0259t Komit\u0259sinin strukturuna daxil olmayan tabeliyind\u0259ki qurumlar\u0131n siyah\u0131s\u0131na d\u0259yi\u015fiklik edilib. ARANTV.AZ trend-\u0259 istinad\u0259n bildirir ki,\u00a0bu bar\u0259d\u0259 q\u0259rar\u0131 Ba\u015f nazir Novruz M\u0259mm\u0259dov imzalay\u0131b. D\u0259yi\u015fikliy\u0259 g\u00f6r\u0259, Qa\u00e7q\u0131nlar\u0131n v\u0259 M\u0259cburi K\u00f6\u00e7k\u00fcnl\u0259rin \u0130\u015fl\u0259ri \u00fczr\u0259 D\u00f6vl\u0259t Komit\u0259sinin strukturuna daxil olmayan tabeliyind\u0259ki qurumlar\u0131n siyah\u0131s\u0131na Qarada\u011f rayon L\u00f6kbatan M\u0259nzil-Kommunal \u0130stismar Sah\u0259si d\u0259 \u0259lav\u0259 olunub.<\/p>\n","protected":false},"author":2,"featured_media":13318,"comment_status":"closed","ping_status":"closed","sticky":false,"template":"","format":"standard","meta":{"om_disable_all_campaigns":false,"_monsterinsights_skip_tracking":false,"_monsterinsights_sitenote_active":false,"_monsterinsights_sitenote_note":"","_monsterinsights_sitenote_category":0},"categories":[1],"tags":[],"aioseo_notices":[],"gutentor_comment":0,"rttpg_featured_image_url":{"full":["https:\/\/arantv.az\/wp-content\/uploads\/2018\/09\/685286.jpg",800,600,false],"landscape":["https:\/\/arantv.az\/wp-content\/uploads\/2018\/09\/685286.jpg",800,600,false],"portraits":["https:\/\/arantv.az\/wp-content\/uploads\/2018\/09\/685286.jpg",800,600,false],"thumbnail":["https:\/\/arantv.az\/wp-content\/uploads\/2018\/09\/685286-150x150.jpg",150,150,true],"medium":["https:\/\/arantv.az\/wp-content\/uploads\/2018\/09\/685286-300x225.jpg",300,225,true],"large":["https:\/\/arantv.az\/wp-content\/uploads\/2018\/09\/685286.jpg",640,480,false],"1536x1536":["https:\/\/arantv.az\/wp-content\/uploads\/2018\/09\/685286.jpg",800,600,false],"2048x2048":["https:\/\/arantv.az\/wp-content\/uploads\/2018\/09\/685286.jpg",800,600,false],"post-thumbnail":["https:\/\/arantv.az\/wp-content\/uploads\/2018\/09\/685286-240x172.jpg",240,172,true],"advps-thumb-one":["https:\/\/arantv.az\/wp-content\/uploads\/2018\/09\/685286.jpg",800,600,false]},"rttpg_author":{"display_name":"V\u00fcsal Rafiqo\u011flu","author_link":"https:\/\/arantv.az\/?author=2"},"rttpg_comment":0,"rttpg_category":"<a href=\"https:\/\/arantv.az\/?cat=1\" rel=\"category\">C\u0259miyy\u0259t<\/a>","rttpg_excerpt":"Qa\u00e7q\u0131nlar\u0131n v\u0259 M\u0259cburi K\u00f6\u00e7k\u00fcnl\u0259rin \u0130\u015fl\u0259ri \u00fczr\u0259 D\u00f6vl\u0259t Komit\u0259sinin strukturuna daxil olmayan tabeliyind\u0259ki qurumlar\u0131n siyah\u0131s\u0131na d\u0259yi\u015fiklik edilib. ARANTV.AZ trend-\u0259 istinad\u0259n bildirir ki,\u00a0bu bar\u0259d\u0259 q\u0259rar\u0131 Ba\u015f nazir Novruz M\u0259mm\u0259dov imzalay\u0131b. D\u0259yi\u015fikliy\u0259 g\u00f6r\u0259, Qa\u00e7q\u0131nlar\u0131n v\u0259 M\u0259cburi K\u00f6\u00e7k\u00fcnl\u0259rin \u0130\u015fl\u0259ri \u00fczr\u0259 D\u00f6vl\u0259t Komit\u0259sinin strukturuna daxil olmayan tabeliyind\u0259ki qurumlar\u0131n siyah\u0131s\u0131na Qarada\u011f rayon L\u00f6kbatan M\u0259nzil-Kommunal \u0130stismar Sah\u0259si d\u0259 \u0259lav\u0259 olunub.","_links":{"self":[{"href":"https:\/\/arantv.az\/index.php?rest_route=\/wp\/v2\/posts\/13317"}],"collection":[{"href":"https:\/\/arantv.az\/index.php?rest_route=\/wp\/v2\/posts"}],"about":[{"href":"https:\/\/arantv.az\/index.php?rest_route=\/wp\/v2\/types\/post"}],"author":[{"embeddable":true,"href":"https:\/\/arantv.az\/index.php?rest_route=\/wp\/v2\/users\/2"}],"replies":[{"embeddable":true,"href":"https:\/\/arantv.az\/index.php?rest_route=%2Fwp%2Fv2%2Fcomments&post=13317"}],"version-history":[{"count":0,"href":"https:\/\/arantv.az\/index.php?rest_route=\/wp\/v2\/posts\/13317\/revisions"}],"wp:featuredmedia":[{"embeddable":true,"href":"https:\/\/arantv.az\/index.php?rest_route=\/wp\/v2\/media\/13318"}],"wp:attachment":[{"href":"https:\/\/arantv.az\/index.php?rest_route=%2Fwp%2Fv2%2Fmedia&parent=13317"}],"wp:term":[{"taxonomy":"category","embeddable":true,"href":"https:\/\/arantv.az\/index.php?rest_route=%2Fwp%2Fv2%2Fcategories&post=13317"},{"taxonomy":"post_tag","embeddable":true,"href":"https:\/\/arantv.az\/index.php?rest_route=%2Fwp%2Fv2%2Ftags&post=13317"}],"curies":[{"name":"wp","href":"https:\/\/api.w.org\/{rel}","templated":true}]}}