{"id":133185,"date":"2020-02-21T16:41:46","date_gmt":"2020-02-21T13:41:46","guid":{"rendered":"http:\/\/arantv.az\/?p=133185"},"modified":"2020-02-21T16:41:46","modified_gmt":"2020-02-21T13:41:46","slug":"bu-dair%c9%99-uzr%c9%99-secki-n%c9%99tic%c9%99l%c9%99rinin-l%c9%99gvini-t%c9%99l%c9%99b-ed%c9%99n-namiz%c9%99din-muraci%c9%99ti-bar%c9%99d%c9%99-q%c9%99rar-verildi","status":"publish","type":"post","link":"https:\/\/arantv.az\/?p=133185","title":{"rendered":"Bu dair\u0259 \u00fczr\u0259 se\u00e7ki n\u0259tic\u0259l\u0259rinin l\u0259\u011fvini t\u0259l\u0259b ed\u0259n namiz\u0259din m\u00fcraci\u0259ti bar\u0259d\u0259 q\u0259rar verildi"},"content":{"rendered":"<p>M\u0259rk\u0259zi Se\u00e7ki Komissiyas\u0131n\u0131n (MSK) iclas\u0131nda Milli M\u0259clis\u0259 se\u00e7kil\u0259rl\u0259 \u0259laq\u0259dar 32 sayl\u0131 Suraxan\u0131 \u00dc\u00e7\u00fcnc\u00fc Se\u00e7ki Dair\u0259si \u00fczr\u0259 namiz\u0259d El\u00e7in Bax\u0131\u015fovun m\u00fcraci\u0259ti m\u00fczakir\u0259y\u0259 \u00e7\u0131xar\u0131l\u0131b.<\/p>\n<p><b>ARANTV.AZ<\/b>-\u0131n x\u0259b\u0259rin\u0259 g\u00f6r\u0259, MSK \u00fczv\u00fc \u0130lham M\u0259mm\u0259dov bildirib ki, namiz\u0259d \u015fikay\u0259tind\u0259 h\u0259min se\u00e7ki dair\u0259sinin n\u0259tic\u0259l\u0259rinin l\u0259\u011fvini t\u0259l\u0259b edib.<\/p>\n<p>MSK \u00fczv\u00fc bildirib ki, iddiada qeyd olunanlar \u00f6z t\u0259sdiqini tapmay\u0131b.<\/p>\n<div id=\"AdviadNativeVideo0\" class=\"AdviadNativeVideo\"><\/div>\n<p>MSK q\u0259rara al\u0131b ki, namiz\u0259din \u015fikay\u0259ti t\u0259min edilm\u0259sin.<\/p>\n<p>Qeyd ed\u0259k ki, ad\u0131\u00e7\u0259kil\u0259n dair\u0259nin lider namiz\u0259di Af\u0259t H\u0259s\u0259novad\u0131r.\u00a0Oxu.Az<\/p>\n","protected":false},"excerpt":{"rendered":"<p>M\u0259rk\u0259zi Se\u00e7ki Komissiyas\u0131n\u0131n (MSK) iclas\u0131nda Milli M\u0259clis\u0259 se\u00e7kil\u0259rl\u0259 \u0259laq\u0259dar 32 sayl\u0131 Suraxan\u0131 \u00dc\u00e7\u00fcnc\u00fc Se\u00e7ki Dair\u0259si \u00fczr\u0259 namiz\u0259d El\u00e7in Bax\u0131\u015fovun m\u00fcraci\u0259ti m\u00fczakir\u0259y\u0259 \u00e7\u0131xar\u0131l\u0131b. ARANTV.AZ-\u0131n x\u0259b\u0259rin\u0259 g\u00f6r\u0259, MSK \u00fczv\u00fc \u0130lham M\u0259mm\u0259dov bildirib ki, namiz\u0259d \u015fikay\u0259tind\u0259 h\u0259min se\u00e7ki dair\u0259sinin n\u0259tic\u0259l\u0259rinin l\u0259\u011fvini t\u0259l\u0259b edib. MSK \u00fczv\u00fc bildirib ki, iddiada qeyd olunanlar \u00f6z t\u0259sdiqini tapmay\u0131b. MSK q\u0259rara al\u0131b ki, namiz\u0259din \u015fikay\u0259ti t\u0259min edilm\u0259sin. Qeyd ed\u0259k ki, ad\u0131\u00e7\u0259kil\u0259n dair\u0259nin lider namiz\u0259di Af\u0259t H\u0259s\u0259novad\u0131r.\u00a0Oxu.Az<\/p>\n","protected":false},"author":2,"featured_media":133186,"comment_status":"closed","ping_status":"closed","sticky":false,"template":"","format":"standard","meta":{"om_disable_all_campaigns":false,"_monsterinsights_skip_tracking":false,"_monsterinsights_sitenote_active":false,"_monsterinsights_sitenote_note":"","_monsterinsights_sitenote_category":0},"categories":[4],"tags":[],"aioseo_notices":[],"gutentor_comment":0,"rttpg_featured_image_url":{"full":["https:\/\/arantv.az\/wp-content\/uploads\/2020\/02\/ROM0939-1.jpg",620,413,false],"landscape":["https:\/\/arantv.az\/wp-content\/uploads\/2020\/02\/ROM0939-1.jpg",620,413,false],"portraits":["https:\/\/arantv.az\/wp-content\/uploads\/2020\/02\/ROM0939-1.jpg",620,413,false],"thumbnail":["https:\/\/arantv.az\/wp-content\/uploads\/2020\/02\/ROM0939-1-150x150.jpg",150,150,true],"medium":["https:\/\/arantv.az\/wp-content\/uploads\/2020\/02\/ROM0939-1-300x200.jpg",300,200,true],"large":["https:\/\/arantv.az\/wp-content\/uploads\/2020\/02\/ROM0939-1.jpg",620,413,false],"1536x1536":["https:\/\/arantv.az\/wp-content\/uploads\/2020\/02\/ROM0939-1.jpg",620,413,false],"2048x2048":["https:\/\/arantv.az\/wp-content\/uploads\/2020\/02\/ROM0939-1.jpg",620,413,false],"post-thumbnail":["https:\/\/arantv.az\/wp-content\/uploads\/2020\/02\/ROM0939-1-240x172.jpg",240,172,true],"advps-thumb-one":["https:\/\/arantv.az\/wp-content\/uploads\/2020\/02\/ROM0939-1.jpg",620,413,false]},"rttpg_author":{"display_name":"V\u00fcsal Rafiqo\u011flu","author_link":"https:\/\/arantv.az\/?author=2"},"rttpg_comment":0,"rttpg_category":"<a href=\"https:\/\/arantv.az\/?cat=4\" rel=\"category\">Siyas\u0259t<\/a>","rttpg_excerpt":"M\u0259rk\u0259zi Se\u00e7ki Komissiyas\u0131n\u0131n (MSK) iclas\u0131nda Milli M\u0259clis\u0259 se\u00e7kil\u0259rl\u0259 \u0259laq\u0259dar 32 sayl\u0131 Suraxan\u0131 \u00dc\u00e7\u00fcnc\u00fc Se\u00e7ki Dair\u0259si \u00fczr\u0259 namiz\u0259d El\u00e7in Bax\u0131\u015fovun m\u00fcraci\u0259ti m\u00fczakir\u0259y\u0259 \u00e7\u0131xar\u0131l\u0131b. ARANTV.AZ-\u0131n x\u0259b\u0259rin\u0259 g\u00f6r\u0259, MSK \u00fczv\u00fc \u0130lham M\u0259mm\u0259dov bildirib ki, namiz\u0259d \u015fikay\u0259tind\u0259 h\u0259min se\u00e7ki dair\u0259sinin n\u0259tic\u0259l\u0259rinin l\u0259\u011fvini t\u0259l\u0259b edib. MSK \u00fczv\u00fc bildirib ki, iddiada qeyd olunanlar \u00f6z t\u0259sdiqini tapmay\u0131b. MSK q\u0259rara al\u0131b ki, namiz\u0259din&hellip;","_links":{"self":[{"href":"https:\/\/arantv.az\/index.php?rest_route=\/wp\/v2\/posts\/133185"}],"collection":[{"href":"https:\/\/arantv.az\/index.php?rest_route=\/wp\/v2\/posts"}],"about":[{"href":"https:\/\/arantv.az\/index.php?rest_route=\/wp\/v2\/types\/post"}],"author":[{"embeddable":true,"href":"https:\/\/arantv.az\/index.php?rest_route=\/wp\/v2\/users\/2"}],"replies":[{"embeddable":true,"href":"https:\/\/arantv.az\/index.php?rest_route=%2Fwp%2Fv2%2Fcomments&post=133185"}],"version-history":[{"count":0,"href":"https:\/\/arantv.az\/index.php?rest_route=\/wp\/v2\/posts\/133185\/revisions"}],"wp:featuredmedia":[{"embeddable":true,"href":"https:\/\/arantv.az\/index.php?rest_route=\/wp\/v2\/media\/133186"}],"wp:attachment":[{"href":"https:\/\/arantv.az\/index.php?rest_route=%2Fwp%2Fv2%2Fmedia&parent=133185"}],"wp:term":[{"taxonomy":"category","embeddable":true,"href":"https:\/\/arantv.az\/index.php?rest_route=%2Fwp%2Fv2%2Fcategories&post=133185"},{"taxonomy":"post_tag","embeddable":true,"href":"https:\/\/arantv.az\/index.php?rest_route=%2Fwp%2Fv2%2Ftags&post=133185"}],"curies":[{"name":"wp","href":"https:\/\/api.w.org\/{rel}","templated":true}]}}