{"id":13320,"date":"2018-09-14T09:28:44","date_gmt":"2018-09-14T06:28:44","guid":{"rendered":"http:\/\/arantv.az\/?p=13320"},"modified":"2018-09-14T09:28:44","modified_gmt":"2018-09-14T06:28:44","slug":"agentlikd%c9%99n-piran-hamarat-yolunun-dagilmasina-cavab","status":"publish","type":"post","link":"https:\/\/arantv.az\/?p=13320","title":{"rendered":"Agentlikd\u0259n Piran-Hamarat yolunun da\u011f\u0131lmas\u0131na &#8211; Cavab"},"content":{"rendered":"<p><strong>\u00d6t\u0259n g\u00fcn d\u0259 bel\u0259 bir &#8220;yol m\u00fch\u0259ndisi&#8221; video yay\u0131b ki, guya yenic\u0259 t\u0259mir edilmi\u015f Lerik rayonunun Piran-Hamarat yolunda b\u00fcdc\u0259 talan\u0131r, asfalt\u0131 d\u00fczg\u00fcn vurmay\u0131blar, yol da\u011f\u0131l\u0131r. Bu fikird\u0259 olanlara bildirm\u0259k ist\u0259yir\u0259m ki, h\u0259min yolda t\u0259mir-tikinti i\u015fl\u0259ri h\u0259l\u0259 bitm\u0259yib, i\u015fl\u0259r davam edir, yola m\u00fcv\u0259qq\u0259ti orta x\u0259tt \u00e7\u0259kilib.<\/strong><\/p>\n<p><strong>ARANTV.AZ\u00a0<\/strong> x\u0259b\u0259r verir ki, s\u00f6zl\u0259ri Az\u0259rbaycan Avtomobil Yollar\u0131 D\u00f6vl\u0259t Agentliyinin m\u0259tbuat katibi Anar N\u0259c\u0259fli nam\u0259lum sosial \u015f\u0259b\u0259k\u0259l\u0259rd\u0259 payla\u015f\u0131lan Piran-Hamarat yolunun da\u011f\u0131ld\u0131\u011f\u0131n\u0131 g\u00f6st\u0259r\u0259n g\u00f6r\u00fcnt\u00fcl\u0259r\u0259 ayd\u0131nl\u0131q g\u0259tir\u0259rk\u0259n deyib.<\/p>\n<p>A.N\u0259c\u0259flinin s\u00f6zl\u0259rin\u0259 g\u00f6r\u0259, kadrlarda g\u00f6st\u0259ril\u0259n asfalt \u00f6rt\u00fcy\u00fcn ilk lay\u0131d\u0131r. Haz\u0131rda yol boyu 2-ci lay asfalt\u0131n d\u00f6\u015f\u0259nm\u0259si i\u015fl\u0259ri apar\u0131l\u0131r v\u0259 bu i\u015fl\u0259r yekunla\u015fmaq \u00fczr\u0259dir:<\/p>\n<p>\u201cYolun bir ne\u00e7\u0259 \u0259razisind\u0259 yolun k\u0259narlar\u0131nda m\u00fc\u0259yy\u0259n probleml\u0259r yaran\u0131b v\u0259 h\u0259min \u0259razil\u0259r yenid\u0259n d\u00fcz\u0259ldilib. Bu da tikinti zaman\u0131 normal hal hesab olunur. 2-ci lay &#8211; hamarlay\u0131c\u0131 lay\u0131n d\u00f6\u015f\u0259nm\u0259si il\u0259 g\u00f6st\u0259ril\u0259n &#8220;problem&#8221; tam olaraq aradan qald\u0131r\u0131lm\u0131\u015f olacaq.<\/p>\n<p>Kadrlardan da g\u00f6r\u00fcnd\u00fcy\u00fc kimi yolun k\u0259narlar\u0131(\u00e7iyin hiss\u0259l\u0259r) tam haz\u0131r deyil. 2-ci lay asfalt \u00f6rt\u00fck d\u00f6\u015f\u0259n\u0259nd\u0259n sonra yolun k\u0259narlar\u0131 b\u0259rkidil\u0259c\u0259k\u201d.<\/p>\n<p>Agentliyin m\u0259tbuat katibi bildirib ki, yol tikintisi h\u0259r k\u0259sin g\u00f6z\u00fc \u00f6n\u00fcnd\u0259dir v\u0259 n\u0259yis\u0259 d\u00fczg\u00fcn etm\u0259m\u0259k, gizl\u0259tm\u0259k qeyri-m\u00fcmk\u00fcnd\u00fcr:<\/p>\n<p>\u201c\u00d6z\u00fcn\u00fc h\u0259r \u015feyd\u0259n ba\u015f\u0131 \u00e7\u0131xan kimi g\u00f6st\u0259rm\u0259k \u00fc\u00e7\u00fcn n\u0259s\u0259 \u00e7\u0259kib payla\u015fmadan \u00f6nc\u0259, h\u0259min payla\u015f\u0131mdan da \u00f6z\u00fcn\u0259 reytinq \u00e7\u0131xarmaq \u00fc\u00e7\u00fcn x\u0259b\u0259r haz\u0131rlamaqdan \u00f6nc\u0259 he\u00e7 olmasa m\u0259s\u0259l\u0259nin n\u0259 yerd\u0259 oldu\u011funu z\u0259ng edib d\u0259qiql\u0259\u015fdirin. M\u0259n\u0259 z\u0259ng etm\u0259k ist\u0259mirsiniz, \u0259n az\u0131ndan ba\u015f\u0131 \u00e7\u0131xan birind\u0259n soru\u015fun\u201d.axar.az<\/p>\n","protected":false},"excerpt":{"rendered":"<p>\u00d6t\u0259n g\u00fcn d\u0259 bel\u0259 bir &#8220;yol m\u00fch\u0259ndisi&#8221; video yay\u0131b ki, guya yenic\u0259 t\u0259mir edilmi\u015f Lerik rayonunun Piran-Hamarat yolunda b\u00fcdc\u0259 talan\u0131r, asfalt\u0131 d\u00fczg\u00fcn vurmay\u0131blar, yol da\u011f\u0131l\u0131r. Bu fikird\u0259 olanlara bildirm\u0259k ist\u0259yir\u0259m ki, h\u0259min yolda t\u0259mir-tikinti i\u015fl\u0259ri h\u0259l\u0259 bitm\u0259yib, i\u015fl\u0259r davam edir, yola m\u00fcv\u0259qq\u0259ti orta x\u0259tt \u00e7\u0259kilib. ARANTV.AZ\u00a0 x\u0259b\u0259r verir ki, s\u00f6zl\u0259ri Az\u0259rbaycan Avtomobil Yollar\u0131 D\u00f6vl\u0259t Agentliyinin m\u0259tbuat katibi Anar N\u0259c\u0259fli nam\u0259lum sosial \u015f\u0259b\u0259k\u0259l\u0259rd\u0259 payla\u015f\u0131lan Piran-Hamarat yolunun da\u011f\u0131ld\u0131\u011f\u0131n\u0131 g\u00f6st\u0259r\u0259n g\u00f6r\u00fcnt\u00fcl\u0259r\u0259 ayd\u0131nl\u0131q g\u0259tir\u0259rk\u0259n deyib. A.N\u0259c\u0259flinin s\u00f6zl\u0259rin\u0259 g\u00f6r\u0259, kadrlarda g\u00f6st\u0259ril\u0259n asfalt \u00f6rt\u00fcy\u00fcn ilk lay\u0131d\u0131r. Haz\u0131rda yol boyu 2-ci lay asfalt\u0131n d\u00f6\u015f\u0259nm\u0259si i\u015fl\u0259ri apar\u0131l\u0131r v\u0259&hellip;<\/p>\n","protected":false},"author":2,"featured_media":13321,"comment_status":"closed","ping_status":"closed","sticky":false,"template":"","format":"standard","meta":{"om_disable_all_campaigns":false,"_monsterinsights_skip_tracking":false,"_monsterinsights_sitenote_active":false,"_monsterinsights_sitenote_note":"","_monsterinsights_sitenote_category":0},"categories":[1],"tags":[],"aioseo_notices":[],"gutentor_comment":0,"rttpg_featured_image_url":{"full":["https:\/\/arantv.az\/wp-content\/uploads\/2018\/09\/anar-necefli.jpg",640,390,false],"landscape":["https:\/\/arantv.az\/wp-content\/uploads\/2018\/09\/anar-necefli.jpg",640,390,false],"portraits":["https:\/\/arantv.az\/wp-content\/uploads\/2018\/09\/anar-necefli.jpg",640,390,false],"thumbnail":["https:\/\/arantv.az\/wp-content\/uploads\/2018\/09\/anar-necefli-150x150.jpg",150,150,true],"medium":["https:\/\/arantv.az\/wp-content\/uploads\/2018\/09\/anar-necefli-300x183.jpg",300,183,true],"large":["https:\/\/arantv.az\/wp-content\/uploads\/2018\/09\/anar-necefli.jpg",640,390,false],"1536x1536":["https:\/\/arantv.az\/wp-content\/uploads\/2018\/09\/anar-necefli.jpg",640,390,false],"2048x2048":["https:\/\/arantv.az\/wp-content\/uploads\/2018\/09\/anar-necefli.jpg",640,390,false],"post-thumbnail":["https:\/\/arantv.az\/wp-content\/uploads\/2018\/09\/anar-necefli-240x172.jpg",240,172,true],"advps-thumb-one":["https:\/\/arantv.az\/wp-content\/uploads\/2018\/09\/anar-necefli.jpg",640,390,false]},"rttpg_author":{"display_name":"V\u00fcsal Rafiqo\u011flu","author_link":"https:\/\/arantv.az\/?author=2"},"rttpg_comment":0,"rttpg_category":"<a href=\"https:\/\/arantv.az\/?cat=1\" rel=\"category\">C\u0259miyy\u0259t<\/a>","rttpg_excerpt":"\u00d6t\u0259n g\u00fcn d\u0259 bel\u0259 bir &#8220;yol m\u00fch\u0259ndisi&#8221; video yay\u0131b ki, guya yenic\u0259 t\u0259mir edilmi\u015f Lerik rayonunun Piran-Hamarat yolunda b\u00fcdc\u0259 talan\u0131r, asfalt\u0131 d\u00fczg\u00fcn vurmay\u0131blar, yol da\u011f\u0131l\u0131r. Bu fikird\u0259 olanlara bildirm\u0259k ist\u0259yir\u0259m ki, h\u0259min yolda t\u0259mir-tikinti i\u015fl\u0259ri h\u0259l\u0259 bitm\u0259yib, i\u015fl\u0259r davam edir, yola m\u00fcv\u0259qq\u0259ti orta x\u0259tt \u00e7\u0259kilib. ARANTV.AZ\u00a0 x\u0259b\u0259r verir ki, s\u00f6zl\u0259ri Az\u0259rbaycan Avtomobil Yollar\u0131 D\u00f6vl\u0259t Agentliyinin&hellip;","_links":{"self":[{"href":"https:\/\/arantv.az\/index.php?rest_route=\/wp\/v2\/posts\/13320"}],"collection":[{"href":"https:\/\/arantv.az\/index.php?rest_route=\/wp\/v2\/posts"}],"about":[{"href":"https:\/\/arantv.az\/index.php?rest_route=\/wp\/v2\/types\/post"}],"author":[{"embeddable":true,"href":"https:\/\/arantv.az\/index.php?rest_route=\/wp\/v2\/users\/2"}],"replies":[{"embeddable":true,"href":"https:\/\/arantv.az\/index.php?rest_route=%2Fwp%2Fv2%2Fcomments&post=13320"}],"version-history":[{"count":0,"href":"https:\/\/arantv.az\/index.php?rest_route=\/wp\/v2\/posts\/13320\/revisions"}],"wp:featuredmedia":[{"embeddable":true,"href":"https:\/\/arantv.az\/index.php?rest_route=\/wp\/v2\/media\/13321"}],"wp:attachment":[{"href":"https:\/\/arantv.az\/index.php?rest_route=%2Fwp%2Fv2%2Fmedia&parent=13320"}],"wp:term":[{"taxonomy":"category","embeddable":true,"href":"https:\/\/arantv.az\/index.php?rest_route=%2Fwp%2Fv2%2Fcategories&post=13320"},{"taxonomy":"post_tag","embeddable":true,"href":"https:\/\/arantv.az\/index.php?rest_route=%2Fwp%2Fv2%2Ftags&post=13320"}],"curies":[{"name":"wp","href":"https:\/\/api.w.org\/{rel}","templated":true}]}}