{"id":133537,"date":"2020-02-22T12:44:05","date_gmt":"2020-02-22T09:44:05","guid":{"rendered":"http:\/\/arantv.az\/?p=133537"},"modified":"2020-02-22T12:44:05","modified_gmt":"2020-02-22T09:44:05","slug":"pasinyan-dagliq-qarabaga-g%c9%99ldi-qondarma-rejiml%c9%99-birg%c9%99-iclas","status":"publish","type":"post","link":"https:\/\/arantv.az\/?p=133537","title":{"rendered":"Pa\u015finyan Da\u011fl\u0131q Qaraba\u011fa g\u0259ldi: Qondarma rejiml\u0259 birg\u0259 iclas"},"content":{"rendered":"<p>Erm\u0259nistan\u0131n Ba\u015f naziri Nikol Pa\u015finyan Az\u0259rbaycan\u0131n i\u015f\u011fal alt\u0131nda olan Da\u011fl\u0131q Qaraba\u011f b\u00f6lg\u0259sin\u0259 g\u0259lib.<\/p>\n<p>Bu bar\u0259d\u0259 qondarma \u201cDa\u011fl\u0131q Qaraba\u011f Respublikas\u0131\u201d r\u0259hb\u0259rinin\u00a0m\u0259tbuat xidm\u0259ti m\u0259lumat yay\u0131b.<\/p>\n<div id=\"AdviadNativeVideo0\" class=\"AdviadNativeVideo\"><\/div>\n<p>Pa\u015finyan Az\u0259rbaycan\u0131n i\u015f\u011fal edilmi\u015f Xank\u0259ndi \u015f\u0259h\u0259rind\u0259 qondarma rejimin r\u0259hb\u0259ri Bako Saakyanla Erm\u0259nistan v\u0259 qondarma rejimin T\u0259hl\u00fck\u0259sizlik \u015euralar\u0131n\u0131n birg\u0259 iclas\u0131nda i\u015ftirak edib.<\/p>\n<p>\u0130clasda beyn\u0259lxalq siyasi prosesl\u0259r, Silahl\u0131 Q\u00fcvv\u0259l\u0259rin g\u00fccl\u0259ndirilm\u0259si m\u0259s\u0259l\u0259l\u0259ri m\u00fczakir\u0259 edilib.<\/p>\n<p>Qeyd ed\u0259k ki, Erm\u0259nistanda 2018-ci ilin mart\u0131nda ba\u015f vermi\u015f hakimiyy\u0259t d\u0259yi\u015fikliyind\u0259n sonra art\u0131q \u00fc\u00e7\u00fcnc\u00fc d\u0259f\u0259dir ki, Erm\u0259nistan v\u0259 qondarma rejimin T\u0259hl\u00fck\u0259sizlik \u015euralar\u0131n\u0131n birg\u0259 iclas\u0131\u00a0ke\u00e7irilir.<\/p>\n","protected":false},"excerpt":{"rendered":"<p>Erm\u0259nistan\u0131n Ba\u015f naziri Nikol Pa\u015finyan Az\u0259rbaycan\u0131n i\u015f\u011fal alt\u0131nda olan Da\u011fl\u0131q Qaraba\u011f b\u00f6lg\u0259sin\u0259 g\u0259lib. Bu bar\u0259d\u0259 qondarma \u201cDa\u011fl\u0131q Qaraba\u011f Respublikas\u0131\u201d r\u0259hb\u0259rinin\u00a0m\u0259tbuat xidm\u0259ti m\u0259lumat yay\u0131b. Pa\u015finyan Az\u0259rbaycan\u0131n i\u015f\u011fal edilmi\u015f Xank\u0259ndi \u015f\u0259h\u0259rind\u0259 qondarma rejimin r\u0259hb\u0259ri Bako Saakyanla Erm\u0259nistan v\u0259 qondarma rejimin T\u0259hl\u00fck\u0259sizlik \u015euralar\u0131n\u0131n birg\u0259 iclas\u0131nda i\u015ftirak edib. \u0130clasda beyn\u0259lxalq siyasi prosesl\u0259r, Silahl\u0131 Q\u00fcvv\u0259l\u0259rin g\u00fccl\u0259ndirilm\u0259si m\u0259s\u0259l\u0259l\u0259ri m\u00fczakir\u0259 edilib. Qeyd ed\u0259k ki, Erm\u0259nistanda 2018-ci ilin mart\u0131nda ba\u015f vermi\u015f hakimiyy\u0259t d\u0259yi\u015fikliyind\u0259n sonra art\u0131q \u00fc\u00e7\u00fcnc\u00fc d\u0259f\u0259dir ki, Erm\u0259nistan v\u0259 qondarma rejimin T\u0259hl\u00fck\u0259sizlik \u015euralar\u0131n\u0131n birg\u0259 iclas\u0131\u00a0ke\u00e7irilir.<\/p>\n","protected":false},"author":2,"featured_media":133538,"comment_status":"closed","ping_status":"closed","sticky":false,"template":"","format":"standard","meta":{"om_disable_all_campaigns":false,"_monsterinsights_skip_tracking":false,"_monsterinsights_sitenote_active":false,"_monsterinsights_sitenote_note":"","_monsterinsights_sitenote_category":0},"categories":[7],"tags":[],"aioseo_notices":[],"gutentor_comment":0,"rttpg_featured_image_url":{"full":["https:\/\/arantv.az\/wp-content\/uploads\/2020\/02\/pasi.jpg",620,384,false],"landscape":["https:\/\/arantv.az\/wp-content\/uploads\/2020\/02\/pasi.jpg",620,384,false],"portraits":["https:\/\/arantv.az\/wp-content\/uploads\/2020\/02\/pasi.jpg",620,384,false],"thumbnail":["https:\/\/arantv.az\/wp-content\/uploads\/2020\/02\/pasi-150x150.jpg",150,150,true],"medium":["https:\/\/arantv.az\/wp-content\/uploads\/2020\/02\/pasi-300x186.jpg",300,186,true],"large":["https:\/\/arantv.az\/wp-content\/uploads\/2020\/02\/pasi.jpg",620,384,false],"1536x1536":["https:\/\/arantv.az\/wp-content\/uploads\/2020\/02\/pasi.jpg",620,384,false],"2048x2048":["https:\/\/arantv.az\/wp-content\/uploads\/2020\/02\/pasi.jpg",620,384,false],"post-thumbnail":["https:\/\/arantv.az\/wp-content\/uploads\/2020\/02\/pasi-240x172.jpg",240,172,true],"advps-thumb-one":["https:\/\/arantv.az\/wp-content\/uploads\/2020\/02\/pasi.jpg",620,384,false]},"rttpg_author":{"display_name":"V\u00fcsal Rafiqo\u011flu","author_link":"https:\/\/arantv.az\/?author=2"},"rttpg_comment":0,"rttpg_category":"<a href=\"https:\/\/arantv.az\/?cat=7\" rel=\"category\">D\u00fcnya<\/a>","rttpg_excerpt":"Erm\u0259nistan\u0131n Ba\u015f naziri Nikol Pa\u015finyan Az\u0259rbaycan\u0131n i\u015f\u011fal alt\u0131nda olan Da\u011fl\u0131q Qaraba\u011f b\u00f6lg\u0259sin\u0259 g\u0259lib. Bu bar\u0259d\u0259 qondarma \u201cDa\u011fl\u0131q Qaraba\u011f Respublikas\u0131\u201d r\u0259hb\u0259rinin\u00a0m\u0259tbuat xidm\u0259ti m\u0259lumat yay\u0131b. Pa\u015finyan Az\u0259rbaycan\u0131n i\u015f\u011fal edilmi\u015f Xank\u0259ndi \u015f\u0259h\u0259rind\u0259 qondarma rejimin r\u0259hb\u0259ri Bako Saakyanla Erm\u0259nistan v\u0259 qondarma rejimin T\u0259hl\u00fck\u0259sizlik \u015euralar\u0131n\u0131n birg\u0259 iclas\u0131nda i\u015ftirak edib. \u0130clasda beyn\u0259lxalq siyasi prosesl\u0259r, Silahl\u0131 Q\u00fcvv\u0259l\u0259rin g\u00fccl\u0259ndirilm\u0259si m\u0259s\u0259l\u0259l\u0259ri m\u00fczakir\u0259 edilib. Qeyd&hellip;","_links":{"self":[{"href":"https:\/\/arantv.az\/index.php?rest_route=\/wp\/v2\/posts\/133537"}],"collection":[{"href":"https:\/\/arantv.az\/index.php?rest_route=\/wp\/v2\/posts"}],"about":[{"href":"https:\/\/arantv.az\/index.php?rest_route=\/wp\/v2\/types\/post"}],"author":[{"embeddable":true,"href":"https:\/\/arantv.az\/index.php?rest_route=\/wp\/v2\/users\/2"}],"replies":[{"embeddable":true,"href":"https:\/\/arantv.az\/index.php?rest_route=%2Fwp%2Fv2%2Fcomments&post=133537"}],"version-history":[{"count":0,"href":"https:\/\/arantv.az\/index.php?rest_route=\/wp\/v2\/posts\/133537\/revisions"}],"wp:featuredmedia":[{"embeddable":true,"href":"https:\/\/arantv.az\/index.php?rest_route=\/wp\/v2\/media\/133538"}],"wp:attachment":[{"href":"https:\/\/arantv.az\/index.php?rest_route=%2Fwp%2Fv2%2Fmedia&parent=133537"}],"wp:term":[{"taxonomy":"category","embeddable":true,"href":"https:\/\/arantv.az\/index.php?rest_route=%2Fwp%2Fv2%2Fcategories&post=133537"},{"taxonomy":"post_tag","embeddable":true,"href":"https:\/\/arantv.az\/index.php?rest_route=%2Fwp%2Fv2%2Ftags&post=133537"}],"curies":[{"name":"wp","href":"https:\/\/api.w.org\/{rel}","templated":true}]}}