{"id":133549,"date":"2020-02-22T12:46:41","date_gmt":"2020-02-22T09:46:41","guid":{"rendered":"http:\/\/arantv.az\/?p=133549"},"modified":"2020-02-22T12:46:41","modified_gmt":"2020-02-22T09:46:41","slug":"arzu-nagiyev-az%c9%99rbaycanin-boyuk-yeddilik-uzvu-olan-italiya-il%c9%99-bel%c9%99-bir-vacib-s%c9%99n%c9%99d-imzalamasi-olduqca-muhum-%c9%99h%c9%99miyy%c9%99t-dasiyir","status":"publish","type":"post","link":"https:\/\/arantv.az\/?p=133549","title":{"rendered":"Arzu Na\u011f\u0131yev: &#8220;Az\u0259rbaycan\u0131n \u201cB\u00f6y\u00fck Yeddilik\u201d \u00fczv\u00fc olan \u0130taliya il\u0259 bel\u0259 bir vacib s\u0259n\u0259d imzalamas\u0131 olduqca m\u00fch\u00fcm \u0259h\u0259miyy\u0259t da\u015f\u0131y\u0131r&#8221;"},"content":{"rendered":"<p>&#8220;Az\u0259rbaycan Prezidenti \u0130lham \u018fliyevin \u0130taliyaya s\u0259f\u0259ri iki \u00f6lk\u0259 aras\u0131nda \u0259m\u0259kda\u015fl\u0131\u011f\u0131n m\u00f6hk\u0259ml\u0259ndirilm\u0259si v\u0259 inki\u015faf etdirilm\u0259si bax\u0131m\u0131ndan \u00e7ox b\u00f6y\u00fck \u0259h\u0259miyy\u0259t\u0259 malikdir&#8221;.<\/p>\n<p><strong>ARANTV.AZ<\/strong> x\u0259b\u0259r verir ki, bunu\u00a0<a href=\"https:\/\/az.trend.az\/\" target=\"_blank\" rel=\"noopener\">Trend<\/a>-\u0259 a\u00e7\u0131qlamas\u0131nda politoloq Arzu Na\u011f\u0131yev deyib.<\/p>\n<p>A.Na\u011f\u0131yev bildirib ki, d\u00f6vl\u0259t ba\u015f\u00e7\u0131s\u0131n\u0131n s\u0259f\u0259ri \u00e7\u0259r\u00e7iv\u0259sind\u0259 \u0259n m\u00fch\u00fcm m\u0259s\u0259l\u0259l\u0259rd\u0259n biri iki \u00f6lk\u0259 aras\u0131nda imzalanan &#8220;\u00c7ox\u00f6l\u00e7\u00fcl\u00fc Strateji T\u0259r\u0259fda\u015fl\u0131\u011f\u0131n g\u00fccl\u0259ndirilm\u0259sin\u0259 dair Birg\u0259 B\u0259yannam\u0259&#8221; oldu:<\/p>\n<p>&#8220;Bu s\u0259n\u0259din c\u0259nab Prezident \u0130lham \u018fliyev v\u0259 Ba\u015f Nazir C\u00fczeppe Konte t\u0259r\u0259find\u0259n imzalanmas\u0131 s\u0259n\u0259din siyasi v\u0259 iqtisadi \u0259h\u0259miyy\u0259tini daha da art\u0131r\u0131r. S\u0259n\u0259dd\u0259 \u00e7ox m\u00fch\u00fcm m\u0259s\u0259l\u0259l\u0259r \u00f6z \u0259ksini tap\u0131b. Birincisi, Birg\u0259 B\u0259yannam\u0259 Az\u0259rbaycan il\u0259 \u0130taliya aras\u0131nda \u0259m\u0259kda\u015fl\u0131\u011f\u0131n yeni bir s\u0259viyy\u0259y\u0259 qald\u0131r\u0131lmas\u0131n\u0131 \u00f6z\u00fcnd\u0259 ehtiva edir. Az\u0259rbaycan\u0131n &#8220;B\u00f6y\u00fck Yeddilik&#8221; \u00fczv\u00fc olan \u0130taliya il\u0259 bel\u0259 bir vacib s\u0259n\u0259d imzalamas\u0131 olduqca m\u00fch\u00fcm \u0259h\u0259miyy\u0259t da\u015f\u0131y\u0131r. S\u0259n\u0259dd\u0259 \u0259ksini tapm\u0131\u015f dig\u0259r \u00e7ox vacib m\u0259qam ondan ibar\u0259tdir ki, t\u0259r\u0259fl\u0259r bir-birinin m\u00fcst\u0259qilliyi, \u0259razi b\u00fct\u00f6vl\u00fcy\u00fc, suverenliyi, beyn\u0259lxalq s\u0259viyy\u0259d\u0259 tan\u0131nm\u0131\u015f s\u0259rh\u0259dl\u0259rin\u0259 d\u0259st\u0259k ifad\u0259 edirl\u0259r.<\/p>\n<p>Burada \u0259n vacib m\u0259s\u0259l\u0259l\u0259rd\u0259n biri d\u0259 t\u0259bii ki, Erm\u0259nistan-Az\u0259rbaycan Da\u011fl\u0131q Qaraba\u011f m\u00fcnaqi\u015f\u0259si il\u0259 ba\u011fl\u0131d\u0131r. S\u0259n\u0259dd\u0259 Erm\u0259nistan-Az\u0259rbaycan Da\u011fl\u0131q Qaraba\u011f m\u00fcnaqi\u015f\u0259sinin Helsinki Yekun Akt\u0131n\u0131n t\u0259m\u0259l prinsipl\u0259ri, x\u00fcsusil\u0259 suverenlik, \u0259razi b\u00fct\u00f6vl\u00fcy\u00fc v\u0259 beyn\u0259lxalq s\u0259rh\u0259dl\u0259rin toxunulmazl\u0131\u011f\u0131 \u0259sas\u0131nda, BMT v\u0259 AT\u018fT-in m\u00fcvafiq s\u0259n\u0259d v\u0259 q\u0259rarlar\u0131nda t\u0259sbit olundu\u011fu kimi, habel\u0259 AT\u018fT-in himay\u0259si alt\u0131nda apar\u0131lan dan\u0131\u015f\u0131qlar prosesi \u00e7\u0259r\u00e7iv\u0259sind\u0259 s\u00fclh yolu il\u0259 nizamlanmas\u0131n\u0131n birm\u0259nal\u0131 \u015f\u0259kild\u0259 d\u0259st\u0259kl\u0259nm\u0259si \u00e7ox m\u00fch\u00fcm \u0259h\u0259miyy\u0259t k\u0259sb edir. S\u0259n\u0259dd\u0259 Az\u0259rbaycan\u0131n haql\u0131 m\u00f6vqeyi tam d\u0259st\u0259kl\u0259nir&#8221;.<\/p>\n<p>Politoloq vur\u011fulay\u0131b ki, bu g\u00fcn \u0130taliyan\u0131n Az\u0259rbaycan\u0131 \u00f6z strateji t\u0259r\u0259fda\u015f\u0131 kimi d\u0259st\u0259kl\u0259m\u0259si \u00e7ox m\u00fch\u00fcm m\u0259s\u0259l\u0259dir:<\/p>\n<p>&#8220;Dey\u0259rdim ki, Avropada Az\u0259rbaycan\u0131 d\u0259st\u0259kl\u0259y\u0259n \u00f6lk\u0259l\u0259rin i\u00e7\u0259risind\u0259 birincisi m\u0259hz \u0130taliyad\u0131r. G\u00f6r\u00fcnd\u00fcy\u00fc kimi, Birg\u0259 B\u0259yannam\u0259d\u0259 siyasi, m\u00fcdafi\u0259 t\u0259hl\u00fck\u0259sizlik m\u0259s\u0259l\u0259l\u0259ri, ticar\u0259t v\u0259 enerji, m\u00fcxt\u0259lif investisiyalar\u0131n qoyulu\u015fu, n\u0259qliyyat v\u0259 dig\u0259r m\u0259s\u0259l\u0259l\u0259r \u00f6z \u0259ksini tap\u0131b v\u0259 Az\u0259rbaycan strateji t\u0259r\u0259fda\u015f kimi q\u0259bul edilir.<\/p>\n<p>M\u0259lumdur ki, bu prosesd\u0259n \u00f6nc\u0259 M\u00fcnxen T\u0259hl\u00fck\u0259sizlik Konfrans\u0131nda c\u0259nab Prezident \u00e7\u0131x\u0131\u015f etmi\u015fdi. C\u0259nab Prezident Da\u011fl\u0131q Qaraba\u011f m\u00fcnaqi\u015f\u0259sind\u0259 Erm\u0259nistan\u0131n i\u015f\u011fal\u00e7\u0131 v\u0259 Az\u0259rbaycan\u0131n is\u0259 i\u015f\u011fala m\u0259ruz qalan \u00f6lk\u0259 oldu\u011funu geni\u015f auditoriyaya \u00e7atd\u0131rd\u0131qdan sonra Avropa \u0130ttifaq\u0131n\u0131n \u0259n m\u00fch\u00fcm d\u00f6vl\u0259tl\u0259rind\u0259n biri olan \u0130taliyan\u0131n birba\u015fa bunu d\u0259st\u0259kl\u0259m\u0259si x\u00fcsusi \u0259h\u0259miyy\u0259t k\u0259sb edir&#8221;.<\/p>\n<p>A.Na\u011f\u0131yev diqq\u0259t\u0259 \u00e7atd\u0131r\u0131b ki, Birg\u0259 B\u0259yannam\u0259d\u0259 iqtisadi m\u0259s\u0259l\u0259l\u0259r\u0259 d\u0259 geni\u015f yer ayr\u0131l\u0131r:<\/p>\n<p>&#8220;Bu g\u00fcn Az\u0259rbaycan Avropaya enerji t\u0259hdidl\u0259rinin qar\u015f\u0131s\u0131n\u0131 alan \u0259n m\u00fch\u00fcm d\u00f6vl\u0259tl\u0259rd\u0259n biridir. Burada \u0130taliyan\u0131n da \u00f6z pay\u0131 var. Bu bax\u0131mdan burada TAP boru k\u0259m\u0259rini d\u0259 misal g\u0259tirm\u0259k olar. C\u0259nub Qaz D\u0259hlizinin Avropa hiss\u0259sini t\u0259\u015fkil ed\u0259n v\u0259 878 km uzunlu\u011fa malik TAP boru k\u0259m\u0259ri Yunan\u0131stan, Albaniya v\u0259 Adriatik d\u0259nizinin alt\u0131ndan ke\u00e7\u0259r\u0259k, m\u0259hz \u0130taliyan\u0131n c\u0259nubunda bitir. Bu bax\u0131mdan Birg\u0259 B\u0259yannam\u0259 C\u0259nub Qaz D\u0259hlizinin tam \u015f\u0259kild\u0259 f\u0259aliyy\u0259t g\u00f6st\u0259rm\u0259si, Az\u0259rbaycan qaz\u0131n\u0131n Avropa n\u0259qlin\u0259 imkan yaradacaq bir s\u0259n\u0259ddir&#8221;.<\/p>\n<p>Politoloq \u0259lav\u0259 edib ki, Birg\u0259 B\u0259yannam\u0259d\u0259 \u0259ksini tapm\u0131\u015f m\u0259qamlardan biri d\u0259 t\u0259hl\u00fck\u0259sizlik m\u0259s\u0259l\u0259sidir:<\/p>\n<p>&#8220;M\u0259lumdur ki, \u0130taliya NATO-nun \u00fczv\u00fcd\u00fcr v\u0259 \u00f6z silahl\u0131 q\u00fcvv\u0259l\u0259rinin f\u0259aliyy\u0259tini NATO standartlar\u0131na uy\u011fun qurur. Az\u0259rbaycan da NATO-nun s\u00fclhm\u0259raml\u0131 \u0259m\u0259liyyatlar\u0131n\u0131n daimi i\u015ftirak\u00e7\u0131s\u0131d\u0131r, eyni zamanda \u00f6lk\u0259 anti-terror \u0259m\u0259liyyatlar\u0131nda f\u0259al i\u015ftirak edir. D\u00fc\u015f\u00fcn\u00fcr\u0259m ki, bu Birg\u0259 B\u0259yannam\u0259d\u0259n sonra Az\u0259rbaycan Ordusunun yeni texnika il\u0259 t\u0259chiz olunmas\u0131nda \u0130taliyan\u0131n rolu olacaq v\u0259 bu istiqam\u0259td\u0259 m\u00fcvafiq s\u0259n\u0259dl\u0259rin imzalanmas\u0131 g\u00f6zl\u0259nil\u0259ndir&#8221;.<\/p>\n","protected":false},"excerpt":{"rendered":"<p>&#8220;Az\u0259rbaycan Prezidenti \u0130lham \u018fliyevin \u0130taliyaya s\u0259f\u0259ri iki \u00f6lk\u0259 aras\u0131nda \u0259m\u0259kda\u015fl\u0131\u011f\u0131n m\u00f6hk\u0259ml\u0259ndirilm\u0259si v\u0259 inki\u015faf etdirilm\u0259si bax\u0131m\u0131ndan \u00e7ox b\u00f6y\u00fck \u0259h\u0259miyy\u0259t\u0259 malikdir&#8221;. ARANTV.AZ x\u0259b\u0259r verir ki, bunu\u00a0Trend-\u0259 a\u00e7\u0131qlamas\u0131nda politoloq Arzu Na\u011f\u0131yev deyib. A.Na\u011f\u0131yev bildirib ki, d\u00f6vl\u0259t ba\u015f\u00e7\u0131s\u0131n\u0131n s\u0259f\u0259ri \u00e7\u0259r\u00e7iv\u0259sind\u0259 \u0259n m\u00fch\u00fcm m\u0259s\u0259l\u0259l\u0259rd\u0259n biri iki \u00f6lk\u0259 aras\u0131nda imzalanan &#8220;\u00c7ox\u00f6l\u00e7\u00fcl\u00fc Strateji T\u0259r\u0259fda\u015fl\u0131\u011f\u0131n g\u00fccl\u0259ndirilm\u0259sin\u0259 dair Birg\u0259 B\u0259yannam\u0259&#8221; oldu: &#8220;Bu s\u0259n\u0259din c\u0259nab Prezident \u0130lham \u018fliyev v\u0259 Ba\u015f Nazir C\u00fczeppe Konte t\u0259r\u0259find\u0259n imzalanmas\u0131 s\u0259n\u0259din siyasi v\u0259 iqtisadi \u0259h\u0259miyy\u0259tini daha da art\u0131r\u0131r. S\u0259n\u0259dd\u0259 \u00e7ox m\u00fch\u00fcm m\u0259s\u0259l\u0259l\u0259r \u00f6z \u0259ksini tap\u0131b. Birincisi, Birg\u0259 B\u0259yannam\u0259 Az\u0259rbaycan il\u0259 \u0130taliya aras\u0131nda \u0259m\u0259kda\u015fl\u0131\u011f\u0131n yeni bir&hellip;<\/p>\n","protected":false},"author":2,"featured_media":133550,"comment_status":"closed","ping_status":"closed","sticky":false,"template":"","format":"standard","meta":{"om_disable_all_campaigns":false,"_monsterinsights_skip_tracking":false,"_monsterinsights_sitenote_active":false,"_monsterinsights_sitenote_note":"","_monsterinsights_sitenote_category":0},"categories":[4],"tags":[],"aioseo_notices":[],"gutentor_comment":0,"rttpg_featured_image_url":{"full":["https:\/\/arantv.az\/wp-content\/uploads\/2020\/02\/828030.jpg",800,600,false],"landscape":["https:\/\/arantv.az\/wp-content\/uploads\/2020\/02\/828030.jpg",800,600,false],"portraits":["https:\/\/arantv.az\/wp-content\/uploads\/2020\/02\/828030.jpg",800,600,false],"thumbnail":["https:\/\/arantv.az\/wp-content\/uploads\/2020\/02\/828030-150x150.jpg",150,150,true],"medium":["https:\/\/arantv.az\/wp-content\/uploads\/2020\/02\/828030-300x225.jpg",300,225,true],"large":["https:\/\/arantv.az\/wp-content\/uploads\/2020\/02\/828030.jpg",640,480,false],"1536x1536":["https:\/\/arantv.az\/wp-content\/uploads\/2020\/02\/828030.jpg",800,600,false],"2048x2048":["https:\/\/arantv.az\/wp-content\/uploads\/2020\/02\/828030.jpg",800,600,false],"post-thumbnail":["https:\/\/arantv.az\/wp-content\/uploads\/2020\/02\/828030-240x172.jpg",240,172,true],"advps-thumb-one":["https:\/\/arantv.az\/wp-content\/uploads\/2020\/02\/828030.jpg",800,600,false]},"rttpg_author":{"display_name":"V\u00fcsal Rafiqo\u011flu","author_link":"https:\/\/arantv.az\/?author=2"},"rttpg_comment":0,"rttpg_category":"<a href=\"https:\/\/arantv.az\/?cat=4\" rel=\"category\">Siyas\u0259t<\/a>","rttpg_excerpt":"&#8220;Az\u0259rbaycan Prezidenti \u0130lham \u018fliyevin \u0130taliyaya s\u0259f\u0259ri iki \u00f6lk\u0259 aras\u0131nda \u0259m\u0259kda\u015fl\u0131\u011f\u0131n m\u00f6hk\u0259ml\u0259ndirilm\u0259si v\u0259 inki\u015faf etdirilm\u0259si bax\u0131m\u0131ndan \u00e7ox b\u00f6y\u00fck \u0259h\u0259miyy\u0259t\u0259 malikdir&#8221;. ARANTV.AZ x\u0259b\u0259r verir ki, bunu\u00a0Trend-\u0259 a\u00e7\u0131qlamas\u0131nda politoloq Arzu Na\u011f\u0131yev deyib. A.Na\u011f\u0131yev bildirib ki, d\u00f6vl\u0259t ba\u015f\u00e7\u0131s\u0131n\u0131n s\u0259f\u0259ri \u00e7\u0259r\u00e7iv\u0259sind\u0259 \u0259n m\u00fch\u00fcm m\u0259s\u0259l\u0259l\u0259rd\u0259n biri iki \u00f6lk\u0259 aras\u0131nda imzalanan &#8220;\u00c7ox\u00f6l\u00e7\u00fcl\u00fc Strateji T\u0259r\u0259fda\u015fl\u0131\u011f\u0131n g\u00fccl\u0259ndirilm\u0259sin\u0259 dair Birg\u0259 B\u0259yannam\u0259&#8221; oldu: &#8220;Bu s\u0259n\u0259din c\u0259nab&hellip;","_links":{"self":[{"href":"https:\/\/arantv.az\/index.php?rest_route=\/wp\/v2\/posts\/133549"}],"collection":[{"href":"https:\/\/arantv.az\/index.php?rest_route=\/wp\/v2\/posts"}],"about":[{"href":"https:\/\/arantv.az\/index.php?rest_route=\/wp\/v2\/types\/post"}],"author":[{"embeddable":true,"href":"https:\/\/arantv.az\/index.php?rest_route=\/wp\/v2\/users\/2"}],"replies":[{"embeddable":true,"href":"https:\/\/arantv.az\/index.php?rest_route=%2Fwp%2Fv2%2Fcomments&post=133549"}],"version-history":[{"count":0,"href":"https:\/\/arantv.az\/index.php?rest_route=\/wp\/v2\/posts\/133549\/revisions"}],"wp:featuredmedia":[{"embeddable":true,"href":"https:\/\/arantv.az\/index.php?rest_route=\/wp\/v2\/media\/133550"}],"wp:attachment":[{"href":"https:\/\/arantv.az\/index.php?rest_route=%2Fwp%2Fv2%2Fmedia&parent=133549"}],"wp:term":[{"taxonomy":"category","embeddable":true,"href":"https:\/\/arantv.az\/index.php?rest_route=%2Fwp%2Fv2%2Fcategories&post=133549"},{"taxonomy":"post_tag","embeddable":true,"href":"https:\/\/arantv.az\/index.php?rest_route=%2Fwp%2Fv2%2Ftags&post=133549"}],"curies":[{"name":"wp","href":"https:\/\/api.w.org\/{rel}","templated":true}]}}