{"id":133573,"date":"2020-02-22T13:10:25","date_gmt":"2020-02-22T10:10:25","guid":{"rendered":"http:\/\/arantv.az\/?p=133573"},"modified":"2020-02-22T13:10:25","modified_gmt":"2020-02-22T10:10:25","slug":"az%c9%99rbaycanin-meyiti-tapilan-h%c9%99rbcisi-il%c9%99-vida-m%c9%99rasimi-kecirilir-foto","status":"publish","type":"post","link":"https:\/\/arantv.az\/?p=133573","title":{"rendered":"Az\u0259rbaycan\u0131n meyiti tap\u0131lan h\u0259rb\u00e7isi il\u0259 vida m\u0259rasimi ke\u00e7irilir &#8211; FOTO"},"content":{"rendered":"<p>A\u011fcab\u0259di rayonunda Az\u0259rbaycan Ordusunun d\u00fc\u015fm\u0259nl\u0259 t\u0259mas x\u0259ttinin neytral \u0259razisind\u0259n meyiti tap\u0131lan h\u0259rb\u00e7isi Akif Abbasovla vida m\u0259rasimi ba\u015flay\u0131b.<\/p>\n<p>&#8220;Report&#8221;un Qaraba\u011f M\u0259rk\u0259zinin m\u0259lumat\u0131na g\u00f6r\u0259, onu n\u0259\u015fi rayon m\u0259rk\u0259zind\u0259 b\u00f6y\u00fck izdihamla qar\u015f\u0131lanaraq do\u011fulub boya ba\u015fa \u00e7atd\u0131\u011f\u0131 evin\u0259 g\u0259tirilib.<\/p>\n<p>A.Abbasov A\u011fcab\u0259di rayonundak\u0131 \u015e\u0259hidl\u0259r xiyaban\u0131nda d\u0259fn edil\u0259c\u0259k.<\/p>\n<p><img class=\"imgbcodecent\" src=\"https:\/\/upload.az\/foto\/arxiv\/705846ea-bc46-4771-997b-10fd64925736.jpg\" alt=\"Az\u0259rbaycan\u0131n meyiti tap\u0131lan h\u0259rb\u00e7isi il\u0259 vida m\u0259rasimi ke\u00e7irilir - FOTO\" \/><br \/>\n<img class=\"imgbcodecent\" src=\"https:\/\/upload.az\/foto\/arxiv\/9610807d-5c53-4d9c-9a73-5b0b27a635ca.jpg\" alt=\"Az\u0259rbaycan\u0131n meyiti tap\u0131lan h\u0259rb\u00e7isi il\u0259 vida m\u0259rasimi ke\u00e7irilir - FOTO\" \/><br \/>\n<img class=\"imgbcodecent\" src=\"https:\/\/upload.az\/foto\/arxiv\/6be90354-298f-4ee2-99cd-88da38b3fc02.jpg\" alt=\"Az\u0259rbaycan\u0131n meyiti tap\u0131lan h\u0259rb\u00e7isi il\u0259 vida m\u0259rasimi ke\u00e7irilir - FOTO\" \/><br \/>\n<img class=\"imgbcodecent\" src=\"https:\/\/upload.az\/foto\/arxiv\/1d3954ae-b44d-45e5-9769-8c664b3c846c.jpg\" alt=\"Az\u0259rbaycan\u0131n meyiti tap\u0131lan h\u0259rb\u00e7isi il\u0259 vida m\u0259rasimi ke\u00e7irilir - FOTO\" \/><\/p>\n","protected":false},"excerpt":{"rendered":"<p>A\u011fcab\u0259di rayonunda Az\u0259rbaycan Ordusunun d\u00fc\u015fm\u0259nl\u0259 t\u0259mas x\u0259ttinin neytral \u0259razisind\u0259n meyiti tap\u0131lan h\u0259rb\u00e7isi Akif Abbasovla vida m\u0259rasimi ba\u015flay\u0131b. &#8220;Report&#8221;un Qaraba\u011f M\u0259rk\u0259zinin m\u0259lumat\u0131na g\u00f6r\u0259, onu n\u0259\u015fi rayon m\u0259rk\u0259zind\u0259 b\u00f6y\u00fck izdihamla qar\u015f\u0131lanaraq do\u011fulub boya ba\u015fa \u00e7atd\u0131\u011f\u0131 evin\u0259 g\u0259tirilib. A.Abbasov A\u011fcab\u0259di rayonundak\u0131 \u015e\u0259hidl\u0259r xiyaban\u0131nda d\u0259fn edil\u0259c\u0259k.<\/p>\n","protected":false},"author":2,"featured_media":133574,"comment_status":"closed","ping_status":"closed","sticky":false,"template":"","format":"standard","meta":{"om_disable_all_campaigns":false,"_monsterinsights_skip_tracking":false,"_monsterinsights_sitenote_active":false,"_monsterinsights_sitenote_note":"","_monsterinsights_sitenote_category":0},"categories":[1],"tags":[],"aioseo_notices":[],"gutentor_comment":0,"rttpg_featured_image_url":{"full":["https:\/\/arantv.az\/wp-content\/uploads\/2020\/02\/7fc698f5-7612-4556-afd1-da7c6850d73c.jpg",649,487,false],"landscape":["https:\/\/arantv.az\/wp-content\/uploads\/2020\/02\/7fc698f5-7612-4556-afd1-da7c6850d73c.jpg",649,487,false],"portraits":["https:\/\/arantv.az\/wp-content\/uploads\/2020\/02\/7fc698f5-7612-4556-afd1-da7c6850d73c.jpg",649,487,false],"thumbnail":["https:\/\/arantv.az\/wp-content\/uploads\/2020\/02\/7fc698f5-7612-4556-afd1-da7c6850d73c-150x150.jpg",150,150,true],"medium":["https:\/\/arantv.az\/wp-content\/uploads\/2020\/02\/7fc698f5-7612-4556-afd1-da7c6850d73c-300x225.jpg",300,225,true],"large":["https:\/\/arantv.az\/wp-content\/uploads\/2020\/02\/7fc698f5-7612-4556-afd1-da7c6850d73c.jpg",640,480,false],"1536x1536":["https:\/\/arantv.az\/wp-content\/uploads\/2020\/02\/7fc698f5-7612-4556-afd1-da7c6850d73c.jpg",649,487,false],"2048x2048":["https:\/\/arantv.az\/wp-content\/uploads\/2020\/02\/7fc698f5-7612-4556-afd1-da7c6850d73c.jpg",649,487,false],"post-thumbnail":["https:\/\/arantv.az\/wp-content\/uploads\/2020\/02\/7fc698f5-7612-4556-afd1-da7c6850d73c-240x172.jpg",240,172,true],"advps-thumb-one":["https:\/\/arantv.az\/wp-content\/uploads\/2020\/02\/7fc698f5-7612-4556-afd1-da7c6850d73c.jpg",649,487,false]},"rttpg_author":{"display_name":"V\u00fcsal Rafiqo\u011flu","author_link":"https:\/\/arantv.az\/?author=2"},"rttpg_comment":0,"rttpg_category":"<a href=\"https:\/\/arantv.az\/?cat=1\" rel=\"category\">C\u0259miyy\u0259t<\/a>","rttpg_excerpt":"A\u011fcab\u0259di rayonunda Az\u0259rbaycan Ordusunun d\u00fc\u015fm\u0259nl\u0259 t\u0259mas x\u0259ttinin neytral \u0259razisind\u0259n meyiti tap\u0131lan h\u0259rb\u00e7isi Akif Abbasovla vida m\u0259rasimi ba\u015flay\u0131b. &#8220;Report&#8221;un Qaraba\u011f M\u0259rk\u0259zinin m\u0259lumat\u0131na g\u00f6r\u0259, onu n\u0259\u015fi rayon m\u0259rk\u0259zind\u0259 b\u00f6y\u00fck izdihamla qar\u015f\u0131lanaraq do\u011fulub boya ba\u015fa \u00e7atd\u0131\u011f\u0131 evin\u0259 g\u0259tirilib. A.Abbasov A\u011fcab\u0259di rayonundak\u0131 \u015e\u0259hidl\u0259r xiyaban\u0131nda d\u0259fn edil\u0259c\u0259k.","_links":{"self":[{"href":"https:\/\/arantv.az\/index.php?rest_route=\/wp\/v2\/posts\/133573"}],"collection":[{"href":"https:\/\/arantv.az\/index.php?rest_route=\/wp\/v2\/posts"}],"about":[{"href":"https:\/\/arantv.az\/index.php?rest_route=\/wp\/v2\/types\/post"}],"author":[{"embeddable":true,"href":"https:\/\/arantv.az\/index.php?rest_route=\/wp\/v2\/users\/2"}],"replies":[{"embeddable":true,"href":"https:\/\/arantv.az\/index.php?rest_route=%2Fwp%2Fv2%2Fcomments&post=133573"}],"version-history":[{"count":0,"href":"https:\/\/arantv.az\/index.php?rest_route=\/wp\/v2\/posts\/133573\/revisions"}],"wp:featuredmedia":[{"embeddable":true,"href":"https:\/\/arantv.az\/index.php?rest_route=\/wp\/v2\/media\/133574"}],"wp:attachment":[{"href":"https:\/\/arantv.az\/index.php?rest_route=%2Fwp%2Fv2%2Fmedia&parent=133573"}],"wp:term":[{"taxonomy":"category","embeddable":true,"href":"https:\/\/arantv.az\/index.php?rest_route=%2Fwp%2Fv2%2Fcategories&post=133573"},{"taxonomy":"post_tag","embeddable":true,"href":"https:\/\/arantv.az\/index.php?rest_route=%2Fwp%2Fv2%2Ftags&post=133573"}],"curies":[{"name":"wp","href":"https:\/\/api.w.org\/{rel}","templated":true}]}}