{"id":133577,"date":"2020-02-22T13:12:30","date_gmt":"2020-02-22T10:12:30","guid":{"rendered":"http:\/\/arantv.az\/?p=133577"},"modified":"2020-02-22T13:12:30","modified_gmt":"2020-02-22T10:12:30","slug":"son-bes-ild%c9%99-dord-milyon-insan-evind%c9%99n-did%c9%99rgin-dusdu-%c9%99fqanistanla-bagli-statistika","status":"publish","type":"post","link":"https:\/\/arantv.az\/?p=133577","title":{"rendered":"Son be\u015f ild\u0259 d\u00f6rd milyon insan evind\u0259n did\u0259rgin d\u00fc\u015fd\u00fc-\u018ffqan\u0131stanla ba\u011fl\u0131 STAT\u0130ST\u0130KA"},"content":{"rendered":"<p>\u018ffqan\u0131stan\u0131n Miqrasiya naziri Seyid H\u00fcseyin Alimi Belhi, son 5 ild\u0259 \u018ffqan\u0131standa 4 milyon insan\u0131n evl\u0259rini t\u0259rk etdiyini deyib.<\/p>\n<p><b>ARANTV.AZ<\/b>-\u0131n m\u0259lumat\u0131na g\u00f6r\u0259 Belhi, paytaxt Kabild\u0259 ke\u00e7irdiyi m\u0259tbuat konfrans\u0131nda Miqrasiya Nazirliyinin \u018ffqan\u0131standak\u0131 daxili miqrant probleminin h\u0259llini tapmaq \u00fc\u00e7\u00fcn \u00e7al\u0131\u015fd\u0131\u011f\u0131n\u0131 bildirib.<\/p>\n<p>\u00d6lk\u0259d\u0259 davam ed\u0259n v\u0259t\u0259nda\u015f m\u00fcharib\u0259sinin m\u00fchacirl\u0259rin artmas\u0131n\u0131n \u0259sas s\u0259b\u0259bl\u0259rind\u0259n biri oldu\u011funu ifad\u0259 ed\u0259n Belhi, &#8220;Son 5 ild\u0259 m\u00fcnaqi\u015f\u0259 v\u0259 iqtisadi \u00e7\u0259tinlikl\u0259r s\u0259b\u0259biyl\u0259 4 milyon insan evind\u0259n did\u0259rgin d\u00fc\u015f\u00fcb&#8221; deyib.<\/p>\n<p>Nazir Belhi, 5 milyon daxili miqrantdan 2 milyonunun k\u00f6m\u0259yin\u0259 yardim etdiyini s\u00f6yl\u0259yib.<br \/>\n\u018ffqan\u0131stan\u0131n \u0259n b\u00f6y\u00fck probleml\u0259rind\u0259n birinin m\u00fchacir m\u0259s\u0259l\u0259si oldu\u011funu ifad\u0259 ed\u0259n Belhi, \u00f6lk\u0259d\u0259 \u0259min-amanl\u0131\u011f\u0131n oldu\u011fu t\u0259qdird\u0259 bu problemin k\u00f6kl\u00fc \u015f\u0259kild\u0259 h\u0259ll edil\u0259c\u0259yin\u0259 inand\u0131qlar\u0131n\u0131 vur\u011fulay\u0131b.<\/p>\n<p>Miqrasiya Nazirliyinin m\u0259lumat\u0131na g\u00f6r\u0259, daxili miqrantlar\u0131n \u00e7oxu t\u0259hl\u00fck\u0259sizliyin bir az daha yax\u015f\u0131 oldu\u011fu paytaxt Kabild\u0259 d\u00fc\u015f\u0259rg\u0259l\u0259rd\u0259 ya\u015fay\u0131r.<br \/>\nSon ill\u0259rd\u0259 d\u00fc\u015f\u0259rg\u0259l\u0259rd\u0259 v\u0259ziyy\u0259tin pisl\u0259\u015fdiyi v\u0259 \u0259sas ehtiyaclara yard\u0131m\u0131n azald\u0131\u011f\u0131 g\u00f6r\u00fcn\u00fcr. D\u00fc\u015f\u0259rg\u0259l\u0259rd\u0259 qalanlar\u0131n \u0259ks\u0259riyy\u0259ti tibbi yard\u0131mdan istifad\u0259 v\u0259 bir \u00e7ox u\u015faq m\u0259kt\u0259b\u0259 ged\u0259 bilmir.Sonxeber.az<\/p>\n","protected":false},"excerpt":{"rendered":"<p>\u018ffqan\u0131stan\u0131n Miqrasiya naziri Seyid H\u00fcseyin Alimi Belhi, son 5 ild\u0259 \u018ffqan\u0131standa 4 milyon insan\u0131n evl\u0259rini t\u0259rk etdiyini deyib. ARANTV.AZ-\u0131n m\u0259lumat\u0131na g\u00f6r\u0259 Belhi, paytaxt Kabild\u0259 ke\u00e7irdiyi m\u0259tbuat konfrans\u0131nda Miqrasiya Nazirliyinin \u018ffqan\u0131standak\u0131 daxili miqrant probleminin h\u0259llini tapmaq \u00fc\u00e7\u00fcn \u00e7al\u0131\u015fd\u0131\u011f\u0131n\u0131 bildirib. \u00d6lk\u0259d\u0259 davam ed\u0259n v\u0259t\u0259nda\u015f m\u00fcharib\u0259sinin m\u00fchacirl\u0259rin artmas\u0131n\u0131n \u0259sas s\u0259b\u0259bl\u0259rind\u0259n biri oldu\u011funu ifad\u0259 ed\u0259n Belhi, &#8220;Son 5 ild\u0259 m\u00fcnaqi\u015f\u0259 v\u0259 iqtisadi \u00e7\u0259tinlikl\u0259r s\u0259b\u0259biyl\u0259 4 milyon insan evind\u0259n did\u0259rgin d\u00fc\u015f\u00fcb&#8221; deyib. Nazir Belhi, 5 milyon daxili miqrantdan 2 milyonunun k\u00f6m\u0259yin\u0259 yardim etdiyini s\u00f6yl\u0259yib. \u018ffqan\u0131stan\u0131n \u0259n b\u00f6y\u00fck probleml\u0259rind\u0259n birinin m\u00fchacir m\u0259s\u0259l\u0259si oldu\u011funu ifad\u0259 ed\u0259n Belhi,&hellip;<\/p>\n","protected":false},"author":2,"featured_media":133578,"comment_status":"closed","ping_status":"closed","sticky":false,"template":"","format":"standard","meta":{"om_disable_all_campaigns":false,"_monsterinsights_skip_tracking":false,"_monsterinsights_sitenote_active":false,"_monsterinsights_sitenote_note":"","_monsterinsights_sitenote_category":0},"categories":[1],"tags":[],"aioseo_notices":[],"gutentor_comment":0,"rttpg_featured_image_url":{"full":["https:\/\/arantv.az\/wp-content\/uploads\/2020\/02\/fqanistan.jpg",549,309,false],"landscape":["https:\/\/arantv.az\/wp-content\/uploads\/2020\/02\/fqanistan.jpg",549,309,false],"portraits":["https:\/\/arantv.az\/wp-content\/uploads\/2020\/02\/fqanistan.jpg",549,309,false],"thumbnail":["https:\/\/arantv.az\/wp-content\/uploads\/2020\/02\/fqanistan-150x150.jpg",150,150,true],"medium":["https:\/\/arantv.az\/wp-content\/uploads\/2020\/02\/fqanistan-300x169.jpg",300,169,true],"large":["https:\/\/arantv.az\/wp-content\/uploads\/2020\/02\/fqanistan.jpg",549,309,false],"1536x1536":["https:\/\/arantv.az\/wp-content\/uploads\/2020\/02\/fqanistan.jpg",549,309,false],"2048x2048":["https:\/\/arantv.az\/wp-content\/uploads\/2020\/02\/fqanistan.jpg",549,309,false],"post-thumbnail":["https:\/\/arantv.az\/wp-content\/uploads\/2020\/02\/fqanistan-240x172.jpg",240,172,true],"advps-thumb-one":["https:\/\/arantv.az\/wp-content\/uploads\/2020\/02\/fqanistan.jpg",549,309,false]},"rttpg_author":{"display_name":"V\u00fcsal Rafiqo\u011flu","author_link":"https:\/\/arantv.az\/?author=2"},"rttpg_comment":0,"rttpg_category":"<a href=\"https:\/\/arantv.az\/?cat=1\" rel=\"category\">C\u0259miyy\u0259t<\/a>","rttpg_excerpt":"\u018ffqan\u0131stan\u0131n Miqrasiya naziri Seyid H\u00fcseyin Alimi Belhi, son 5 ild\u0259 \u018ffqan\u0131standa 4 milyon insan\u0131n evl\u0259rini t\u0259rk etdiyini deyib. ARANTV.AZ-\u0131n m\u0259lumat\u0131na g\u00f6r\u0259 Belhi, paytaxt Kabild\u0259 ke\u00e7irdiyi m\u0259tbuat konfrans\u0131nda Miqrasiya Nazirliyinin \u018ffqan\u0131standak\u0131 daxili miqrant probleminin h\u0259llini tapmaq \u00fc\u00e7\u00fcn \u00e7al\u0131\u015fd\u0131\u011f\u0131n\u0131 bildirib. \u00d6lk\u0259d\u0259 davam ed\u0259n v\u0259t\u0259nda\u015f m\u00fcharib\u0259sinin m\u00fchacirl\u0259rin artmas\u0131n\u0131n \u0259sas s\u0259b\u0259bl\u0259rind\u0259n biri oldu\u011funu ifad\u0259 ed\u0259n Belhi, &#8220;Son 5 ild\u0259&hellip;","_links":{"self":[{"href":"https:\/\/arantv.az\/index.php?rest_route=\/wp\/v2\/posts\/133577"}],"collection":[{"href":"https:\/\/arantv.az\/index.php?rest_route=\/wp\/v2\/posts"}],"about":[{"href":"https:\/\/arantv.az\/index.php?rest_route=\/wp\/v2\/types\/post"}],"author":[{"embeddable":true,"href":"https:\/\/arantv.az\/index.php?rest_route=\/wp\/v2\/users\/2"}],"replies":[{"embeddable":true,"href":"https:\/\/arantv.az\/index.php?rest_route=%2Fwp%2Fv2%2Fcomments&post=133577"}],"version-history":[{"count":0,"href":"https:\/\/arantv.az\/index.php?rest_route=\/wp\/v2\/posts\/133577\/revisions"}],"wp:featuredmedia":[{"embeddable":true,"href":"https:\/\/arantv.az\/index.php?rest_route=\/wp\/v2\/media\/133578"}],"wp:attachment":[{"href":"https:\/\/arantv.az\/index.php?rest_route=%2Fwp%2Fv2%2Fmedia&parent=133577"}],"wp:term":[{"taxonomy":"category","embeddable":true,"href":"https:\/\/arantv.az\/index.php?rest_route=%2Fwp%2Fv2%2Fcategories&post=133577"},{"taxonomy":"post_tag","embeddable":true,"href":"https:\/\/arantv.az\/index.php?rest_route=%2Fwp%2Fv2%2Ftags&post=133577"}],"curies":[{"name":"wp","href":"https:\/\/api.w.org\/{rel}","templated":true}]}}