{"id":133621,"date":"2020-02-22T14:20:58","date_gmt":"2020-02-22T11:20:58","guid":{"rendered":"http:\/\/arantv.az\/?p=133621"},"modified":"2020-02-22T14:20:58","modified_gmt":"2020-02-22T11:20:58","slug":"nihat-kahveci-bakiya-kovacevici-g%c9%99tir%c9%99-bil%c9%99r%c9%99m","status":"publish","type":"post","link":"https:\/\/arantv.az\/?p=133621","title":{"rendered":"Nihat Kahveci: \u201cBak\u0131ya Kova\u00e7evi\u00e7i g\u0259tir\u0259 bil\u0259r\u0259m\u201d"},"content":{"rendered":"<p>\u201cBu g\u00fcn Bak\u0131ya g\u0259lmi\u015f\u0259m. Burada h\u0259m futbol\u00e7u kimi, h\u0259m d\u0259 \u00f6t\u0259n il Avropa Liqas\u0131n\u0131n final\u0131nda veteran oyun\u00e7u kimi olmu\u015fam\u201d.<\/p>\n<p><b>ARANTV.AZ\u00a0<\/b>x\u0259b\u0259r verir ki, bunu T\u00fcrkiy\u0259 millisinin \u0259fsan\u0259vi futbol\u00e7usu Nihat Kahveci deyib.<\/p>\n<p>O, Bak\u0131da ke\u00e7iril\u0259c\u0259k F\u0259rdi \u0130nki\u015faf Zirv\u0259si \u00e7\u0259r\u00e7iv\u0259sind\u0259 seminar dey\u0259c\u0259k. Nihat Kahveci burda Avro-2020 \u00fc\u00e7\u00fcn yenid\u0259n ulduzlar oyununda i\u015ftirak etm\u0259k ist\u0259diyini bildirib:<\/p>\n<p>\u201cDarko Kova\u00e7evi\u00e7l\u0259 \u201cReal Sosyedad\u201dla tandemimiz m\u0259\u015fhurdur. Sevinir\u0259m ki, Az\u0259rbaycanda bu c\u00fctl\u00fcy\u00fc yax\u015f\u0131 xat\u0131rlay\u0131rlar. Kova\u00e7evi\u00e7l\u0259 m\u00fcnasib\u0259tl\u0259rim qal\u0131r. O indi Yunan\u0131standa i\u015fl\u0259yir. \u00d6t\u0259n il oldu\u011fu kimi, bu il d\u0259 Avropa \u00e7empionat\u0131n\u0131n ulduzlar oyunu il\u0259 ba\u011fl\u0131 d\u0259v\u0259t alsam, onu da bura \u00e7a\u011f\u0131ra bil\u0259r\u0259m. O, \u00f6z\u00fc d\u0259 burda i\u015ftirak etm\u0259kd\u0259n z\u00f6vq alar.<\/p>\n<p>Bak\u0131da 68 minlik stadionda T\u00fcrkiy\u0259 millisi oynayacaq. Az\u0259rbaycanda oynayaca\u011f\u0131m\u0131z\u0131 e\u015fitdikd\u0259 \u00e7ox sevindik. \u00c7\u00fcnki xaricd\u0259 yox, \u00f6z meydan\u0131m\u0131zda oynayaca\u011f\u0131q. Qism\u0259t olsa, Avro-2020 oyunlar\u0131 \u00fc\u00e7\u00fcn d\u0259 Bak\u0131ya g\u0259l\u0259r\u0259m.<\/p>\n<p>Maykl Esyen d\u0259 m\u0259niml\u0259 birg\u0259 Bak\u0131ya g\u0259ldi. Amma o qald\u0131. G\u00f6r\u00fcn\u00fcr, o, Bak\u0131n\u0131, buran\u0131n x\u00f6r\u0259kl\u0259rinin dad\u0131n\u0131 b\u0259y\u0259ndi ki, burda oynama\u011fa q\u0259rar verdi. Amma 40 ya\u015f\u0131m var dey\u0259, m\u0259n indi oynamaq yox, m\u0259\u015fq\u00e7i kimi i\u015fl\u0259m\u0259k bar\u0259d\u0259 d\u00fc\u015f\u00fcn\u0259r\u0259m.<\/p>\n<p>Millinizin ba\u015f m\u0259\u015fq\u00e7isi postunun bo\u015f oldu\u011funu bilir\u0259m. Az\u0259rbaycan millisi \u00e7ox yax\u015f\u0131 komandad\u0131r, niy\u0259 d\u0259 t\u0259klif olsa d\u0259y\u0259rl\u0259ndirm\u0259yim ki?! Abdullah Avc\u0131 t\u0259cr\u00fcb\u0259li m\u0259\u015fq\u00e7idir. Onun da u\u011furlu v\u0259 u\u011fursuz d\u00f6n\u0259mi oldu. Amma Az\u0259rbaycan millisin\u0259 g\u0259ls\u0259, u\u011fur qazana bil\u0259r\u201d.Oxu.Az<\/p>\n","protected":false},"excerpt":{"rendered":"<p>\u201cBu g\u00fcn Bak\u0131ya g\u0259lmi\u015f\u0259m. Burada h\u0259m futbol\u00e7u kimi, h\u0259m d\u0259 \u00f6t\u0259n il Avropa Liqas\u0131n\u0131n final\u0131nda veteran oyun\u00e7u kimi olmu\u015fam\u201d. ARANTV.AZ\u00a0x\u0259b\u0259r verir ki, bunu T\u00fcrkiy\u0259 millisinin \u0259fsan\u0259vi futbol\u00e7usu Nihat Kahveci deyib. O, Bak\u0131da ke\u00e7iril\u0259c\u0259k F\u0259rdi \u0130nki\u015faf Zirv\u0259si \u00e7\u0259r\u00e7iv\u0259sind\u0259 seminar dey\u0259c\u0259k. Nihat Kahveci burda Avro-2020 \u00fc\u00e7\u00fcn yenid\u0259n ulduzlar oyununda i\u015ftirak etm\u0259k ist\u0259diyini bildirib: \u201cDarko Kova\u00e7evi\u00e7l\u0259 \u201cReal Sosyedad\u201dla tandemimiz m\u0259\u015fhurdur. Sevinir\u0259m ki, Az\u0259rbaycanda bu c\u00fctl\u00fcy\u00fc yax\u015f\u0131 xat\u0131rlay\u0131rlar. Kova\u00e7evi\u00e7l\u0259 m\u00fcnasib\u0259tl\u0259rim qal\u0131r. O indi Yunan\u0131standa i\u015fl\u0259yir. \u00d6t\u0259n il oldu\u011fu kimi, bu il d\u0259 Avropa \u00e7empionat\u0131n\u0131n ulduzlar oyunu il\u0259 ba\u011fl\u0131 d\u0259v\u0259t alsam, onu da bura \u00e7a\u011f\u0131ra&hellip;<\/p>\n","protected":false},"author":2,"featured_media":133622,"comment_status":"closed","ping_status":"closed","sticky":false,"template":"","format":"standard","meta":{"om_disable_all_campaigns":false,"_monsterinsights_skip_tracking":false,"_monsterinsights_sitenote_active":false,"_monsterinsights_sitenote_note":"","_monsterinsights_sitenote_category":0},"categories":[6],"tags":[],"aioseo_notices":[],"gutentor_comment":0,"rttpg_featured_image_url":{"full":["https:\/\/arantv.az\/wp-content\/uploads\/2020\/02\/86268077_190555468902437_1739541357803864064_n.jpg",620,349,false],"landscape":["https:\/\/arantv.az\/wp-content\/uploads\/2020\/02\/86268077_190555468902437_1739541357803864064_n.jpg",620,349,false],"portraits":["https:\/\/arantv.az\/wp-content\/uploads\/2020\/02\/86268077_190555468902437_1739541357803864064_n.jpg",620,349,false],"thumbnail":["https:\/\/arantv.az\/wp-content\/uploads\/2020\/02\/86268077_190555468902437_1739541357803864064_n-150x150.jpg",150,150,true],"medium":["https:\/\/arantv.az\/wp-content\/uploads\/2020\/02\/86268077_190555468902437_1739541357803864064_n-300x169.jpg",300,169,true],"large":["https:\/\/arantv.az\/wp-content\/uploads\/2020\/02\/86268077_190555468902437_1739541357803864064_n.jpg",620,349,false],"1536x1536":["https:\/\/arantv.az\/wp-content\/uploads\/2020\/02\/86268077_190555468902437_1739541357803864064_n.jpg",620,349,false],"2048x2048":["https:\/\/arantv.az\/wp-content\/uploads\/2020\/02\/86268077_190555468902437_1739541357803864064_n.jpg",620,349,false],"post-thumbnail":["https:\/\/arantv.az\/wp-content\/uploads\/2020\/02\/86268077_190555468902437_1739541357803864064_n-240x172.jpg",240,172,true],"advps-thumb-one":["https:\/\/arantv.az\/wp-content\/uploads\/2020\/02\/86268077_190555468902437_1739541357803864064_n.jpg",620,349,false]},"rttpg_author":{"display_name":"V\u00fcsal Rafiqo\u011flu","author_link":"https:\/\/arantv.az\/?author=2"},"rttpg_comment":0,"rttpg_category":"<a href=\"https:\/\/arantv.az\/?cat=6\" rel=\"category\">\u0130dman<\/a>","rttpg_excerpt":"\u201cBu g\u00fcn Bak\u0131ya g\u0259lmi\u015f\u0259m. Burada h\u0259m futbol\u00e7u kimi, h\u0259m d\u0259 \u00f6t\u0259n il Avropa Liqas\u0131n\u0131n final\u0131nda veteran oyun\u00e7u kimi olmu\u015fam\u201d. ARANTV.AZ\u00a0x\u0259b\u0259r verir ki, bunu T\u00fcrkiy\u0259 millisinin \u0259fsan\u0259vi futbol\u00e7usu Nihat Kahveci deyib. O, Bak\u0131da ke\u00e7iril\u0259c\u0259k F\u0259rdi \u0130nki\u015faf Zirv\u0259si \u00e7\u0259r\u00e7iv\u0259sind\u0259 seminar dey\u0259c\u0259k. Nihat Kahveci burda Avro-2020 \u00fc\u00e7\u00fcn yenid\u0259n ulduzlar oyununda i\u015ftirak etm\u0259k ist\u0259diyini bildirib: \u201cDarko Kova\u00e7evi\u00e7l\u0259 \u201cReal Sosyedad\u201dla&hellip;","_links":{"self":[{"href":"https:\/\/arantv.az\/index.php?rest_route=\/wp\/v2\/posts\/133621"}],"collection":[{"href":"https:\/\/arantv.az\/index.php?rest_route=\/wp\/v2\/posts"}],"about":[{"href":"https:\/\/arantv.az\/index.php?rest_route=\/wp\/v2\/types\/post"}],"author":[{"embeddable":true,"href":"https:\/\/arantv.az\/index.php?rest_route=\/wp\/v2\/users\/2"}],"replies":[{"embeddable":true,"href":"https:\/\/arantv.az\/index.php?rest_route=%2Fwp%2Fv2%2Fcomments&post=133621"}],"version-history":[{"count":0,"href":"https:\/\/arantv.az\/index.php?rest_route=\/wp\/v2\/posts\/133621\/revisions"}],"wp:featuredmedia":[{"embeddable":true,"href":"https:\/\/arantv.az\/index.php?rest_route=\/wp\/v2\/media\/133622"}],"wp:attachment":[{"href":"https:\/\/arantv.az\/index.php?rest_route=%2Fwp%2Fv2%2Fmedia&parent=133621"}],"wp:term":[{"taxonomy":"category","embeddable":true,"href":"https:\/\/arantv.az\/index.php?rest_route=%2Fwp%2Fv2%2Fcategories&post=133621"},{"taxonomy":"post_tag","embeddable":true,"href":"https:\/\/arantv.az\/index.php?rest_route=%2Fwp%2Fv2%2Ftags&post=133621"}],"curies":[{"name":"wp","href":"https:\/\/api.w.org\/{rel}","templated":true}]}}