{"id":133625,"date":"2020-02-22T14:21:57","date_gmt":"2020-02-22T11:21:57","guid":{"rendered":"http:\/\/arantv.az\/?p=133625"},"modified":"2020-02-22T14:21:57","modified_gmt":"2020-02-22T11:21:57","slug":"ukraynali-ekspert-prezident-ilham-%c9%99liyevin-italiyaya-s%c9%99f%c9%99ri-asiyadan-avropaya-yeni-yol-acacaq","status":"publish","type":"post","link":"https:\/\/arantv.az\/?p=133625","title":{"rendered":"Ukraynal\u0131 ekspert: &#8220;Prezident \u0130lham \u018fliyevin \u0130taliyaya s\u0259f\u0259ri Asiyadan Avropaya yeni yol a\u00e7acaq&#8221;"},"content":{"rendered":"<p><strong>Prezident \u0130lham \u018fliyev \u0130taliyaya s\u0259f\u0259ri il\u0259 Az\u0259rbaycan v\u0259 Avropa \u0130ttifaq\u0131 \u00f6lk\u0259l\u0259ri aras\u0131nda dostluq m\u00fcnasib\u0259tl\u0259rinin inki\u015faf\u0131 \u00fczr\u0259 m\u00fcst\u0259qil siyas\u0259t aparmaq bacar\u0131\u011f\u0131n\u0131 g\u00f6st\u0259rdi<\/strong><\/p>\n<p><strong>ARANTV.AZ<\/strong> bildirir ki, bunu\u00a0<a href=\"http:\/\/az.trend.az\/\" target=\"_blank\" rel=\"noopener\">Trend<\/a>-\u0259\u00a0ukraynal\u0131 ekspert Aleksandr Oxrimenko deyib.<\/p>\n<p>O bildirib ki, Az\u0259rbaycan Prezidenti \u0130lham \u018fliyevin \u0130taliyaya d\u00f6vl\u0259t s\u0259f\u0259ri h\u0259m Az\u0259rbaycan, h\u0259m d\u0259 \u0130taliya \u00fc\u00e7\u00fcn \u0259lam\u0259tdar hadis\u0259dir:<\/p>\n<p>&#8220;Bu, Avropa-Az\u0259rbaycan \u0259m\u0259kda\u015fl\u0131\u011f\u0131n\u0131n daha bir vektorunu qurma\u011fa v\u0259 Asiyadan Avropaya yeni yol yaratma\u011fa imkan ver\u0259c\u0259k. \u0130taliya biznesi \u00fc\u00e7\u00fcn Az\u0259rbaycanla iqtisadi \u0259m\u0259kda\u015fl\u0131q s\u0259m\u0259r\u0259lidir, \u00e7\u00fcnki neft t\u0259dar\u00fck\u00fc v\u0259 m\u0259nb\u0259l\u0259rin \u015fax\u0259l\u0259ndirilm\u0259si \u00f6lk\u0259 \u00fc\u00e7\u00fcn \u00e7ox vacibdir. Eyni zamanda Az\u0259rbaycan \u00fc\u00e7\u00fcn d\u0259 \u0130taliya il\u0259 iqtisadi \u0259m\u0259kda\u015fl\u0131q sabit g\u0259lir m\u0259nb\u0259yi v\u0259 yeni biznes sah\u0259l\u0259rini inki\u015faf etdirm\u0259k imkan\u0131d\u0131r. \u018flam\u0259tdard\u0131r ki, Prezident \u0130lham \u018fliyev s\u0259f\u0259ri \u00e7\u0259r\u00e7iv\u0259sind\u0259 \u0130taliya biznesinin n\u00fcmay\u0259nd\u0259l\u0259ri il\u0259 g\u00f6r\u00fc\u015f ke\u00e7irdi. G\u00f6r\u00fc\u015f zaman\u0131 onlar bilavasit\u0259 Az\u0259rbaycan liderind\u0259n \u00f6lk\u0259d\u0259 biznes \u00fc\u00e7\u00fcn hans\u0131 imkanlar\u0131n m\u00f6vcud olmas\u0131 bar\u0259d\u0259 m\u0259lumat \u0259ld\u0259 ed\u0259 bildil\u0259r&#8221;.<\/p>\n<p>Ekspert \u0259lav\u0259 edib ki, Az\u0259rbaycan \u0130taliya \u00fc\u00e7\u00fcn \u0259n iri v\u0259 etibarl\u0131 neft t\u0259dar\u00fck\u00e7\u00fcs\u00fcd\u00fcr:<\/p>\n<p>&#8220;Az\u0259rbaycan\u0131n xam neft ixrac\u0131n\u0131n 17 faizi \u0130taliyan\u0131n pay\u0131na d\u00fc\u015f\u00fcr. \u018fg\u0259r buraya qaz m\u00fcqavil\u0259l\u0259rini \u0259lav\u0259 ets\u0259k, ayd\u0131n olur ki, Avropa, x\u00fcsus\u0259n d\u0259 \u0130taliya enerji t\u0259hl\u00fck\u0259sizliyini bu \u00f6lk\u0259y\u0259 etimad ed\u0259r\u0259k Az\u0259rbaycan\u0131 etibarl\u0131 t\u0259r\u0259fda\u015f qismind\u0259 g\u00f6r\u00fcr&#8221;.<\/p>\n","protected":false},"excerpt":{"rendered":"<p>Prezident \u0130lham \u018fliyev \u0130taliyaya s\u0259f\u0259ri il\u0259 Az\u0259rbaycan v\u0259 Avropa \u0130ttifaq\u0131 \u00f6lk\u0259l\u0259ri aras\u0131nda dostluq m\u00fcnasib\u0259tl\u0259rinin inki\u015faf\u0131 \u00fczr\u0259 m\u00fcst\u0259qil siyas\u0259t aparmaq bacar\u0131\u011f\u0131n\u0131 g\u00f6st\u0259rdi ARANTV.AZ bildirir ki, bunu\u00a0Trend-\u0259\u00a0ukraynal\u0131 ekspert Aleksandr Oxrimenko deyib. O bildirib ki, Az\u0259rbaycan Prezidenti \u0130lham \u018fliyevin \u0130taliyaya d\u00f6vl\u0259t s\u0259f\u0259ri h\u0259m Az\u0259rbaycan, h\u0259m d\u0259 \u0130taliya \u00fc\u00e7\u00fcn \u0259lam\u0259tdar hadis\u0259dir: &#8220;Bu, Avropa-Az\u0259rbaycan \u0259m\u0259kda\u015fl\u0131\u011f\u0131n\u0131n daha bir vektorunu qurma\u011fa v\u0259 Asiyadan Avropaya yeni yol yaratma\u011fa imkan ver\u0259c\u0259k. \u0130taliya biznesi \u00fc\u00e7\u00fcn Az\u0259rbaycanla iqtisadi \u0259m\u0259kda\u015fl\u0131q s\u0259m\u0259r\u0259lidir, \u00e7\u00fcnki neft t\u0259dar\u00fck\u00fc v\u0259 m\u0259nb\u0259l\u0259rin \u015fax\u0259l\u0259ndirilm\u0259si \u00f6lk\u0259 \u00fc\u00e7\u00fcn \u00e7ox vacibdir. Eyni zamanda Az\u0259rbaycan \u00fc\u00e7\u00fcn d\u0259 \u0130taliya il\u0259 iqtisadi \u0259m\u0259kda\u015fl\u0131q sabit g\u0259lir&hellip;<\/p>\n","protected":false},"author":2,"featured_media":133626,"comment_status":"closed","ping_status":"closed","sticky":false,"template":"","format":"standard","meta":{"om_disable_all_campaigns":false,"_monsterinsights_skip_tracking":false,"_monsterinsights_sitenote_active":false,"_monsterinsights_sitenote_note":"","_monsterinsights_sitenote_category":0},"categories":[4],"tags":[],"aioseo_notices":[],"gutentor_comment":0,"rttpg_featured_image_url":{"full":["https:\/\/arantv.az\/wp-content\/uploads\/2020\/02\/828042.jpg",800,600,false],"landscape":["https:\/\/arantv.az\/wp-content\/uploads\/2020\/02\/828042.jpg",800,600,false],"portraits":["https:\/\/arantv.az\/wp-content\/uploads\/2020\/02\/828042.jpg",800,600,false],"thumbnail":["https:\/\/arantv.az\/wp-content\/uploads\/2020\/02\/828042-150x150.jpg",150,150,true],"medium":["https:\/\/arantv.az\/wp-content\/uploads\/2020\/02\/828042-300x225.jpg",300,225,true],"large":["https:\/\/arantv.az\/wp-content\/uploads\/2020\/02\/828042.jpg",640,480,false],"1536x1536":["https:\/\/arantv.az\/wp-content\/uploads\/2020\/02\/828042.jpg",800,600,false],"2048x2048":["https:\/\/arantv.az\/wp-content\/uploads\/2020\/02\/828042.jpg",800,600,false],"post-thumbnail":["https:\/\/arantv.az\/wp-content\/uploads\/2020\/02\/828042-240x172.jpg",240,172,true],"advps-thumb-one":["https:\/\/arantv.az\/wp-content\/uploads\/2020\/02\/828042.jpg",800,600,false]},"rttpg_author":{"display_name":"V\u00fcsal Rafiqo\u011flu","author_link":"https:\/\/arantv.az\/?author=2"},"rttpg_comment":0,"rttpg_category":"<a href=\"https:\/\/arantv.az\/?cat=4\" rel=\"category\">Siyas\u0259t<\/a>","rttpg_excerpt":"Prezident \u0130lham \u018fliyev \u0130taliyaya s\u0259f\u0259ri il\u0259 Az\u0259rbaycan v\u0259 Avropa \u0130ttifaq\u0131 \u00f6lk\u0259l\u0259ri aras\u0131nda dostluq m\u00fcnasib\u0259tl\u0259rinin inki\u015faf\u0131 \u00fczr\u0259 m\u00fcst\u0259qil siyas\u0259t aparmaq bacar\u0131\u011f\u0131n\u0131 g\u00f6st\u0259rdi ARANTV.AZ bildirir ki, bunu\u00a0Trend-\u0259\u00a0ukraynal\u0131 ekspert Aleksandr Oxrimenko deyib. O bildirib ki, Az\u0259rbaycan Prezidenti \u0130lham \u018fliyevin \u0130taliyaya d\u00f6vl\u0259t s\u0259f\u0259ri h\u0259m Az\u0259rbaycan, h\u0259m d\u0259 \u0130taliya \u00fc\u00e7\u00fcn \u0259lam\u0259tdar hadis\u0259dir: &#8220;Bu, Avropa-Az\u0259rbaycan \u0259m\u0259kda\u015fl\u0131\u011f\u0131n\u0131n daha bir vektorunu qurma\u011fa v\u0259&hellip;","_links":{"self":[{"href":"https:\/\/arantv.az\/index.php?rest_route=\/wp\/v2\/posts\/133625"}],"collection":[{"href":"https:\/\/arantv.az\/index.php?rest_route=\/wp\/v2\/posts"}],"about":[{"href":"https:\/\/arantv.az\/index.php?rest_route=\/wp\/v2\/types\/post"}],"author":[{"embeddable":true,"href":"https:\/\/arantv.az\/index.php?rest_route=\/wp\/v2\/users\/2"}],"replies":[{"embeddable":true,"href":"https:\/\/arantv.az\/index.php?rest_route=%2Fwp%2Fv2%2Fcomments&post=133625"}],"version-history":[{"count":0,"href":"https:\/\/arantv.az\/index.php?rest_route=\/wp\/v2\/posts\/133625\/revisions"}],"wp:featuredmedia":[{"embeddable":true,"href":"https:\/\/arantv.az\/index.php?rest_route=\/wp\/v2\/media\/133626"}],"wp:attachment":[{"href":"https:\/\/arantv.az\/index.php?rest_route=%2Fwp%2Fv2%2Fmedia&parent=133625"}],"wp:term":[{"taxonomy":"category","embeddable":true,"href":"https:\/\/arantv.az\/index.php?rest_route=%2Fwp%2Fv2%2Fcategories&post=133625"},{"taxonomy":"post_tag","embeddable":true,"href":"https:\/\/arantv.az\/index.php?rest_route=%2Fwp%2Fv2%2Ftags&post=133625"}],"curies":[{"name":"wp","href":"https:\/\/api.w.org\/{rel}","templated":true}]}}