{"id":133697,"date":"2020-02-22T15:44:46","date_gmt":"2020-02-22T12:44:46","guid":{"rendered":"http:\/\/arantv.az\/?p=133697"},"modified":"2020-02-22T15:44:46","modified_gmt":"2020-02-22T12:44:46","slug":"ilham-%c9%99liyev-v%c9%99-mehriban-%c9%99liyeva-vatikanda-muq%c9%99dd%c9%99s-taxt-tacin-dovl%c9%99t-katibi-il%c9%99-gorusdu","status":"publish","type":"post","link":"https:\/\/arantv.az\/?p=133697","title":{"rendered":"\u0130lham \u018fliyev v\u0259 Mehriban \u018fliyeva Vatikanda M\u00fcq\u0259dd\u0259s Taxt-Tac\u0131n d\u00f6vl\u0259t katibi il\u0259 g\u00f6r\u00fc\u015fd\u00fc"},"content":{"rendered":"<p>Fevral\u0131n 22-d\u0259 Vatikana s\u0259f\u0259ri \u00e7\u0259r\u00e7iv\u0259sind\u0259 Az\u0259rbaycan Respublikas\u0131n\u0131n Prezidenti \u0130lham \u018fliyevin v\u0259 Birinci vitse-prezident Mehriban \u018fliyevan\u0131n M\u00fcq\u0259dd\u0259s Taxt-Tac\u0131n d\u00f6vl\u0259t katibi kardinal Pietro Parolin il\u0259 g\u00f6r\u00fc\u015f\u00fc olub.<\/p>\n<div id=\"AdviadNativeVideo0\" class=\"AdviadNativeVideo\"><\/div>\n<p>Bununla ba\u011fl\u0131\u00a0<a href=\"https:\/\/azertag.az\/xeber\/Prezident_Ilham_Aliyevin_Vatikanda_Muqeddes_Taxt_Tacin_dovlet_katibi_kardinal_Pietro_Parolin_ile_gorusu_olub-1421955\" target=\"_blank\" rel=\"noopener\">AZ\u018fRTAC<\/a>\u00a0m\u0259lumat yay\u0131b.<\/p>\n","protected":false},"excerpt":{"rendered":"<p>Fevral\u0131n 22-d\u0259 Vatikana s\u0259f\u0259ri \u00e7\u0259r\u00e7iv\u0259sind\u0259 Az\u0259rbaycan Respublikas\u0131n\u0131n Prezidenti \u0130lham \u018fliyevin v\u0259 Birinci vitse-prezident Mehriban \u018fliyevan\u0131n M\u00fcq\u0259dd\u0259s Taxt-Tac\u0131n d\u00f6vl\u0259t katibi kardinal Pietro Parolin il\u0259 g\u00f6r\u00fc\u015f\u00fc olub. Bununla ba\u011fl\u0131\u00a0AZ\u018fRTAC\u00a0m\u0259lumat yay\u0131b.<\/p>\n","protected":false},"author":2,"featured_media":133698,"comment_status":"closed","ping_status":"closed","sticky":false,"template":"","format":"standard","meta":{"om_disable_all_campaigns":false,"_monsterinsights_skip_tracking":false,"_monsterinsights_sitenote_active":false,"_monsterinsights_sitenote_note":"","_monsterinsights_sitenote_category":0},"categories":[8],"tags":[],"aioseo_notices":[],"gutentor_comment":0,"rttpg_featured_image_url":{"full":["https:\/\/arantv.az\/wp-content\/uploads\/2020\/02\/1557400467_prezident-ve-xanimi.jpg",620,438,false],"landscape":["https:\/\/arantv.az\/wp-content\/uploads\/2020\/02\/1557400467_prezident-ve-xanimi.jpg",620,438,false],"portraits":["https:\/\/arantv.az\/wp-content\/uploads\/2020\/02\/1557400467_prezident-ve-xanimi.jpg",620,438,false],"thumbnail":["https:\/\/arantv.az\/wp-content\/uploads\/2020\/02\/1557400467_prezident-ve-xanimi-150x150.jpg",150,150,true],"medium":["https:\/\/arantv.az\/wp-content\/uploads\/2020\/02\/1557400467_prezident-ve-xanimi-300x212.jpg",300,212,true],"large":["https:\/\/arantv.az\/wp-content\/uploads\/2020\/02\/1557400467_prezident-ve-xanimi.jpg",620,438,false],"1536x1536":["https:\/\/arantv.az\/wp-content\/uploads\/2020\/02\/1557400467_prezident-ve-xanimi.jpg",620,438,false],"2048x2048":["https:\/\/arantv.az\/wp-content\/uploads\/2020\/02\/1557400467_prezident-ve-xanimi.jpg",620,438,false],"post-thumbnail":["https:\/\/arantv.az\/wp-content\/uploads\/2020\/02\/1557400467_prezident-ve-xanimi-240x172.jpg",240,172,true],"advps-thumb-one":["https:\/\/arantv.az\/wp-content\/uploads\/2020\/02\/1557400467_prezident-ve-xanimi.jpg",620,438,false]},"rttpg_author":{"display_name":"V\u00fcsal Rafiqo\u011flu","author_link":"https:\/\/arantv.az\/?author=2"},"rttpg_comment":0,"rttpg_category":"<a href=\"https:\/\/arantv.az\/?cat=8\" rel=\"category\">\u018fsas s\u0259hif\u0259<\/a>","rttpg_excerpt":"Fevral\u0131n 22-d\u0259 Vatikana s\u0259f\u0259ri \u00e7\u0259r\u00e7iv\u0259sind\u0259 Az\u0259rbaycan Respublikas\u0131n\u0131n Prezidenti \u0130lham \u018fliyevin v\u0259 Birinci vitse-prezident Mehriban \u018fliyevan\u0131n M\u00fcq\u0259dd\u0259s Taxt-Tac\u0131n d\u00f6vl\u0259t katibi kardinal Pietro Parolin il\u0259 g\u00f6r\u00fc\u015f\u00fc olub. Bununla ba\u011fl\u0131\u00a0AZ\u018fRTAC\u00a0m\u0259lumat yay\u0131b.","_links":{"self":[{"href":"https:\/\/arantv.az\/index.php?rest_route=\/wp\/v2\/posts\/133697"}],"collection":[{"href":"https:\/\/arantv.az\/index.php?rest_route=\/wp\/v2\/posts"}],"about":[{"href":"https:\/\/arantv.az\/index.php?rest_route=\/wp\/v2\/types\/post"}],"author":[{"embeddable":true,"href":"https:\/\/arantv.az\/index.php?rest_route=\/wp\/v2\/users\/2"}],"replies":[{"embeddable":true,"href":"https:\/\/arantv.az\/index.php?rest_route=%2Fwp%2Fv2%2Fcomments&post=133697"}],"version-history":[{"count":0,"href":"https:\/\/arantv.az\/index.php?rest_route=\/wp\/v2\/posts\/133697\/revisions"}],"wp:featuredmedia":[{"embeddable":true,"href":"https:\/\/arantv.az\/index.php?rest_route=\/wp\/v2\/media\/133698"}],"wp:attachment":[{"href":"https:\/\/arantv.az\/index.php?rest_route=%2Fwp%2Fv2%2Fmedia&parent=133697"}],"wp:term":[{"taxonomy":"category","embeddable":true,"href":"https:\/\/arantv.az\/index.php?rest_route=%2Fwp%2Fv2%2Fcategories&post=133697"},{"taxonomy":"post_tag","embeddable":true,"href":"https:\/\/arantv.az\/index.php?rest_route=%2Fwp%2Fv2%2Ftags&post=133697"}],"curies":[{"name":"wp","href":"https:\/\/api.w.org\/{rel}","templated":true}]}}