{"id":1337,"date":"2018-07-26T15:07:59","date_gmt":"2018-07-26T12:07:59","guid":{"rendered":"http:\/\/arantv.az\/?p=1337"},"modified":"2018-07-26T15:07:59","modified_gmt":"2018-07-26T12:07:59","slug":"the-globalist-jurnalinin-axc-nin-100-illiyin%c9%99-h%c9%99sr-edil%c9%99n-xususi-buraxilisi-n%c9%99sr-olunub","status":"publish","type":"post","link":"https:\/\/arantv.az\/?p=1337","title":{"rendered":"\u201cThe Globalist\u201d jurnal\u0131n\u0131n AXC-nin 100 illiyin\u0259 h\u0259sr edil\u0259n x\u00fcsusi burax\u0131l\u0131\u015f\u0131 n\u0259\u015fr olunub"},"content":{"rendered":"<p><strong>ARANTV.AZ<\/strong> x\u0259b\u0259r verir ki, Az\u0259rbaycan Xalq C\u00fcmhuriyy\u0259tinin\u00a0 100 illiyi il\u0259 \u0259laq\u0259dar Malayziyan\u0131n n\u00fcfuzlu \u201cThe Globalist\u201d jurnal\u0131n\u0131n x\u00fcsusi burax\u0131l\u0131\u015f\u0131 n\u0259\u015fr edilib. Jurnal\u0131n x\u00fcsusi burax\u0131l\u0131\u015f\u0131 Prezident \u0130lham \u018fliyevin 2018-ci ilin \u00f6lk\u0259d\u0259 \u201cAz\u0259rbaycan Xalq C\u00fcmhuriyy\u0259ti \u0130li\u201d elan edilm\u0259sin\u0259 dair s\u0259r\u0259ncam\u0131 il\u0259 ba\u015flay\u0131r. N\u0259\u015frd\u0259 \u015e\u0259rgin ilk parlamentli respublikas\u0131 olan Az\u0259rbaycan Xalq C\u00fcmhuriyy\u0259tinin yaranmas\u0131 v\u0259 d\u00f6vl\u0259t\u00e7ilik tarixind\u0259ki rolu bar\u0259d\u0259 \u0259trafl\u0131 m\u0259lumat verilir. M\u0259qal\u0259l\u0259rd\u0259 \u00f6lk\u0259mizin m\u00fcasir iqtisadi inki\u015faf\u0131na dair m\u0259lumatlar da i\u015f\u0131qland\u0131r\u0131l\u0131b. Az\u0259rbaycan\u0131n xarici siyas\u0259ti, iqtisadiyyat\u0131, tariximizin m\u00fcxt\u0259lif m\u0259rh\u0259l\u0259l\u0259ri, z\u0259ngin m\u0259d\u0259ni irsimiz, turizm potensial\u0131na dair m\u0259lumatlara geni\u015f yer verilib. Jurnalda Az\u0259rbaycan-Malayziya \u0259laq\u0259l\u0259rin\u0259 dair ayr\u0131ca b\u00f6lm\u0259 d\u0259 yer al\u0131b. N\u0259\u015fr Malayziya c\u0259miyy\u0259ti t\u0259r\u0259find\u0259n maraqla qar\u015f\u0131lan\u0131b.<\/p>\n","protected":false},"excerpt":{"rendered":"<p>ARANTV.AZ x\u0259b\u0259r verir ki, Az\u0259rbaycan Xalq C\u00fcmhuriyy\u0259tinin\u00a0 100 illiyi il\u0259 \u0259laq\u0259dar Malayziyan\u0131n n\u00fcfuzlu \u201cThe Globalist\u201d jurnal\u0131n\u0131n x\u00fcsusi burax\u0131l\u0131\u015f\u0131 n\u0259\u015fr edilib. Jurnal\u0131n x\u00fcsusi burax\u0131l\u0131\u015f\u0131 Prezident \u0130lham \u018fliyevin 2018-ci ilin \u00f6lk\u0259d\u0259 \u201cAz\u0259rbaycan Xalq C\u00fcmhuriyy\u0259ti \u0130li\u201d elan edilm\u0259sin\u0259 dair s\u0259r\u0259ncam\u0131 il\u0259 ba\u015flay\u0131r. N\u0259\u015frd\u0259 \u015e\u0259rgin ilk parlamentli respublikas\u0131 olan Az\u0259rbaycan Xalq C\u00fcmhuriyy\u0259tinin yaranmas\u0131 v\u0259 d\u00f6vl\u0259t\u00e7ilik tarixind\u0259ki rolu bar\u0259d\u0259 \u0259trafl\u0131 m\u0259lumat verilir. M\u0259qal\u0259l\u0259rd\u0259 \u00f6lk\u0259mizin m\u00fcasir iqtisadi inki\u015faf\u0131na dair m\u0259lumatlar da i\u015f\u0131qland\u0131r\u0131l\u0131b. Az\u0259rbaycan\u0131n xarici siyas\u0259ti, iqtisadiyyat\u0131, tariximizin m\u00fcxt\u0259lif m\u0259rh\u0259l\u0259l\u0259ri, z\u0259ngin m\u0259d\u0259ni irsimiz, turizm potensial\u0131na dair m\u0259lumatlara geni\u015f yer verilib. Jurnalda Az\u0259rbaycan-Malayziya \u0259laq\u0259l\u0259rin\u0259 dair ayr\u0131ca b\u00f6lm\u0259 d\u0259&hellip;<\/p>\n","protected":false},"author":2,"featured_media":1338,"comment_status":"open","ping_status":"open","sticky":false,"template":"","format":"standard","meta":{"om_disable_all_campaigns":false,"_monsterinsights_skip_tracking":false,"_monsterinsights_sitenote_active":false,"_monsterinsights_sitenote_note":"","_monsterinsights_sitenote_category":0},"categories":[19],"tags":[],"aioseo_notices":[],"gutentor_comment":0,"rttpg_featured_image_url":{"full":["https:\/\/arantv.az\/wp-content\/uploads\/2018\/07\/ks8nfn3rqev9mldglkf2ie9qr7mal.jpg",946,669,false],"landscape":["https:\/\/arantv.az\/wp-content\/uploads\/2018\/07\/ks8nfn3rqev9mldglkf2ie9qr7mal.jpg",946,669,false],"portraits":["https:\/\/arantv.az\/wp-content\/uploads\/2018\/07\/ks8nfn3rqev9mldglkf2ie9qr7mal.jpg",946,669,false],"thumbnail":["https:\/\/arantv.az\/wp-content\/uploads\/2018\/07\/ks8nfn3rqev9mldglkf2ie9qr7mal-150x150.jpg",150,150,true],"medium":["https:\/\/arantv.az\/wp-content\/uploads\/2018\/07\/ks8nfn3rqev9mldglkf2ie9qr7mal-300x212.jpg",300,212,true],"large":["https:\/\/arantv.az\/wp-content\/uploads\/2018\/07\/ks8nfn3rqev9mldglkf2ie9qr7mal.jpg",640,453,false],"1536x1536":["https:\/\/arantv.az\/wp-content\/uploads\/2018\/07\/ks8nfn3rqev9mldglkf2ie9qr7mal.jpg",946,669,false],"2048x2048":["https:\/\/arantv.az\/wp-content\/uploads\/2018\/07\/ks8nfn3rqev9mldglkf2ie9qr7mal.jpg",946,669,false],"post-thumbnail":["https:\/\/arantv.az\/wp-content\/uploads\/2018\/07\/ks8nfn3rqev9mldglkf2ie9qr7mal.jpg",240,170,false],"advps-thumb-one":["https:\/\/arantv.az\/wp-content\/uploads\/2018\/07\/ks8nfn3rqev9mldglkf2ie9qr7mal-946x620.jpg",946,620,true]},"rttpg_author":{"display_name":"V\u00fcsal Rafiqo\u011flu","author_link":"https:\/\/arantv.az\/?author=2"},"rttpg_comment":0,"rttpg_category":"<a href=\"https:\/\/arantv.az\/?cat=19\" rel=\"category\">G\u00fcnd\u0259m<\/a>","rttpg_excerpt":"ARANTV.AZ x\u0259b\u0259r verir ki, Az\u0259rbaycan Xalq C\u00fcmhuriyy\u0259tinin\u00a0 100 illiyi il\u0259 \u0259laq\u0259dar Malayziyan\u0131n n\u00fcfuzlu \u201cThe Globalist\u201d jurnal\u0131n\u0131n x\u00fcsusi burax\u0131l\u0131\u015f\u0131 n\u0259\u015fr edilib. Jurnal\u0131n x\u00fcsusi burax\u0131l\u0131\u015f\u0131 Prezident \u0130lham \u018fliyevin 2018-ci ilin \u00f6lk\u0259d\u0259 \u201cAz\u0259rbaycan Xalq C\u00fcmhuriyy\u0259ti \u0130li\u201d elan edilm\u0259sin\u0259 dair s\u0259r\u0259ncam\u0131 il\u0259 ba\u015flay\u0131r. N\u0259\u015frd\u0259 \u015e\u0259rgin ilk parlamentli respublikas\u0131 olan Az\u0259rbaycan Xalq C\u00fcmhuriyy\u0259tinin yaranmas\u0131 v\u0259 d\u00f6vl\u0259t\u00e7ilik tarixind\u0259ki rolu bar\u0259d\u0259 \u0259trafl\u0131&hellip;","_links":{"self":[{"href":"https:\/\/arantv.az\/index.php?rest_route=\/wp\/v2\/posts\/1337"}],"collection":[{"href":"https:\/\/arantv.az\/index.php?rest_route=\/wp\/v2\/posts"}],"about":[{"href":"https:\/\/arantv.az\/index.php?rest_route=\/wp\/v2\/types\/post"}],"author":[{"embeddable":true,"href":"https:\/\/arantv.az\/index.php?rest_route=\/wp\/v2\/users\/2"}],"replies":[{"embeddable":true,"href":"https:\/\/arantv.az\/index.php?rest_route=%2Fwp%2Fv2%2Fcomments&post=1337"}],"version-history":[{"count":0,"href":"https:\/\/arantv.az\/index.php?rest_route=\/wp\/v2\/posts\/1337\/revisions"}],"wp:featuredmedia":[{"embeddable":true,"href":"https:\/\/arantv.az\/index.php?rest_route=\/wp\/v2\/media\/1338"}],"wp:attachment":[{"href":"https:\/\/arantv.az\/index.php?rest_route=%2Fwp%2Fv2%2Fmedia&parent=1337"}],"wp:term":[{"taxonomy":"category","embeddable":true,"href":"https:\/\/arantv.az\/index.php?rest_route=%2Fwp%2Fv2%2Fcategories&post=1337"},{"taxonomy":"post_tag","embeddable":true,"href":"https:\/\/arantv.az\/index.php?rest_route=%2Fwp%2Fv2%2Ftags&post=1337"}],"curies":[{"name":"wp","href":"https:\/\/api.w.org\/{rel}","templated":true}]}}