{"id":133738,"date":"2020-02-22T16:28:30","date_gmt":"2020-02-22T13:28:30","guid":{"rendered":"http:\/\/arantv.az\/?p=133738"},"modified":"2020-02-22T16:28:30","modified_gmt":"2020-02-22T13:28:30","slug":"xocali-faci%c9%99sinin-qurbanlari-berlind%c9%99-anilir-video","status":"publish","type":"post","link":"https:\/\/arantv.az\/?p=133738","title":{"rendered":"Xocal\u0131 faci\u0259sinin qurbanlar\u0131 Berlind\u0259 an\u0131l\u0131r &#8211; V\u0130DEO"},"content":{"rendered":"<p>X\u0259b\u0259r verdiyimiz kimi, bu g\u00fcn Xocal\u0131 faci\u0259sinin qurbanlar\u0131 Berlind\u0259 an\u0131l\u0131r.<\/p>\n<p>T\u00fcrkiy\u0259nin \u201cHaberGlobal\u201d televiziyas\u0131 m\u0259lumat verir ki, Avropada ya\u015fayan az\u0259rbaycanl\u0131lar\u00a0Berlind\u0259 bir yer\u0259 topla\u015faraq, faci\u0259d\u0259 h\u0259yatlar\u0131n\u0131 itir\u0259nl\u0259ri yad edibl\u0259r.<\/p>\n<article class=\"news\">\n<div class=\"news-inner\">\n<p>Y\u00fcr\u00fc\u015fd\u0259 d\u00fcnyan\u0131n 30-dan \u00e7ox diaspor t\u0259\u015fkilat\u0131n\u0131n n\u00fcmay\u0259d\u0259nd\u0259l\u0259ri d\u0259 i\u015ftirak edib.<\/p>\n<p>Onlar \u201cQaraba\u011fa \u0259dal\u0259t\u201d, \u201cXocal\u0131ya \u0259dal\u0259t\u201d\u00a0\u015f\u00fcarlar\u0131 s\u0259sl\u0259ndiribl\u0259r.<\/p>\n<div><iframe loading=\"lazy\" src=\"https:\/\/www.facebook.com\/plugins\/video.php?href=https%3A%2F%2Fwww.facebook.com%2FHaberGlobal%2Fvideos%2F616763055774855%2F&amp;show_text=0&amp;width=560\" width=\"560\" height=\"315\" frameborder=\"0\" scrolling=\"no\" allowfullscreen=\"allowfullscreen\" data-mce-fragment=\"1\"><\/iframe><\/div>\n<\/div>\n<\/article>\n<h2 class=\"news-share-title\"><\/h2>\n","protected":false},"excerpt":{"rendered":"<p>X\u0259b\u0259r verdiyimiz kimi, bu g\u00fcn Xocal\u0131 faci\u0259sinin qurbanlar\u0131 Berlind\u0259 an\u0131l\u0131r. T\u00fcrkiy\u0259nin \u201cHaberGlobal\u201d televiziyas\u0131 m\u0259lumat verir ki, Avropada ya\u015fayan az\u0259rbaycanl\u0131lar\u00a0Berlind\u0259 bir yer\u0259 topla\u015faraq, faci\u0259d\u0259 h\u0259yatlar\u0131n\u0131 itir\u0259nl\u0259ri yad edibl\u0259r. Y\u00fcr\u00fc\u015fd\u0259 d\u00fcnyan\u0131n 30-dan \u00e7ox diaspor t\u0259\u015fkilat\u0131n\u0131n n\u00fcmay\u0259d\u0259nd\u0259l\u0259ri d\u0259 i\u015ftirak edib. Onlar \u201cQaraba\u011fa \u0259dal\u0259t\u201d, \u201cXocal\u0131ya \u0259dal\u0259t\u201d\u00a0\u015f\u00fcarlar\u0131 s\u0259sl\u0259ndiribl\u0259r.<\/p>\n","protected":false},"author":2,"featured_media":133739,"comment_status":"closed","ping_status":"closed","sticky":false,"template":"","format":"standard","meta":{"om_disable_all_campaigns":false,"_monsterinsights_skip_tracking":false,"_monsterinsights_sitenote_active":false,"_monsterinsights_sitenote_note":"","_monsterinsights_sitenote_category":0},"categories":[1],"tags":[],"aioseo_notices":[],"gutentor_comment":0,"rttpg_featured_image_url":{"full":["https:\/\/arantv.az\/wp-content\/uploads\/2020\/02\/haber.jpg",620,376,false],"landscape":["https:\/\/arantv.az\/wp-content\/uploads\/2020\/02\/haber.jpg",620,376,false],"portraits":["https:\/\/arantv.az\/wp-content\/uploads\/2020\/02\/haber.jpg",620,376,false],"thumbnail":["https:\/\/arantv.az\/wp-content\/uploads\/2020\/02\/haber-150x150.jpg",150,150,true],"medium":["https:\/\/arantv.az\/wp-content\/uploads\/2020\/02\/haber-300x182.jpg",300,182,true],"large":["https:\/\/arantv.az\/wp-content\/uploads\/2020\/02\/haber.jpg",620,376,false],"1536x1536":["https:\/\/arantv.az\/wp-content\/uploads\/2020\/02\/haber.jpg",620,376,false],"2048x2048":["https:\/\/arantv.az\/wp-content\/uploads\/2020\/02\/haber.jpg",620,376,false],"post-thumbnail":["https:\/\/arantv.az\/wp-content\/uploads\/2020\/02\/haber-240x172.jpg",240,172,true],"advps-thumb-one":["https:\/\/arantv.az\/wp-content\/uploads\/2020\/02\/haber.jpg",620,376,false]},"rttpg_author":{"display_name":"V\u00fcsal Rafiqo\u011flu","author_link":"https:\/\/arantv.az\/?author=2"},"rttpg_comment":0,"rttpg_category":"<a href=\"https:\/\/arantv.az\/?cat=1\" rel=\"category\">C\u0259miyy\u0259t<\/a>","rttpg_excerpt":"X\u0259b\u0259r verdiyimiz kimi, bu g\u00fcn Xocal\u0131 faci\u0259sinin qurbanlar\u0131 Berlind\u0259 an\u0131l\u0131r. T\u00fcrkiy\u0259nin \u201cHaberGlobal\u201d televiziyas\u0131 m\u0259lumat verir ki, Avropada ya\u015fayan az\u0259rbaycanl\u0131lar\u00a0Berlind\u0259 bir yer\u0259 topla\u015faraq, faci\u0259d\u0259 h\u0259yatlar\u0131n\u0131 itir\u0259nl\u0259ri yad edibl\u0259r. Y\u00fcr\u00fc\u015fd\u0259 d\u00fcnyan\u0131n 30-dan \u00e7ox diaspor t\u0259\u015fkilat\u0131n\u0131n n\u00fcmay\u0259d\u0259nd\u0259l\u0259ri d\u0259 i\u015ftirak edib. Onlar \u201cQaraba\u011fa \u0259dal\u0259t\u201d, \u201cXocal\u0131ya \u0259dal\u0259t\u201d\u00a0\u015f\u00fcarlar\u0131 s\u0259sl\u0259ndiribl\u0259r.","_links":{"self":[{"href":"https:\/\/arantv.az\/index.php?rest_route=\/wp\/v2\/posts\/133738"}],"collection":[{"href":"https:\/\/arantv.az\/index.php?rest_route=\/wp\/v2\/posts"}],"about":[{"href":"https:\/\/arantv.az\/index.php?rest_route=\/wp\/v2\/types\/post"}],"author":[{"embeddable":true,"href":"https:\/\/arantv.az\/index.php?rest_route=\/wp\/v2\/users\/2"}],"replies":[{"embeddable":true,"href":"https:\/\/arantv.az\/index.php?rest_route=%2Fwp%2Fv2%2Fcomments&post=133738"}],"version-history":[{"count":0,"href":"https:\/\/arantv.az\/index.php?rest_route=\/wp\/v2\/posts\/133738\/revisions"}],"wp:featuredmedia":[{"embeddable":true,"href":"https:\/\/arantv.az\/index.php?rest_route=\/wp\/v2\/media\/133739"}],"wp:attachment":[{"href":"https:\/\/arantv.az\/index.php?rest_route=%2Fwp%2Fv2%2Fmedia&parent=133738"}],"wp:term":[{"taxonomy":"category","embeddable":true,"href":"https:\/\/arantv.az\/index.php?rest_route=%2Fwp%2Fv2%2Fcategories&post=133738"},{"taxonomy":"post_tag","embeddable":true,"href":"https:\/\/arantv.az\/index.php?rest_route=%2Fwp%2Fv2%2Ftags&post=133738"}],"curies":[{"name":"wp","href":"https:\/\/api.w.org\/{rel}","templated":true}]}}