{"id":133742,"date":"2020-02-22T16:37:18","date_gmt":"2020-02-22T13:37:18","guid":{"rendered":"http:\/\/arantv.az\/?p=133742"},"modified":"2020-02-22T16:37:18","modified_gmt":"2020-02-22T13:37:18","slug":"h%c9%99rbcimizin-olumund%c9%99n-%c9%99vv%c9%99l-c%c9%99kil%c9%99n-son-goruntusu-foto","status":"publish","type":"post","link":"https:\/\/arantv.az\/?p=133742","title":{"rendered":"H\u0259rb\u00e7imizin \u00f6l\u00fcm\u00fcnd\u0259n \u0259vv\u0259l \u00e7\u0259kil\u0259n son g\u00f6r\u00fcnt\u00fcs\u00fc &#8211; FOTO"},"content":{"rendered":"<p>X\u0259b\u0259r verdiyimiz kimi, yanvar\u0131n 16-da Tovuz rayonunun A\u011fdam k\u0259ndi istiqam\u0259tind\u0259 itkin d\u00fc\u015f\u0259n h\u0259rb\u00e7imiz Abbasov Akif El\u015f\u0259n o\u011flu bu g\u00fcn torpa\u011fa tap\u015f\u0131r\u0131l\u0131b.<\/p>\n<p>Qafqazinfo\u00a0Akif Abbasovun \u00f6l\u00fcm\u00fcnd\u0259n bir ne\u00e7\u0259 g\u00fcn \u0259vv\u0259l \u00e7\u0259kil\u0259n son fotosunu \u0259ld\u0259 edib.<\/p>\n<p>Fotoda onun anas\u0131 da yer al\u0131b.<\/p>\n<p>Xat\u0131rladaq ki, h\u0259rb\u00e7imiz Akif El\u015f\u0259n o\u011flu Abbasov yanvar ay\u0131nda itkin d\u00fc\u015fm\u00fc\u015fd\u00fc. Onun meyiti bir ne\u00e7\u0259 g\u00fcn \u0259vv\u0259l s\u0259rh\u0259din neytral \u0259razisind\u0259 tap\u0131l\u0131b.<\/p>\n<p>O, bu g\u00fcn do\u011fuldu\u011fu A\u011fcab\u0259di rayonundak\u0131 \u015e\u0259hidl\u0259r xiyaban\u0131nda d\u0259fn edilib.<\/p>\n<div class=\"gallery\">\n<div class=\"gallery-i\"><img src=\"https:\/\/assets.oxu.az\/uploads\/W1siZiIsIjIwMjAvMDIvMjIvMTcvMTcvMzEvODBhY2Q3MDYtYTQ5NC00MDVhLTkyODgtOTk1ZmUxNzljZjU0Lzg1MjMyOTAzLWYxMzktNGQzZi1hNGU1LTljZTAzNmUzYjE5Yi5qcGciXSxbInAiLCJlbmNvZGUiLCJqcGciLCItcXVhbGl0eSA4MCJdLFsicCIsInRodW1iIiwiNTkweDU5MFx1MDAzZSJdXQ?sha=025537b6bd4d08ed\" alt=\"\" \/><\/div>\n<\/div>\n","protected":false},"excerpt":{"rendered":"<p>X\u0259b\u0259r verdiyimiz kimi, yanvar\u0131n 16-da Tovuz rayonunun A\u011fdam k\u0259ndi istiqam\u0259tind\u0259 itkin d\u00fc\u015f\u0259n h\u0259rb\u00e7imiz Abbasov Akif El\u015f\u0259n o\u011flu bu g\u00fcn torpa\u011fa tap\u015f\u0131r\u0131l\u0131b. Qafqazinfo\u00a0Akif Abbasovun \u00f6l\u00fcm\u00fcnd\u0259n bir ne\u00e7\u0259 g\u00fcn \u0259vv\u0259l \u00e7\u0259kil\u0259n son fotosunu \u0259ld\u0259 edib. Fotoda onun anas\u0131 da yer al\u0131b. Xat\u0131rladaq ki, h\u0259rb\u00e7imiz Akif El\u015f\u0259n o\u011flu Abbasov yanvar ay\u0131nda itkin d\u00fc\u015fm\u00fc\u015fd\u00fc. Onun meyiti bir ne\u00e7\u0259 g\u00fcn \u0259vv\u0259l s\u0259rh\u0259din neytral \u0259razisind\u0259 tap\u0131l\u0131b. O, bu g\u00fcn do\u011fuldu\u011fu A\u011fcab\u0259di rayonundak\u0131 \u015e\u0259hidl\u0259r xiyaban\u0131nda d\u0259fn edilib.<\/p>\n","protected":false},"author":2,"featured_media":133743,"comment_status":"closed","ping_status":"closed","sticky":false,"template":"","format":"standard","meta":{"om_disable_all_campaigns":false,"_monsterinsights_skip_tracking":false,"_monsterinsights_sitenote_active":false,"_monsterinsights_sitenote_note":"","_monsterinsights_sitenote_category":0},"categories":[1],"tags":[],"aioseo_notices":[],"gutentor_comment":0,"rttpg_featured_image_url":{"full":["https:\/\/arantv.az\/wp-content\/uploads\/2020\/02\/1d3954ae-b44d-45e5-9769-8c664b3c846c.jpg",620,335,false],"landscape":["https:\/\/arantv.az\/wp-content\/uploads\/2020\/02\/1d3954ae-b44d-45e5-9769-8c664b3c846c.jpg",620,335,false],"portraits":["https:\/\/arantv.az\/wp-content\/uploads\/2020\/02\/1d3954ae-b44d-45e5-9769-8c664b3c846c.jpg",620,335,false],"thumbnail":["https:\/\/arantv.az\/wp-content\/uploads\/2020\/02\/1d3954ae-b44d-45e5-9769-8c664b3c846c-150x150.jpg",150,150,true],"medium":["https:\/\/arantv.az\/wp-content\/uploads\/2020\/02\/1d3954ae-b44d-45e5-9769-8c664b3c846c-300x162.jpg",300,162,true],"large":["https:\/\/arantv.az\/wp-content\/uploads\/2020\/02\/1d3954ae-b44d-45e5-9769-8c664b3c846c.jpg",620,335,false],"1536x1536":["https:\/\/arantv.az\/wp-content\/uploads\/2020\/02\/1d3954ae-b44d-45e5-9769-8c664b3c846c.jpg",620,335,false],"2048x2048":["https:\/\/arantv.az\/wp-content\/uploads\/2020\/02\/1d3954ae-b44d-45e5-9769-8c664b3c846c.jpg",620,335,false],"post-thumbnail":["https:\/\/arantv.az\/wp-content\/uploads\/2020\/02\/1d3954ae-b44d-45e5-9769-8c664b3c846c-240x172.jpg",240,172,true],"advps-thumb-one":["https:\/\/arantv.az\/wp-content\/uploads\/2020\/02\/1d3954ae-b44d-45e5-9769-8c664b3c846c.jpg",620,335,false]},"rttpg_author":{"display_name":"V\u00fcsal Rafiqo\u011flu","author_link":"https:\/\/arantv.az\/?author=2"},"rttpg_comment":0,"rttpg_category":"<a href=\"https:\/\/arantv.az\/?cat=1\" rel=\"category\">C\u0259miyy\u0259t<\/a>","rttpg_excerpt":"X\u0259b\u0259r verdiyimiz kimi, yanvar\u0131n 16-da Tovuz rayonunun A\u011fdam k\u0259ndi istiqam\u0259tind\u0259 itkin d\u00fc\u015f\u0259n h\u0259rb\u00e7imiz Abbasov Akif El\u015f\u0259n o\u011flu bu g\u00fcn torpa\u011fa tap\u015f\u0131r\u0131l\u0131b. Qafqazinfo\u00a0Akif Abbasovun \u00f6l\u00fcm\u00fcnd\u0259n bir ne\u00e7\u0259 g\u00fcn \u0259vv\u0259l \u00e7\u0259kil\u0259n son fotosunu \u0259ld\u0259 edib. Fotoda onun anas\u0131 da yer al\u0131b. Xat\u0131rladaq ki, h\u0259rb\u00e7imiz Akif El\u015f\u0259n o\u011flu Abbasov yanvar ay\u0131nda itkin d\u00fc\u015fm\u00fc\u015fd\u00fc. Onun meyiti bir ne\u00e7\u0259 g\u00fcn&hellip;","_links":{"self":[{"href":"https:\/\/arantv.az\/index.php?rest_route=\/wp\/v2\/posts\/133742"}],"collection":[{"href":"https:\/\/arantv.az\/index.php?rest_route=\/wp\/v2\/posts"}],"about":[{"href":"https:\/\/arantv.az\/index.php?rest_route=\/wp\/v2\/types\/post"}],"author":[{"embeddable":true,"href":"https:\/\/arantv.az\/index.php?rest_route=\/wp\/v2\/users\/2"}],"replies":[{"embeddable":true,"href":"https:\/\/arantv.az\/index.php?rest_route=%2Fwp%2Fv2%2Fcomments&post=133742"}],"version-history":[{"count":0,"href":"https:\/\/arantv.az\/index.php?rest_route=\/wp\/v2\/posts\/133742\/revisions"}],"wp:featuredmedia":[{"embeddable":true,"href":"https:\/\/arantv.az\/index.php?rest_route=\/wp\/v2\/media\/133743"}],"wp:attachment":[{"href":"https:\/\/arantv.az\/index.php?rest_route=%2Fwp%2Fv2%2Fmedia&parent=133742"}],"wp:term":[{"taxonomy":"category","embeddable":true,"href":"https:\/\/arantv.az\/index.php?rest_route=%2Fwp%2Fv2%2Fcategories&post=133742"},{"taxonomy":"post_tag","embeddable":true,"href":"https:\/\/arantv.az\/index.php?rest_route=%2Fwp%2Fv2%2Ftags&post=133742"}],"curies":[{"name":"wp","href":"https:\/\/api.w.org\/{rel}","templated":true}]}}