{"id":133768,"date":"2020-02-24T07:51:03","date_gmt":"2020-02-24T04:51:03","guid":{"rendered":"http:\/\/arantv.az\/?p=133768"},"modified":"2020-02-24T07:51:03","modified_gmt":"2020-02-24T04:51:03","slug":"az%c9%99rbaycanlilarin-soyqirimi-dunya-ictimaiyy%c9%99tin%c9%99-daha-yaxsi-izah-edilm%c9%99lidir-turkiy%c9%99li-deputat","status":"publish","type":"post","link":"https:\/\/arantv.az\/?p=133768","title":{"rendered":"Az\u0259rbaycanl\u0131lar\u0131n soyq\u0131r\u0131m\u0131 d\u00fcnya ictimaiyy\u0259tin\u0259 daha yax\u015f\u0131 izah edilm\u0259lidir &#8211; T\u00fcrkiy\u0259li deputat"},"content":{"rendered":"<p>Xocal\u0131 soyq\u0131r\u0131m\u0131 erm\u0259nil\u0259r t\u0259r\u0259find\u0259n az\u0259rbaycanl\u0131lara qar\u015f\u0131 t\u00f6r\u0259dil\u0259n ilk soyq\u0131r\u0131m deyil. Az\u0259rbaycanl\u0131lar 200 ildir ki, q\u0259tliama m\u0259ruzdurlar.<\/p>\n<p><strong>ARANTV.AZ<\/strong> bildirir ki, bunu\u00a0<a href=\"http:\/\/az.trend.az\/\" target=\"_blank\" rel=\"noopener\">Trend<\/a>-\u0259 T\u00fcrkiy\u0259 B\u00f6y\u00fck Mill\u0259t M\u0259clisinin (TBMM) \u00fczv\u00fc, T\u00fcrkiy\u0259-Az\u0259rbaycan Dostluq Qrupunun r\u0259hb\u0259ri \u015eamil Ayr\u0131m deyib.<\/p>\n<p>Onun s\u00f6zl\u0259rin\u0259 g\u00f6r\u0259, az\u0259rbaycanl\u0131lara qar\u015f\u0131 soyq\u0131r\u0131mlar 1905, 1918, 1992-ci ill\u0259rd\u0259 t\u00f6r\u0259dilib. Bunlar\u0131n ham\u0131s\u0131n\u0131n \u00e7ox v\u0259h\u015fi q\u0259tliamlar oldu\u011funu dey\u0259n \u015e.Ayr\u0131m bildirib ki, erm\u0259nil\u0259r hamil\u0259 qad\u0131nlar\u0131n qarn\u0131n\u0131 de\u015fib, u\u015faqlar\u0131n d\u0259ril\u0259rini soyub, g\u00f6zl\u0259rini \u00e7\u0131xar\u0131blar.<\/p>\n<p>TBMM \u00fczv\u00fc qeyd edib ki, az\u0259rbaycanl\u0131lara qar\u015f\u0131 t\u00f6r\u0259dil\u0259n soyq\u0131r\u0131m m\u0259s\u0259l\u0259si d\u00fcnya ictimaiyy\u0259tin\u0259 daha yax\u015f\u0131 izah edilm\u0259lidir:<\/p>\n<p>&#8220;Qar\u015f\u0131m\u0131zda bir vandal irq var. Bu bax\u0131mdan bizim m\u0259s\u0259l\u0259l\u0259ri d\u00fcnya ictimaiyy\u0259tin\u0259 \u00e7ox yax\u015f\u0131 izah etm\u0259yimiz laz\u0131md\u0131r. T\u0259\u0259ss\u00fcf ki, biz bu m\u0259s\u0259l\u0259d\u0259 erm\u0259nil\u0259rd\u0259n gerid\u0259yik. Onlar diaspora f\u0259aliyy\u0259tin\u0259 bizd\u0259n \u00e7ox \u0259vv\u0259l ba\u015flay\u0131blar&#8221;.<\/p>\n<p>\u015e.Ayr\u0131m\u0131n s\u00f6zl\u0259rin\u0259 g\u00f6r\u0259, T\u00fcrkiy\u0259 bir ne\u00e7\u0259 ildir ki, Heyd\u0259r \u018fliyev Fondunun h\u0259yata ke\u00e7irm\u0259y\u0259 ba\u015flad\u0131\u011f\u0131 &#8220;Xocal\u0131ya \u0259dal\u0259t&#8221; kampaniyas\u0131nda i\u015ftirak edir:<\/p>\n<p>&#8220;Bizim d\u0259 B\u00f6y\u00fck Mill\u0259t M\u0259clisind\u0259 bu m\u0259s\u0259l\u0259 il\u0259 ba\u011fl\u0131 \u00e7al\u0131\u015fmalar\u0131m\u0131z olacaq. T\u00fcrkiy\u0259d\u0259ki b\u00fct\u00fcn v\u0259t\u0259nda\u015f c\u0259miyy\u0259ti t\u0259\u015fkilatlar\u0131 Xocal\u0131 faci\u0259si il\u0259 \u0259laq\u0259dar t\u0259dbirl\u0259r ke\u00e7irirl\u0259r. Universitetl\u0259r bu m\u0259s\u0259l\u0259y\u0259 daha h\u0259ssas yana\u015f\u0131rlar. Bu il &#8220;Xocal\u0131 soyq\u0131r\u0131m\u0131 hadis\u0259si daha \u00e7ox s\u0259s g\u0259tirm\u0259lidir&#8221;, &#8211; dey\u0259 d\u00fc\u015f\u00fcn\u00fcr\u00fck. Soyq\u0131r\u0131mla ba\u011fl\u0131 T\u00fcrkiy\u0259 v\u0259 Az\u0259rbaycan\u0131n ortaq h\u0259d\u0259fi Erm\u0259nistand\u0131r&#8221;.<\/p>\n<div>\n<div id=\"AdviadNativeVideo0\" class=\"AdviadNativeVideo\"><\/div>\n<\/div>\n<p>Xat\u0131rladaq ki, 1992-ci il fevral\u0131n 25-d\u0259n 26-na ke\u00e7\u0259n gec\u0259 silahl\u0131 erm\u0259ni d\u0259st\u0259l\u0259ri ke\u00e7mi\u015f sovet ordusunun Xank\u0259ndid\u0259 yerl\u0259\u015f\u0259n 366-c\u0131 motoat\u0131c\u0131 alay\u0131n\u0131n a\u011f\u0131r texnikas\u0131 v\u0259 \u015f\u0259xsi hey\u0259tinin k\u00f6m\u0259yi il\u0259 Az\u0259rbaycan\u0131n q\u0259dim Xocal\u0131 \u015f\u0259h\u0259rinin \u00fcz\u0259rin\u0259 h\u00fccum edib v\u0259 onun dinc \u0259halisin\u0259 amans\u0131zcas\u0131na divan tutublar.<\/p>\n<p>H\u00fccum zaman\u0131 \u015f\u0259h\u0259rd\u0259 olan 3 min n\u0259f\u0259rd\u0259n 613-\u00fc, o c\u00fcml\u0259d\u0259n 106 qad\u0131n, 63 u\u015faq v\u0259 70 qoca x\u00fcsusi q\u0259ddarl\u0131qla \u00f6ld\u00fcr\u00fcl\u00fcb, 487 dinc sakin a\u011f\u0131r yaralan\u0131b, 1275 n\u0259f\u0259r girov g\u00f6t\u00fcr\u00fcl\u00fcb v\u0259 insan\u0131 al\u00e7aldan i\u015fg\u0259nc\u0259l\u0259r\u0259 m\u0259ruz qal\u0131b, 197 n\u0259f\u0259rin taleyi h\u0259l\u0259 d\u0259 m\u0259lum deyil. S\u0259kkiz ail\u0259 tamamil\u0259 m\u0259hv edilib. H\u0259min insanlar yaln\u0131z etnik m\u0259nsubiyy\u0259tl\u0259rin\u0259 &#8211; az\u0259rbaycanl\u0131 olduqlar\u0131na g\u00f6r\u0259 amans\u0131zcas\u0131na \u00f6ld\u00fcr\u00fcl\u00fcb, i\u015fg\u0259nc\u0259l\u0259r\u0259 m\u0259ruz qal\u0131b v\u0259 \u015fik\u0259st edilibl\u0259r.<\/p>\n<p>Erm\u0259nil\u0259rin bu c\u0259za t\u0259dbiri h\u0259rt\u0259r\u0259fli planla\u015fd\u0131r\u0131l\u0131b v\u0259 yegan\u0259 bir m\u0259qs\u0259dl\u0259 t\u00f6r\u0259dilib &#8211; dinc sakinl\u0259ri milli m\u0259nsubiyy\u0259t \u0259lam\u0259tin\u0259 g\u00f6r\u0259 qism\u0259n v\u0259 ya tamamil\u0259 m\u0259hv etm\u0259k. Beyn\u0259lxalq h\u00fcquqa g\u00f6r\u0259 bel\u0259 h\u0259r\u0259k\u0259tl\u0259r &#8220;soyq\u0131r\u0131m\u0131&#8221; anlay\u0131\u015f\u0131na uy\u011fundur v\u0259 d\u00fcnya ictimaiyy\u0259ti t\u0259r\u0259find\u0259n bu c\u00fcr tan\u0131nmal\u0131d\u0131r.<\/p>\n","protected":false},"excerpt":{"rendered":"<p>Xocal\u0131 soyq\u0131r\u0131m\u0131 erm\u0259nil\u0259r t\u0259r\u0259find\u0259n az\u0259rbaycanl\u0131lara qar\u015f\u0131 t\u00f6r\u0259dil\u0259n ilk soyq\u0131r\u0131m deyil. Az\u0259rbaycanl\u0131lar 200 ildir ki, q\u0259tliama m\u0259ruzdurlar. ARANTV.AZ bildirir ki, bunu\u00a0Trend-\u0259 T\u00fcrkiy\u0259 B\u00f6y\u00fck Mill\u0259t M\u0259clisinin (TBMM) \u00fczv\u00fc, T\u00fcrkiy\u0259-Az\u0259rbaycan Dostluq Qrupunun r\u0259hb\u0259ri \u015eamil Ayr\u0131m deyib. Onun s\u00f6zl\u0259rin\u0259 g\u00f6r\u0259, az\u0259rbaycanl\u0131lara qar\u015f\u0131 soyq\u0131r\u0131mlar 1905, 1918, 1992-ci ill\u0259rd\u0259 t\u00f6r\u0259dilib. Bunlar\u0131n ham\u0131s\u0131n\u0131n \u00e7ox v\u0259h\u015fi q\u0259tliamlar oldu\u011funu dey\u0259n \u015e.Ayr\u0131m bildirib ki, erm\u0259nil\u0259r hamil\u0259 qad\u0131nlar\u0131n qarn\u0131n\u0131 de\u015fib, u\u015faqlar\u0131n d\u0259ril\u0259rini soyub, g\u00f6zl\u0259rini \u00e7\u0131xar\u0131blar. TBMM \u00fczv\u00fc qeyd edib ki, az\u0259rbaycanl\u0131lara qar\u015f\u0131 t\u00f6r\u0259dil\u0259n soyq\u0131r\u0131m m\u0259s\u0259l\u0259si d\u00fcnya ictimaiyy\u0259tin\u0259 daha yax\u015f\u0131 izah edilm\u0259lidir: &#8220;Qar\u015f\u0131m\u0131zda bir vandal irq var. Bu bax\u0131mdan bizim m\u0259s\u0259l\u0259l\u0259ri d\u00fcnya&hellip;<\/p>\n","protected":false},"author":2,"featured_media":133301,"comment_status":"closed","ping_status":"closed","sticky":false,"template":"","format":"standard","meta":{"om_disable_all_campaigns":false,"_monsterinsights_skip_tracking":false,"_monsterinsights_sitenote_active":false,"_monsterinsights_sitenote_note":"","_monsterinsights_sitenote_category":0},"categories":[1],"tags":[],"aioseo_notices":[],"gutentor_comment":0,"rttpg_featured_image_url":{"full":["https:\/\/arantv.az\/wp-content\/uploads\/2020\/02\/827898.jpg",800,600,false],"landscape":["https:\/\/arantv.az\/wp-content\/uploads\/2020\/02\/827898.jpg",800,600,false],"portraits":["https:\/\/arantv.az\/wp-content\/uploads\/2020\/02\/827898.jpg",800,600,false],"thumbnail":["https:\/\/arantv.az\/wp-content\/uploads\/2020\/02\/827898-150x150.jpg",150,150,true],"medium":["https:\/\/arantv.az\/wp-content\/uploads\/2020\/02\/827898-300x225.jpg",300,225,true],"large":["https:\/\/arantv.az\/wp-content\/uploads\/2020\/02\/827898.jpg",640,480,false],"1536x1536":["https:\/\/arantv.az\/wp-content\/uploads\/2020\/02\/827898.jpg",800,600,false],"2048x2048":["https:\/\/arantv.az\/wp-content\/uploads\/2020\/02\/827898.jpg",800,600,false],"post-thumbnail":["https:\/\/arantv.az\/wp-content\/uploads\/2020\/02\/827898-240x172.jpg",240,172,true],"advps-thumb-one":["https:\/\/arantv.az\/wp-content\/uploads\/2020\/02\/827898.jpg",800,600,false]},"rttpg_author":{"display_name":"V\u00fcsal Rafiqo\u011flu","author_link":"https:\/\/arantv.az\/?author=2"},"rttpg_comment":0,"rttpg_category":"<a href=\"https:\/\/arantv.az\/?cat=1\" rel=\"category\">C\u0259miyy\u0259t<\/a>","rttpg_excerpt":"Xocal\u0131 soyq\u0131r\u0131m\u0131 erm\u0259nil\u0259r t\u0259r\u0259find\u0259n az\u0259rbaycanl\u0131lara qar\u015f\u0131 t\u00f6r\u0259dil\u0259n ilk soyq\u0131r\u0131m deyil. Az\u0259rbaycanl\u0131lar 200 ildir ki, q\u0259tliama m\u0259ruzdurlar. ARANTV.AZ bildirir ki, bunu\u00a0Trend-\u0259 T\u00fcrkiy\u0259 B\u00f6y\u00fck Mill\u0259t M\u0259clisinin (TBMM) \u00fczv\u00fc, T\u00fcrkiy\u0259-Az\u0259rbaycan Dostluq Qrupunun r\u0259hb\u0259ri \u015eamil Ayr\u0131m deyib. Onun s\u00f6zl\u0259rin\u0259 g\u00f6r\u0259, az\u0259rbaycanl\u0131lara qar\u015f\u0131 soyq\u0131r\u0131mlar 1905, 1918, 1992-ci ill\u0259rd\u0259 t\u00f6r\u0259dilib. Bunlar\u0131n ham\u0131s\u0131n\u0131n \u00e7ox v\u0259h\u015fi q\u0259tliamlar oldu\u011funu dey\u0259n \u015e.Ayr\u0131m bildirib ki, erm\u0259nil\u0259r&hellip;","_links":{"self":[{"href":"https:\/\/arantv.az\/index.php?rest_route=\/wp\/v2\/posts\/133768"}],"collection":[{"href":"https:\/\/arantv.az\/index.php?rest_route=\/wp\/v2\/posts"}],"about":[{"href":"https:\/\/arantv.az\/index.php?rest_route=\/wp\/v2\/types\/post"}],"author":[{"embeddable":true,"href":"https:\/\/arantv.az\/index.php?rest_route=\/wp\/v2\/users\/2"}],"replies":[{"embeddable":true,"href":"https:\/\/arantv.az\/index.php?rest_route=%2Fwp%2Fv2%2Fcomments&post=133768"}],"version-history":[{"count":0,"href":"https:\/\/arantv.az\/index.php?rest_route=\/wp\/v2\/posts\/133768\/revisions"}],"wp:featuredmedia":[{"embeddable":true,"href":"https:\/\/arantv.az\/index.php?rest_route=\/wp\/v2\/media\/133301"}],"wp:attachment":[{"href":"https:\/\/arantv.az\/index.php?rest_route=%2Fwp%2Fv2%2Fmedia&parent=133768"}],"wp:term":[{"taxonomy":"category","embeddable":true,"href":"https:\/\/arantv.az\/index.php?rest_route=%2Fwp%2Fv2%2Fcategories&post=133768"},{"taxonomy":"post_tag","embeddable":true,"href":"https:\/\/arantv.az\/index.php?rest_route=%2Fwp%2Fv2%2Ftags&post=133768"}],"curies":[{"name":"wp","href":"https:\/\/api.w.org\/{rel}","templated":true}]}}