{"id":133775,"date":"2020-02-24T07:53:48","date_gmt":"2020-02-24T04:53:48","guid":{"rendered":"http:\/\/arantv.az\/?p=133775"},"modified":"2020-02-24T07:53:48","modified_gmt":"2020-02-24T04:53:48","slug":"baki-sumqayit-yolunda-boyuk-tixac-yaranib-foto","status":"publish","type":"post","link":"https:\/\/arantv.az\/?p=133775","title":{"rendered":"Bak\u0131-Sumqay\u0131t yolunda b\u00f6y\u00fck t\u0131xac yaran\u0131b \u2013 FOTO"},"content":{"rendered":"<p>Bak\u0131-Sumqay\u0131t yolunda paytaxt istiqam\u0259tind\u0259 t\u0131xac yaran\u0131b.<\/p>\n<p><b>ARANTV.AZ\u00a0<\/b> x\u0259b\u0259r verir ki, Ab\u015feron rayonu Masaz\u0131r dair\u0259si ke\u00e7\u0259n hiss\u0259sind\u0259n ba\u015flayan s\u0131xl\u0131q 20 Yanvar dair\u0259sin\u0259 q\u0259d\u0259r davam edir. S\u0131xl\u0131q s\u0259b\u0259bind\u0259n yolda n\u0259qliyyat vasit\u0259l\u0259rinin h\u0259r\u0259k\u0259ti iflic olub.<\/p>\n<p>Yaranan t\u0131xaca s\u0259b\u0259b yolun geni\u015fl\u0259ndirm\u0259si istiqam\u0259tind\u0259 apar\u0131lan t\u0259mir i\u015fl\u0259ri il\u0259 \u0259laq\u0259dard\u0131r.<\/p>\n<p>&nbsp;<\/p>\n<div class=\"gallery\">\n<div class=\"gallery-i\"><img src=\"https:\/\/assets.oxu.az\/uploads\/W1siZiIsIjIwMjAvMDIvMjQvMDgvNDkvMzAvZDMwNmVmZTgtYTg4Zi00NjIyLWE5Y2QtZjdlNTcxNDRjNmNjLzEuanBnIl0sWyJwIiwiZW5jb2RlIiwianBnIiwiLXF1YWxpdHkgODAiXSxbInAiLCJ0aHVtYiIsIjU5MHg1OTBcdTAwM2UiXV0?sha=dcdbca4ac4eca191\" alt=\"\" \/><\/div>\n<div class=\"gallery-i\"><img src=\"https:\/\/assets.oxu.az\/uploads\/W1siZiIsIjIwMjAvMDIvMjQvMDgvNDkvMzEvM2RmZTVjN2UtOWUzNy00YTU2LWJlMmQtNzEwY2U5MmJhZGQwLzIuanBnIl0sWyJwIiwiZW5jb2RlIiwianBnIiwiLXF1YWxpdHkgODAiXSxbInAiLCJ0aHVtYiIsIjU5MHg1OTBcdTAwM2UiXV0?sha=bb013beec6600bdb\" alt=\"\" \/><\/div>\n<div class=\"gallery-i\"><img src=\"https:\/\/assets.oxu.az\/uploads\/W1siZiIsIjIwMjAvMDIvMjQvMDgvNDkvMzEvNzBiZjVjNWUtOGE1MC00NDY5LWIxMjctY2Q3MzhkOWMyYWU3LzMuanBnIl0sWyJwIiwiZW5jb2RlIiwianBnIiwiLXF1YWxpdHkgODAiXSxbInAiLCJ0aHVtYiIsIjU5MHg1OTBcdTAwM2UiXV0?sha=34c1549e49f30627\" alt=\"\" \/><\/div>\n<\/div>\n<div>Oxu.Az<\/div>\n","protected":false},"excerpt":{"rendered":"<p>Bak\u0131-Sumqay\u0131t yolunda paytaxt istiqam\u0259tind\u0259 t\u0131xac yaran\u0131b. ARANTV.AZ\u00a0 x\u0259b\u0259r verir ki, Ab\u015feron rayonu Masaz\u0131r dair\u0259si ke\u00e7\u0259n hiss\u0259sind\u0259n ba\u015flayan s\u0131xl\u0131q 20 Yanvar dair\u0259sin\u0259 q\u0259d\u0259r davam edir. S\u0131xl\u0131q s\u0259b\u0259bind\u0259n yolda n\u0259qliyyat vasit\u0259l\u0259rinin h\u0259r\u0259k\u0259ti iflic olub. Yaranan t\u0131xaca s\u0259b\u0259b yolun geni\u015fl\u0259ndirm\u0259si istiqam\u0259tind\u0259 apar\u0131lan t\u0259mir i\u015fl\u0259ri il\u0259 \u0259laq\u0259dard\u0131r. &nbsp; Oxu.Az<\/p>\n","protected":false},"author":2,"featured_media":133776,"comment_status":"closed","ping_status":"closed","sticky":false,"template":"","format":"standard","meta":{"om_disable_all_campaigns":false,"_monsterinsights_skip_tracking":false,"_monsterinsights_sitenote_active":false,"_monsterinsights_sitenote_note":"","_monsterinsights_sitenote_category":0},"categories":[1],"tags":[],"aioseo_notices":[],"gutentor_comment":0,"rttpg_featured_image_url":{"full":["https:\/\/arantv.az\/wp-content\/uploads\/2020\/02\/t\u00c4\u00b1xac.jpg",620,465,false],"landscape":["https:\/\/arantv.az\/wp-content\/uploads\/2020\/02\/t\u00c4\u00b1xac.jpg",620,465,false],"portraits":["https:\/\/arantv.az\/wp-content\/uploads\/2020\/02\/t\u00c4\u00b1xac.jpg",620,465,false],"thumbnail":["https:\/\/arantv.az\/wp-content\/uploads\/2020\/02\/t\u00c4\u00b1xac-150x150.jpg",150,150,true],"medium":["https:\/\/arantv.az\/wp-content\/uploads\/2020\/02\/t\u00c4\u00b1xac-300x225.jpg",300,225,true],"large":["https:\/\/arantv.az\/wp-content\/uploads\/2020\/02\/t\u00c4\u00b1xac.jpg",620,465,false],"1536x1536":["https:\/\/arantv.az\/wp-content\/uploads\/2020\/02\/t\u00c4\u00b1xac.jpg",620,465,false],"2048x2048":["https:\/\/arantv.az\/wp-content\/uploads\/2020\/02\/t\u00c4\u00b1xac.jpg",620,465,false],"post-thumbnail":["https:\/\/arantv.az\/wp-content\/uploads\/2020\/02\/t\u00c4\u00b1xac-240x172.jpg",240,172,true],"advps-thumb-one":["https:\/\/arantv.az\/wp-content\/uploads\/2020\/02\/t\u00c4\u00b1xac.jpg",620,465,false]},"rttpg_author":{"display_name":"V\u00fcsal Rafiqo\u011flu","author_link":"https:\/\/arantv.az\/?author=2"},"rttpg_comment":0,"rttpg_category":"<a href=\"https:\/\/arantv.az\/?cat=1\" rel=\"category\">C\u0259miyy\u0259t<\/a>","rttpg_excerpt":"Bak\u0131-Sumqay\u0131t yolunda paytaxt istiqam\u0259tind\u0259 t\u0131xac yaran\u0131b. ARANTV.AZ\u00a0 x\u0259b\u0259r verir ki, Ab\u015feron rayonu Masaz\u0131r dair\u0259si ke\u00e7\u0259n hiss\u0259sind\u0259n ba\u015flayan s\u0131xl\u0131q 20 Yanvar dair\u0259sin\u0259 q\u0259d\u0259r davam edir. S\u0131xl\u0131q s\u0259b\u0259bind\u0259n yolda n\u0259qliyyat vasit\u0259l\u0259rinin h\u0259r\u0259k\u0259ti iflic olub. Yaranan t\u0131xaca s\u0259b\u0259b yolun geni\u015fl\u0259ndirm\u0259si istiqam\u0259tind\u0259 apar\u0131lan t\u0259mir i\u015fl\u0259ri il\u0259 \u0259laq\u0259dard\u0131r. &nbsp; Oxu.Az","_links":{"self":[{"href":"https:\/\/arantv.az\/index.php?rest_route=\/wp\/v2\/posts\/133775"}],"collection":[{"href":"https:\/\/arantv.az\/index.php?rest_route=\/wp\/v2\/posts"}],"about":[{"href":"https:\/\/arantv.az\/index.php?rest_route=\/wp\/v2\/types\/post"}],"author":[{"embeddable":true,"href":"https:\/\/arantv.az\/index.php?rest_route=\/wp\/v2\/users\/2"}],"replies":[{"embeddable":true,"href":"https:\/\/arantv.az\/index.php?rest_route=%2Fwp%2Fv2%2Fcomments&post=133775"}],"version-history":[{"count":0,"href":"https:\/\/arantv.az\/index.php?rest_route=\/wp\/v2\/posts\/133775\/revisions"}],"wp:featuredmedia":[{"embeddable":true,"href":"https:\/\/arantv.az\/index.php?rest_route=\/wp\/v2\/media\/133776"}],"wp:attachment":[{"href":"https:\/\/arantv.az\/index.php?rest_route=%2Fwp%2Fv2%2Fmedia&parent=133775"}],"wp:term":[{"taxonomy":"category","embeddable":true,"href":"https:\/\/arantv.az\/index.php?rest_route=%2Fwp%2Fv2%2Fcategories&post=133775"},{"taxonomy":"post_tag","embeddable":true,"href":"https:\/\/arantv.az\/index.php?rest_route=%2Fwp%2Fv2%2Ftags&post=133775"}],"curies":[{"name":"wp","href":"https:\/\/api.w.org\/{rel}","templated":true}]}}