{"id":133801,"date":"2020-02-24T08:18:24","date_gmt":"2020-02-24T05:18:24","guid":{"rendered":"http:\/\/arantv.az\/?p=133801"},"modified":"2020-02-24T08:18:24","modified_gmt":"2020-02-24T05:18:24","slug":"turkiy%c9%99d%c9%99-z%c9%99lz%c9%99l%c9%99-olub-2","status":"publish","type":"post","link":"https:\/\/arantv.az\/?p=133801","title":{"rendered":"T\u00fcrkiy\u0259d\u0259 z\u0259lz\u0259l\u0259 olub"},"content":{"rendered":"<p>T\u00fcrkiy\u0259nin Manisa vilay\u0259tinin Akhisar rayonunda 4,8 bal g\u00fcc\u00fcnd\u0259 z\u0259lz\u0259l\u0259 ba\u015f verib.<\/p>\n<p>\u201cAnadolu Ajans\u0131\u201d\u0131n yayd\u0131\u011f\u0131 m\u0259lumata g\u00f6r\u0259, yeralt\u0131 t\u0259kan\u0131n yerli vaxtla 05:43-d\u0259 ba\u015f verdiyi bildirilir.<\/p>\n<p>Episentri yerin 7 kilometr d\u0259rinliyind\u0259 olan z\u0259lz\u0259l\u0259 zaman\u0131 da\u011f\u0131nt\u0131lar\u0131n v\u0259 t\u0259l\u0259fat\u0131n\u00a0olmad\u0131\u011f\u0131 qeyd edilib.<\/p>\n<p>Qeyd ed\u0259k ki, \u00f6t\u0259n g\u00fcn yerli vaxtla 15:40-da Akhisar rayonunun Karab\u00f6rkl\u00fc m\u0259h\u0259ll\u0259sind\u0259 d\u0259 4,5 bal g\u00fcc\u00fcnd\u0259 z\u0259lz\u0259l\u0259 ba\u015f verib.<\/p>\n","protected":false},"excerpt":{"rendered":"<p>T\u00fcrkiy\u0259nin Manisa vilay\u0259tinin Akhisar rayonunda 4,8 bal g\u00fcc\u00fcnd\u0259 z\u0259lz\u0259l\u0259 ba\u015f verib. \u201cAnadolu Ajans\u0131\u201d\u0131n yayd\u0131\u011f\u0131 m\u0259lumata g\u00f6r\u0259, yeralt\u0131 t\u0259kan\u0131n yerli vaxtla 05:43-d\u0259 ba\u015f verdiyi bildirilir. Episentri yerin 7 kilometr d\u0259rinliyind\u0259 olan z\u0259lz\u0259l\u0259 zaman\u0131 da\u011f\u0131nt\u0131lar\u0131n v\u0259 t\u0259l\u0259fat\u0131n\u00a0olmad\u0131\u011f\u0131 qeyd edilib. Qeyd ed\u0259k ki, \u00f6t\u0259n g\u00fcn yerli vaxtla 15:40-da Akhisar rayonunun Karab\u00f6rkl\u00fc m\u0259h\u0259ll\u0259sind\u0259 d\u0259 4,5 bal g\u00fcc\u00fcnd\u0259 z\u0259lz\u0259l\u0259 ba\u015f verib.<\/p>\n","protected":false},"author":2,"featured_media":133802,"comment_status":"closed","ping_status":"closed","sticky":false,"template":"","format":"standard","meta":{"om_disable_all_campaigns":false,"_monsterinsights_skip_tracking":false,"_monsterinsights_sitenote_active":false,"_monsterinsights_sitenote_note":"","_monsterinsights_sitenote_category":0},"categories":[7],"tags":[],"aioseo_notices":[],"gutentor_comment":0,"rttpg_featured_image_url":{"full":["https:\/\/arantv.az\/wp-content\/uploads\/2020\/02\/son-dakika-manisa-da-4-8-buyuklugunde-deprem-12947809_4127_o.jpg",620,329,false],"landscape":["https:\/\/arantv.az\/wp-content\/uploads\/2020\/02\/son-dakika-manisa-da-4-8-buyuklugunde-deprem-12947809_4127_o.jpg",620,329,false],"portraits":["https:\/\/arantv.az\/wp-content\/uploads\/2020\/02\/son-dakika-manisa-da-4-8-buyuklugunde-deprem-12947809_4127_o.jpg",620,329,false],"thumbnail":["https:\/\/arantv.az\/wp-content\/uploads\/2020\/02\/son-dakika-manisa-da-4-8-buyuklugunde-deprem-12947809_4127_o-150x150.jpg",150,150,true],"medium":["https:\/\/arantv.az\/wp-content\/uploads\/2020\/02\/son-dakika-manisa-da-4-8-buyuklugunde-deprem-12947809_4127_o-300x159.jpg",300,159,true],"large":["https:\/\/arantv.az\/wp-content\/uploads\/2020\/02\/son-dakika-manisa-da-4-8-buyuklugunde-deprem-12947809_4127_o.jpg",620,329,false],"1536x1536":["https:\/\/arantv.az\/wp-content\/uploads\/2020\/02\/son-dakika-manisa-da-4-8-buyuklugunde-deprem-12947809_4127_o.jpg",620,329,false],"2048x2048":["https:\/\/arantv.az\/wp-content\/uploads\/2020\/02\/son-dakika-manisa-da-4-8-buyuklugunde-deprem-12947809_4127_o.jpg",620,329,false],"post-thumbnail":["https:\/\/arantv.az\/wp-content\/uploads\/2020\/02\/son-dakika-manisa-da-4-8-buyuklugunde-deprem-12947809_4127_o-240x172.jpg",240,172,true],"advps-thumb-one":["https:\/\/arantv.az\/wp-content\/uploads\/2020\/02\/son-dakika-manisa-da-4-8-buyuklugunde-deprem-12947809_4127_o.jpg",620,329,false]},"rttpg_author":{"display_name":"V\u00fcsal Rafiqo\u011flu","author_link":"https:\/\/arantv.az\/?author=2"},"rttpg_comment":0,"rttpg_category":"<a href=\"https:\/\/arantv.az\/?cat=7\" rel=\"category\">D\u00fcnya<\/a>","rttpg_excerpt":"T\u00fcrkiy\u0259nin Manisa vilay\u0259tinin Akhisar rayonunda 4,8 bal g\u00fcc\u00fcnd\u0259 z\u0259lz\u0259l\u0259 ba\u015f verib. \u201cAnadolu Ajans\u0131\u201d\u0131n yayd\u0131\u011f\u0131 m\u0259lumata g\u00f6r\u0259, yeralt\u0131 t\u0259kan\u0131n yerli vaxtla 05:43-d\u0259 ba\u015f verdiyi bildirilir. Episentri yerin 7 kilometr d\u0259rinliyind\u0259 olan z\u0259lz\u0259l\u0259 zaman\u0131 da\u011f\u0131nt\u0131lar\u0131n v\u0259 t\u0259l\u0259fat\u0131n\u00a0olmad\u0131\u011f\u0131 qeyd edilib. Qeyd ed\u0259k ki, \u00f6t\u0259n g\u00fcn yerli vaxtla 15:40-da Akhisar rayonunun Karab\u00f6rkl\u00fc m\u0259h\u0259ll\u0259sind\u0259 d\u0259 4,5 bal g\u00fcc\u00fcnd\u0259 z\u0259lz\u0259l\u0259 ba\u015f&hellip;","_links":{"self":[{"href":"https:\/\/arantv.az\/index.php?rest_route=\/wp\/v2\/posts\/133801"}],"collection":[{"href":"https:\/\/arantv.az\/index.php?rest_route=\/wp\/v2\/posts"}],"about":[{"href":"https:\/\/arantv.az\/index.php?rest_route=\/wp\/v2\/types\/post"}],"author":[{"embeddable":true,"href":"https:\/\/arantv.az\/index.php?rest_route=\/wp\/v2\/users\/2"}],"replies":[{"embeddable":true,"href":"https:\/\/arantv.az\/index.php?rest_route=%2Fwp%2Fv2%2Fcomments&post=133801"}],"version-history":[{"count":0,"href":"https:\/\/arantv.az\/index.php?rest_route=\/wp\/v2\/posts\/133801\/revisions"}],"wp:featuredmedia":[{"embeddable":true,"href":"https:\/\/arantv.az\/index.php?rest_route=\/wp\/v2\/media\/133802"}],"wp:attachment":[{"href":"https:\/\/arantv.az\/index.php?rest_route=%2Fwp%2Fv2%2Fmedia&parent=133801"}],"wp:term":[{"taxonomy":"category","embeddable":true,"href":"https:\/\/arantv.az\/index.php?rest_route=%2Fwp%2Fv2%2Fcategories&post=133801"},{"taxonomy":"post_tag","embeddable":true,"href":"https:\/\/arantv.az\/index.php?rest_route=%2Fwp%2Fv2%2Ftags&post=133801"}],"curies":[{"name":"wp","href":"https:\/\/api.w.org\/{rel}","templated":true}]}}