{"id":133985,"date":"2020-02-24T10:20:32","date_gmt":"2020-02-24T07:20:32","guid":{"rendered":"http:\/\/arantv.az\/?p=133985"},"modified":"2020-02-24T10:20:32","modified_gmt":"2020-02-24T07:20:32","slug":"maliyy%c9%99-nazirliyind%c9%99-kadr-d%c9%99yisikliyi-olub","status":"publish","type":"post","link":"https:\/\/arantv.az\/?p=133985","title":{"rendered":"Maliyy\u0259 Nazirliyind\u0259 kadr d\u0259yi\u015fikliyi olub"},"content":{"rendered":"<p>Maliyy\u0259 Nazirliyin\u0259 m\u0259xsus \u201cM\u0259lumat Hesablama M\u0259rk\u0259zi\u201d MMC-nin direktoru \u018fbd\u00fcl Dada\u015fov pensiya ya\u015f\u0131n\u0131n \u00e7atmas\u0131 il\u0259 \u0259laq\u0259dar v\u0259zif\u0259sind\u0259n azad edilib.<\/p>\n<p><strong>ARANTV.AZ<\/strong> x\u0259b\u0259r verir ki, \u015firk\u0259t\u0259 r\u0259hb\u0259rlik onun m\u00fcavini Elnur \u0130brahimova h\u0259val\u0259 olunub.<\/p>\n<p>Xat\u0131rladaq ki, \u201cM\u0259lumat Hesablama M\u0259rk\u0259zi\u201d 1996-c\u0131 ild\u0259, 6 min manat nizamnam\u0259 kapital\u0131 il\u0259 yarad\u0131l\u0131b. \u015eirk\u0259tin \u0259sas m\u0259qs\u0259di maliyy\u0259 prosesl\u0259rinin idar\u0259 edilm\u0259sini t\u0259kmill\u0259\u015fdirm\u0259kdir.\u201cReport\u201d<\/p>\n","protected":false},"excerpt":{"rendered":"<p>Maliyy\u0259 Nazirliyin\u0259 m\u0259xsus \u201cM\u0259lumat Hesablama M\u0259rk\u0259zi\u201d MMC-nin direktoru \u018fbd\u00fcl Dada\u015fov pensiya ya\u015f\u0131n\u0131n \u00e7atmas\u0131 il\u0259 \u0259laq\u0259dar v\u0259zif\u0259sind\u0259n azad edilib. ARANTV.AZ x\u0259b\u0259r verir ki, \u015firk\u0259t\u0259 r\u0259hb\u0259rlik onun m\u00fcavini Elnur \u0130brahimova h\u0259val\u0259 olunub. Xat\u0131rladaq ki, \u201cM\u0259lumat Hesablama M\u0259rk\u0259zi\u201d 1996-c\u0131 ild\u0259, 6 min manat nizamnam\u0259 kapital\u0131 il\u0259 yarad\u0131l\u0131b. \u015eirk\u0259tin \u0259sas m\u0259qs\u0259di maliyy\u0259 prosesl\u0259rinin idar\u0259 edilm\u0259sini t\u0259kmill\u0259\u015fdirm\u0259kdir.\u201cReport\u201d<\/p>\n","protected":false},"author":2,"featured_media":133986,"comment_status":"closed","ping_status":"closed","sticky":false,"template":"","format":"standard","meta":{"om_disable_all_campaigns":false,"_monsterinsights_skip_tracking":false,"_monsterinsights_sitenote_active":false,"_monsterinsights_sitenote_note":"","_monsterinsights_sitenote_category":0},"categories":[1],"tags":[],"aioseo_notices":[],"gutentor_comment":0,"rttpg_featured_image_url":{"full":["https:\/\/arantv.az\/wp-content\/uploads\/2020\/02\/73adc95c-539b-4372-96e0-4c8fdc4ef12a.jpg",650,433,false],"landscape":["https:\/\/arantv.az\/wp-content\/uploads\/2020\/02\/73adc95c-539b-4372-96e0-4c8fdc4ef12a.jpg",650,433,false],"portraits":["https:\/\/arantv.az\/wp-content\/uploads\/2020\/02\/73adc95c-539b-4372-96e0-4c8fdc4ef12a.jpg",650,433,false],"thumbnail":["https:\/\/arantv.az\/wp-content\/uploads\/2020\/02\/73adc95c-539b-4372-96e0-4c8fdc4ef12a-150x150.jpg",150,150,true],"medium":["https:\/\/arantv.az\/wp-content\/uploads\/2020\/02\/73adc95c-539b-4372-96e0-4c8fdc4ef12a-300x200.jpg",300,200,true],"large":["https:\/\/arantv.az\/wp-content\/uploads\/2020\/02\/73adc95c-539b-4372-96e0-4c8fdc4ef12a.jpg",640,426,false],"1536x1536":["https:\/\/arantv.az\/wp-content\/uploads\/2020\/02\/73adc95c-539b-4372-96e0-4c8fdc4ef12a.jpg",650,433,false],"2048x2048":["https:\/\/arantv.az\/wp-content\/uploads\/2020\/02\/73adc95c-539b-4372-96e0-4c8fdc4ef12a.jpg",650,433,false],"post-thumbnail":["https:\/\/arantv.az\/wp-content\/uploads\/2020\/02\/73adc95c-539b-4372-96e0-4c8fdc4ef12a-240x172.jpg",240,172,true],"advps-thumb-one":["https:\/\/arantv.az\/wp-content\/uploads\/2020\/02\/73adc95c-539b-4372-96e0-4c8fdc4ef12a.jpg",650,433,false]},"rttpg_author":{"display_name":"V\u00fcsal Rafiqo\u011flu","author_link":"https:\/\/arantv.az\/?author=2"},"rttpg_comment":0,"rttpg_category":"<a href=\"https:\/\/arantv.az\/?cat=1\" rel=\"category\">C\u0259miyy\u0259t<\/a>","rttpg_excerpt":"Maliyy\u0259 Nazirliyin\u0259 m\u0259xsus \u201cM\u0259lumat Hesablama M\u0259rk\u0259zi\u201d MMC-nin direktoru \u018fbd\u00fcl Dada\u015fov pensiya ya\u015f\u0131n\u0131n \u00e7atmas\u0131 il\u0259 \u0259laq\u0259dar v\u0259zif\u0259sind\u0259n azad edilib. ARANTV.AZ x\u0259b\u0259r verir ki, \u015firk\u0259t\u0259 r\u0259hb\u0259rlik onun m\u00fcavini Elnur \u0130brahimova h\u0259val\u0259 olunub. Xat\u0131rladaq ki, \u201cM\u0259lumat Hesablama M\u0259rk\u0259zi\u201d 1996-c\u0131 ild\u0259, 6 min manat nizamnam\u0259 kapital\u0131 il\u0259 yarad\u0131l\u0131b. \u015eirk\u0259tin \u0259sas m\u0259qs\u0259di maliyy\u0259 prosesl\u0259rinin idar\u0259 edilm\u0259sini t\u0259kmill\u0259\u015fdirm\u0259kdir.\u201cReport\u201d","_links":{"self":[{"href":"https:\/\/arantv.az\/index.php?rest_route=\/wp\/v2\/posts\/133985"}],"collection":[{"href":"https:\/\/arantv.az\/index.php?rest_route=\/wp\/v2\/posts"}],"about":[{"href":"https:\/\/arantv.az\/index.php?rest_route=\/wp\/v2\/types\/post"}],"author":[{"embeddable":true,"href":"https:\/\/arantv.az\/index.php?rest_route=\/wp\/v2\/users\/2"}],"replies":[{"embeddable":true,"href":"https:\/\/arantv.az\/index.php?rest_route=%2Fwp%2Fv2%2Fcomments&post=133985"}],"version-history":[{"count":0,"href":"https:\/\/arantv.az\/index.php?rest_route=\/wp\/v2\/posts\/133985\/revisions"}],"wp:featuredmedia":[{"embeddable":true,"href":"https:\/\/arantv.az\/index.php?rest_route=\/wp\/v2\/media\/133986"}],"wp:attachment":[{"href":"https:\/\/arantv.az\/index.php?rest_route=%2Fwp%2Fv2%2Fmedia&parent=133985"}],"wp:term":[{"taxonomy":"category","embeddable":true,"href":"https:\/\/arantv.az\/index.php?rest_route=%2Fwp%2Fv2%2Fcategories&post=133985"},{"taxonomy":"post_tag","embeddable":true,"href":"https:\/\/arantv.az\/index.php?rest_route=%2Fwp%2Fv2%2Ftags&post=133985"}],"curies":[{"name":"wp","href":"https:\/\/api.w.org\/{rel}","templated":true}]}}