{"id":133989,"date":"2020-02-24T10:25:59","date_gmt":"2020-02-24T07:25:59","guid":{"rendered":"http:\/\/arantv.az\/?p=133989"},"modified":"2020-02-24T10:25:59","modified_gmt":"2020-02-24T07:25:59","slug":"pa-r%c9%99smisi-xocali-soyqriminin-beyn%c9%99lxalq-ictimaiyy%c9%99t%c9%99-t%c9%99qdim-olunmasi-istiqam%c9%99tind%c9%99-s%c9%99yl%c9%99rimiz-davam-edir","status":"publish","type":"post","link":"https:\/\/arantv.az\/?p=133989","title":{"rendered":"PA r\u0259smisi: &#8220;Xocal\u0131 soyqr\u0131m\u0131n\u0131n beyn\u0259lxalq ictimaiyy\u0259t\u0259 t\u0259qdim olunmas\u0131 istiqam\u0259tind\u0259 s\u0259yl\u0259rimiz davam edir&#8221;"},"content":{"rendered":"<blockquote><p><em><strong>Xocal\u0131 soyq\u0131r\u0131m\u0131n\u0131n beyn\u0259lxalq ictimaiyy\u0259t\u0259 t\u0259qdim olunmas\u0131 v\u0259 onun soyq\u0131r\u0131m akt\u0131 olaraq tan\u0131d\u0131lmas\u0131 istiqam\u0259tind\u0259 s\u0259yl\u0259rimiz davam edir.<\/strong><\/em><\/p><\/blockquote>\n<p><strong>ARANTV.AZ<\/strong>\u00a0<a href=\"https:\/\/az.trend.az\/\" target=\"_blank\" rel=\"noopener\">Trend<\/a>-\u0259 istinad\u0259n x\u0259b\u0259r verir ki, bunu jurnalistl\u0259r\u0259 a\u00e7\u0131qlamas\u0131nda Prezident Administrasiyas\u0131n\u0131n (PA) \u015f\u00f6b\u0259 m\u00fcdiri Hikm\u0259t Hac\u0131yev deyib.<\/p>\n<p>H.Hac\u0131yev bildirib ki, \u0259sas m\u0259qs\u0259d Xocal\u0131n\u0131n beyn\u0259xalq m\u0259hk\u0259m\u0259l\u0259r m\u00fcst\u0259vid\u0259 soyq\u0131r\u0131m kimi tan\u0131d\u0131lmas\u0131d\u0131r:<\/p>\n<p>&#8220;Az\u0259rbaycan xalq\u0131 Xocal\u0131 faci\u0259sinin 28-ci ild\u00f6n\u00fcm\u00fcn\u00fc qeyd edir. Xocal\u0131 faci\u0259si xalq\u0131m\u0131z\u0131n a\u011fr\u0131l\u0131 yaras\u0131d\u0131r. Az\u0259rbaycan xalq\u0131 onlar\u0131n xatir\u0259sini \u00f6z yadda\u015f\u0131nda saxlay\u0131r v\u0259 b\u00f6y\u00fck ehtiramla onlar\u0131 yad edir. Bu g\u00fcn Xocal\u0131 faci\u0259sinin beyn\u0259lxalq ictimaiyy\u0259t\u0259 t\u0259qdim olunmas\u0131 v\u0259 onun soyq\u0131r\u0131m akt\u0131 olaraq tan\u0131d\u0131lmas\u0131 istiqam\u0259tind\u0259 s\u0259yl\u0259rimiz davam edir.<\/p>\n<p>\u00c7ox m\u00fcsb\u0259t hald\u0131r ki 10-dan art\u0131q \u00f6lk\u0259nin parlamentl\u0259ri s\u0259viyy\u0259sind\u0259 v\u0259 bir \u00e7\u00f6x \u00f6lk\u0259nin yerli qanunverici orqanlar\u0131 s\u0259viyy\u0259sind\u0259 Xocal\u0131 insanl\u0131q \u0259leyhin\u0259 cinay\u0259t v\u0259 soyq\u0131r\u0131m akt\u0131 kimi q\u0259bul edilib. \u018fsas m\u0259qs\u0259dimiz beyn\u0259lxalq m\u0259hk\u0259m\u0259l\u0259r m\u00fcst\u0259visind\u0259 Xocal\u0131n\u0131m soyq\u0131r\u0131m kimi tan\u0131d\u0131lmas\u0131na nail olunmas\u0131d\u0131r ki, bu prosesd\u0259 d\u0259 ictimai m\u0259lumatland\u0131rma, Xocal\u0131ya \u0259dal\u0259t kampaniyas\u0131, v\u0259t\u0259nda\u015f c\u0259miyy\u0259ti t\u0259\u015fkilatlar\u0131m\u0131z\u0131n f\u0259aliyy\u0259ti, diplomatik n\u00fcmay\u0259nd\u0259likl\u0259rimizin v\u0259 diaspora t\u0259\u015fkilatlar\u0131m\u0131z\u0131n f\u0259aliyy\u0259ti \u00e7ox \u00f6n\u0259mli xarakter da\u015f\u0131y\u0131r&#8221;.<\/p>\n","protected":false},"excerpt":{"rendered":"<p>Xocal\u0131 soyq\u0131r\u0131m\u0131n\u0131n beyn\u0259lxalq ictimaiyy\u0259t\u0259 t\u0259qdim olunmas\u0131 v\u0259 onun soyq\u0131r\u0131m akt\u0131 olaraq tan\u0131d\u0131lmas\u0131 istiqam\u0259tind\u0259 s\u0259yl\u0259rimiz davam edir. ARANTV.AZ\u00a0Trend-\u0259 istinad\u0259n x\u0259b\u0259r verir ki, bunu jurnalistl\u0259r\u0259 a\u00e7\u0131qlamas\u0131nda Prezident Administrasiyas\u0131n\u0131n (PA) \u015f\u00f6b\u0259 m\u00fcdiri Hikm\u0259t Hac\u0131yev deyib. H.Hac\u0131yev bildirib ki, \u0259sas m\u0259qs\u0259d Xocal\u0131n\u0131n beyn\u0259xalq m\u0259hk\u0259m\u0259l\u0259r m\u00fcst\u0259vid\u0259 soyq\u0131r\u0131m kimi tan\u0131d\u0131lmas\u0131d\u0131r: &#8220;Az\u0259rbaycan xalq\u0131 Xocal\u0131 faci\u0259sinin 28-ci ild\u00f6n\u00fcm\u00fcn\u00fc qeyd edir. Xocal\u0131 faci\u0259si xalq\u0131m\u0131z\u0131n a\u011fr\u0131l\u0131 yaras\u0131d\u0131r. Az\u0259rbaycan xalq\u0131 onlar\u0131n xatir\u0259sini \u00f6z yadda\u015f\u0131nda saxlay\u0131r v\u0259 b\u00f6y\u00fck ehtiramla onlar\u0131 yad edir. Bu g\u00fcn Xocal\u0131 faci\u0259sinin beyn\u0259lxalq ictimaiyy\u0259t\u0259 t\u0259qdim olunmas\u0131 v\u0259 onun soyq\u0131r\u0131m akt\u0131 olaraq tan\u0131d\u0131lmas\u0131 istiqam\u0259tind\u0259 s\u0259yl\u0259rimiz davam edir. \u00c7ox m\u00fcsb\u0259t&hellip;<\/p>\n","protected":false},"author":2,"featured_media":133990,"comment_status":"closed","ping_status":"closed","sticky":false,"template":"","format":"standard","meta":{"om_disable_all_campaigns":false,"_monsterinsights_skip_tracking":false,"_monsterinsights_sitenote_active":false,"_monsterinsights_sitenote_note":"","_monsterinsights_sitenote_category":0},"categories":[19],"tags":[],"aioseo_notices":[],"gutentor_comment":0,"rttpg_featured_image_url":{"full":["https:\/\/arantv.az\/wp-content\/uploads\/2020\/02\/828366.jpg",800,600,false],"landscape":["https:\/\/arantv.az\/wp-content\/uploads\/2020\/02\/828366.jpg",800,600,false],"portraits":["https:\/\/arantv.az\/wp-content\/uploads\/2020\/02\/828366.jpg",800,600,false],"thumbnail":["https:\/\/arantv.az\/wp-content\/uploads\/2020\/02\/828366-150x150.jpg",150,150,true],"medium":["https:\/\/arantv.az\/wp-content\/uploads\/2020\/02\/828366-300x225.jpg",300,225,true],"large":["https:\/\/arantv.az\/wp-content\/uploads\/2020\/02\/828366.jpg",640,480,false],"1536x1536":["https:\/\/arantv.az\/wp-content\/uploads\/2020\/02\/828366.jpg",800,600,false],"2048x2048":["https:\/\/arantv.az\/wp-content\/uploads\/2020\/02\/828366.jpg",800,600,false],"post-thumbnail":["https:\/\/arantv.az\/wp-content\/uploads\/2020\/02\/828366-240x172.jpg",240,172,true],"advps-thumb-one":["https:\/\/arantv.az\/wp-content\/uploads\/2020\/02\/828366.jpg",800,600,false]},"rttpg_author":{"display_name":"V\u00fcsal Rafiqo\u011flu","author_link":"https:\/\/arantv.az\/?author=2"},"rttpg_comment":0,"rttpg_category":"<a href=\"https:\/\/arantv.az\/?cat=19\" rel=\"category\">G\u00fcnd\u0259m<\/a>","rttpg_excerpt":"Xocal\u0131 soyq\u0131r\u0131m\u0131n\u0131n beyn\u0259lxalq ictimaiyy\u0259t\u0259 t\u0259qdim olunmas\u0131 v\u0259 onun soyq\u0131r\u0131m akt\u0131 olaraq tan\u0131d\u0131lmas\u0131 istiqam\u0259tind\u0259 s\u0259yl\u0259rimiz davam edir. ARANTV.AZ\u00a0Trend-\u0259 istinad\u0259n x\u0259b\u0259r verir ki, bunu jurnalistl\u0259r\u0259 a\u00e7\u0131qlamas\u0131nda Prezident Administrasiyas\u0131n\u0131n (PA) \u015f\u00f6b\u0259 m\u00fcdiri Hikm\u0259t Hac\u0131yev deyib. H.Hac\u0131yev bildirib ki, \u0259sas m\u0259qs\u0259d Xocal\u0131n\u0131n beyn\u0259xalq m\u0259hk\u0259m\u0259l\u0259r m\u00fcst\u0259vid\u0259 soyq\u0131r\u0131m kimi tan\u0131d\u0131lmas\u0131d\u0131r: &#8220;Az\u0259rbaycan xalq\u0131 Xocal\u0131 faci\u0259sinin 28-ci ild\u00f6n\u00fcm\u00fcn\u00fc qeyd edir. Xocal\u0131 faci\u0259si xalq\u0131m\u0131z\u0131n&hellip;","_links":{"self":[{"href":"https:\/\/arantv.az\/index.php?rest_route=\/wp\/v2\/posts\/133989"}],"collection":[{"href":"https:\/\/arantv.az\/index.php?rest_route=\/wp\/v2\/posts"}],"about":[{"href":"https:\/\/arantv.az\/index.php?rest_route=\/wp\/v2\/types\/post"}],"author":[{"embeddable":true,"href":"https:\/\/arantv.az\/index.php?rest_route=\/wp\/v2\/users\/2"}],"replies":[{"embeddable":true,"href":"https:\/\/arantv.az\/index.php?rest_route=%2Fwp%2Fv2%2Fcomments&post=133989"}],"version-history":[{"count":0,"href":"https:\/\/arantv.az\/index.php?rest_route=\/wp\/v2\/posts\/133989\/revisions"}],"wp:featuredmedia":[{"embeddable":true,"href":"https:\/\/arantv.az\/index.php?rest_route=\/wp\/v2\/media\/133990"}],"wp:attachment":[{"href":"https:\/\/arantv.az\/index.php?rest_route=%2Fwp%2Fv2%2Fmedia&parent=133989"}],"wp:term":[{"taxonomy":"category","embeddable":true,"href":"https:\/\/arantv.az\/index.php?rest_route=%2Fwp%2Fv2%2Fcategories&post=133989"},{"taxonomy":"post_tag","embeddable":true,"href":"https:\/\/arantv.az\/index.php?rest_route=%2Fwp%2Fv2%2Ftags&post=133989"}],"curies":[{"name":"wp","href":"https:\/\/api.w.org\/{rel}","templated":true}]}}