{"id":133997,"date":"2020-02-24T10:32:55","date_gmt":"2020-02-24T07:32:55","guid":{"rendered":"http:\/\/arantv.az\/?p=133997"},"modified":"2020-02-24T10:32:55","modified_gmt":"2020-02-24T07:32:55","slug":"z%c9%99lz%c9%99l%c9%99-turkiy%c9%99d%c9%99-bir-k%c9%99ndi-tamamil%c9%99-m%c9%99hv-etdi-video","status":"publish","type":"post","link":"https:\/\/arantv.az\/?p=133997","title":{"rendered":"Z\u0259lz\u0259l\u0259 T\u00fcrkiy\u0259d\u0259 bir k\u0259ndi tamamil\u0259 m\u0259hv etdi &#8211; V\u0130DEO"},"content":{"rendered":"<p>T\u00fcrkiy\u0259-\u0130ran s\u0259rh\u0259di yax\u0131nl\u0131\u011f\u0131nda ba\u015f ver\u0259n z\u0259lz\u0259l\u0259l\u0259r s\u0259b\u0259bi il\u0259 Van\u0131n Ba\u015fkale rayonundak\u0131 m\u0259h\u0259ll\u0259l\u0259rd\u0259 b\u00f6y\u00fck da\u011f\u0131nt\u0131lar m\u00fc\u015fahid\u0259 olunub.<\/p>\n<p>Bu bar\u0259d\u0259 Haberler.com m\u0259lumat yay\u0131b.<\/p>\n<div id=\"AdviadNativeVideo0\" class=\"AdviadNativeVideo\"><\/div>\n<p>Rayonun \u00d6zp\u0131nar k\u0259ndind\u0259 g\u00fccl\u00fc z\u0259lz\u0259l\u0259 b\u00fct\u00fcn evl\u0259ri da\u011f\u0131d\u0131b.<\/p>\n<p>Xat\u0131rladaq ki, \u0130ran\u0131n Xoy \u015f\u0259h\u0259rind\u0259 ba\u015f vermi\u015f 5.9 maqnitudal\u0131 z\u0259lz\u0259l\u0259 T\u00fcrkiy\u0259nin Qars vilay\u0259tind\u0259 v\u0259 Van \u015f\u0259h\u0259rind\u0259 d\u0259 hiss olunub.<\/p>\n<div><iframe loading=\"lazy\" src=\"https:\/\/www.dailymotion.com\/embed\/video\/x7s5i9x\" width=\"480\" height=\"270\" frameborder=\"0\" allowfullscreen=\"allowfullscreen\" data-mce-fragment=\"1\"><\/iframe><\/div>\n<p>&nbsp;<\/p>\n","protected":false},"excerpt":{"rendered":"<p>T\u00fcrkiy\u0259-\u0130ran s\u0259rh\u0259di yax\u0131nl\u0131\u011f\u0131nda ba\u015f ver\u0259n z\u0259lz\u0259l\u0259l\u0259r s\u0259b\u0259bi il\u0259 Van\u0131n Ba\u015fkale rayonundak\u0131 m\u0259h\u0259ll\u0259l\u0259rd\u0259 b\u00f6y\u00fck da\u011f\u0131nt\u0131lar m\u00fc\u015fahid\u0259 olunub. Bu bar\u0259d\u0259 Haberler.com m\u0259lumat yay\u0131b. Rayonun \u00d6zp\u0131nar k\u0259ndind\u0259 g\u00fccl\u00fc z\u0259lz\u0259l\u0259 b\u00fct\u00fcn evl\u0259ri da\u011f\u0131d\u0131b. Xat\u0131rladaq ki, \u0130ran\u0131n Xoy \u015f\u0259h\u0259rind\u0259 ba\u015f vermi\u015f 5.9 maqnitudal\u0131 z\u0259lz\u0259l\u0259 T\u00fcrkiy\u0259nin Qars vilay\u0259tind\u0259 v\u0259 Van \u015f\u0259h\u0259rind\u0259 d\u0259 hiss olunub. &nbsp;<\/p>\n","protected":false},"author":2,"featured_media":133998,"comment_status":"closed","ping_status":"closed","sticky":false,"template":"","format":"standard","meta":{"om_disable_all_campaigns":false,"_monsterinsights_skip_tracking":false,"_monsterinsights_sitenote_active":false,"_monsterinsights_sitenote_note":"","_monsterinsights_sitenote_category":0},"categories":[7],"tags":[],"aioseo_notices":[],"gutentor_comment":0,"rttpg_featured_image_url":{"full":["https:\/\/arantv.az\/wp-content\/uploads\/2020\/02\/zili.jpg",590,331,false],"landscape":["https:\/\/arantv.az\/wp-content\/uploads\/2020\/02\/zili.jpg",590,331,false],"portraits":["https:\/\/arantv.az\/wp-content\/uploads\/2020\/02\/zili.jpg",590,331,false],"thumbnail":["https:\/\/arantv.az\/wp-content\/uploads\/2020\/02\/zili-150x150.jpg",150,150,true],"medium":["https:\/\/arantv.az\/wp-content\/uploads\/2020\/02\/zili-300x168.jpg",300,168,true],"large":["https:\/\/arantv.az\/wp-content\/uploads\/2020\/02\/zili.jpg",590,331,false],"1536x1536":["https:\/\/arantv.az\/wp-content\/uploads\/2020\/02\/zili.jpg",590,331,false],"2048x2048":["https:\/\/arantv.az\/wp-content\/uploads\/2020\/02\/zili.jpg",590,331,false],"post-thumbnail":["https:\/\/arantv.az\/wp-content\/uploads\/2020\/02\/zili-240x172.jpg",240,172,true],"advps-thumb-one":["https:\/\/arantv.az\/wp-content\/uploads\/2020\/02\/zili.jpg",590,331,false]},"rttpg_author":{"display_name":"V\u00fcsal Rafiqo\u011flu","author_link":"https:\/\/arantv.az\/?author=2"},"rttpg_comment":0,"rttpg_category":"<a href=\"https:\/\/arantv.az\/?cat=7\" rel=\"category\">D\u00fcnya<\/a>","rttpg_excerpt":"T\u00fcrkiy\u0259-\u0130ran s\u0259rh\u0259di yax\u0131nl\u0131\u011f\u0131nda ba\u015f ver\u0259n z\u0259lz\u0259l\u0259l\u0259r s\u0259b\u0259bi il\u0259 Van\u0131n Ba\u015fkale rayonundak\u0131 m\u0259h\u0259ll\u0259l\u0259rd\u0259 b\u00f6y\u00fck da\u011f\u0131nt\u0131lar m\u00fc\u015fahid\u0259 olunub. Bu bar\u0259d\u0259 Haberler.com m\u0259lumat yay\u0131b. Rayonun \u00d6zp\u0131nar k\u0259ndind\u0259 g\u00fccl\u00fc z\u0259lz\u0259l\u0259 b\u00fct\u00fcn evl\u0259ri da\u011f\u0131d\u0131b. Xat\u0131rladaq ki, \u0130ran\u0131n Xoy \u015f\u0259h\u0259rind\u0259 ba\u015f vermi\u015f 5.9 maqnitudal\u0131 z\u0259lz\u0259l\u0259 T\u00fcrkiy\u0259nin Qars vilay\u0259tind\u0259 v\u0259 Van \u015f\u0259h\u0259rind\u0259 d\u0259 hiss olunub. &nbsp;","_links":{"self":[{"href":"https:\/\/arantv.az\/index.php?rest_route=\/wp\/v2\/posts\/133997"}],"collection":[{"href":"https:\/\/arantv.az\/index.php?rest_route=\/wp\/v2\/posts"}],"about":[{"href":"https:\/\/arantv.az\/index.php?rest_route=\/wp\/v2\/types\/post"}],"author":[{"embeddable":true,"href":"https:\/\/arantv.az\/index.php?rest_route=\/wp\/v2\/users\/2"}],"replies":[{"embeddable":true,"href":"https:\/\/arantv.az\/index.php?rest_route=%2Fwp%2Fv2%2Fcomments&post=133997"}],"version-history":[{"count":0,"href":"https:\/\/arantv.az\/index.php?rest_route=\/wp\/v2\/posts\/133997\/revisions"}],"wp:featuredmedia":[{"embeddable":true,"href":"https:\/\/arantv.az\/index.php?rest_route=\/wp\/v2\/media\/133998"}],"wp:attachment":[{"href":"https:\/\/arantv.az\/index.php?rest_route=%2Fwp%2Fv2%2Fmedia&parent=133997"}],"wp:term":[{"taxonomy":"category","embeddable":true,"href":"https:\/\/arantv.az\/index.php?rest_route=%2Fwp%2Fv2%2Fcategories&post=133997"},{"taxonomy":"post_tag","embeddable":true,"href":"https:\/\/arantv.az\/index.php?rest_route=%2Fwp%2Fv2%2Ftags&post=133997"}],"curies":[{"name":"wp","href":"https:\/\/api.w.org\/{rel}","templated":true}]}}