{"id":1340,"date":"2018-07-26T15:09:18","date_gmt":"2018-07-26T12:09:18","guid":{"rendered":"http:\/\/arantv.az\/?p=1340"},"modified":"2018-07-26T15:09:18","modified_gmt":"2018-07-26T12:09:18","slug":"polis-turkiy%c9%99-parlamenti-qarsisina-toplasan-etirazcilari-dagitdi","status":"publish","type":"post","link":"https:\/\/arantv.az\/?p=1340","title":{"rendered":"Polis T\u00fcrkiy\u0259 parlamenti qar\u015f\u0131s\u0131na topla\u015fan etiraz\u00e7\u0131lar\u0131 da\u011f\u0131td\u0131"},"content":{"rendered":"<p>Ankara polisi T\u00fcrkiy\u0259 parlamentinin binas\u0131 qar\u015f\u0131s\u0131nda mitinq ke\u00e7irm\u0259y\u0259 \u00e7al\u0131\u015fan 30 n\u0259f\u0259rd\u0259n ibar\u0259t qrupu \u0259razid\u0259n uzaqla\u015fd\u0131r\u0131b.<\/p>\n<p><strong>ARANTV.AZ<\/strong> trend-\u0259 istinad\u0259n bildirir ki, etiraz\u00e7\u0131 k\u00fctl\u0259nin da\u011f\u0131d\u0131lmas\u0131 \u00fc\u00e7\u00fcn \u0259lav\u0259 polis q\u00fcvv\u0259l\u0259ri g\u00f6nd\u0259rilib.<\/p>\n<p>N\u00fcmayi\u015f\u00e7il\u0259rin t\u0259l\u0259bl\u0259ri haqq\u0131nda he\u00e7 bir m\u0259lumat verilmir.<\/p>\n<div id=\"AdributorNativeVideo0\" class=\"AdributorNativeVideo\"><\/div>\n<p>Yerli K\u0130V-l\u0259r m\u00fcxalif C\u00fcmhuriyy\u0259t Xalq Partiyas\u0131ndan (CHP) olan bir s\u0131ra deputatlar\u0131n etiraz\u00e7\u0131lar\u0131 d\u0259st\u0259kl\u0259diyini yaz\u0131b.<\/p>\n","protected":false},"excerpt":{"rendered":"<p>Ankara polisi T\u00fcrkiy\u0259 parlamentinin binas\u0131 qar\u015f\u0131s\u0131nda mitinq ke\u00e7irm\u0259y\u0259 \u00e7al\u0131\u015fan 30 n\u0259f\u0259rd\u0259n ibar\u0259t qrupu \u0259razid\u0259n uzaqla\u015fd\u0131r\u0131b. ARANTV.AZ trend-\u0259 istinad\u0259n bildirir ki, etiraz\u00e7\u0131 k\u00fctl\u0259nin da\u011f\u0131d\u0131lmas\u0131 \u00fc\u00e7\u00fcn \u0259lav\u0259 polis q\u00fcvv\u0259l\u0259ri g\u00f6nd\u0259rilib. N\u00fcmayi\u015f\u00e7il\u0259rin t\u0259l\u0259bl\u0259ri haqq\u0131nda he\u00e7 bir m\u0259lumat verilmir. Yerli K\u0130V-l\u0259r m\u00fcxalif C\u00fcmhuriyy\u0259t Xalq Partiyas\u0131ndan (CHP) olan bir s\u0131ra deputatlar\u0131n etiraz\u00e7\u0131lar\u0131 d\u0259st\u0259kl\u0259diyini yaz\u0131b.<\/p>\n","protected":false},"author":2,"featured_media":1341,"comment_status":"open","ping_status":"open","sticky":false,"template":"","format":"standard","meta":{"om_disable_all_campaigns":false,"_monsterinsights_skip_tracking":false,"_monsterinsights_sitenote_active":false,"_monsterinsights_sitenote_note":"","_monsterinsights_sitenote_category":0},"categories":[7],"tags":[],"aioseo_notices":[],"gutentor_comment":0,"rttpg_featured_image_url":{"full":["https:\/\/arantv.az\/wp-content\/uploads\/2018\/07\/671259.jpg",800,600,false],"landscape":["https:\/\/arantv.az\/wp-content\/uploads\/2018\/07\/671259.jpg",800,600,false],"portraits":["https:\/\/arantv.az\/wp-content\/uploads\/2018\/07\/671259.jpg",800,600,false],"thumbnail":["https:\/\/arantv.az\/wp-content\/uploads\/2018\/07\/671259-150x150.jpg",150,150,true],"medium":["https:\/\/arantv.az\/wp-content\/uploads\/2018\/07\/671259-300x225.jpg",300,225,true],"large":["https:\/\/arantv.az\/wp-content\/uploads\/2018\/07\/671259.jpg",640,480,false],"1536x1536":["https:\/\/arantv.az\/wp-content\/uploads\/2018\/07\/671259.jpg",800,600,false],"2048x2048":["https:\/\/arantv.az\/wp-content\/uploads\/2018\/07\/671259.jpg",800,600,false],"post-thumbnail":["https:\/\/arantv.az\/wp-content\/uploads\/2018\/07\/671259.jpg",229,172,false],"advps-thumb-one":["https:\/\/arantv.az\/wp-content\/uploads\/2018\/07\/671259.jpg",800,600,false]},"rttpg_author":{"display_name":"V\u00fcsal Rafiqo\u011flu","author_link":"https:\/\/arantv.az\/?author=2"},"rttpg_comment":0,"rttpg_category":"<a href=\"https:\/\/arantv.az\/?cat=7\" rel=\"category\">D\u00fcnya<\/a>","rttpg_excerpt":"Ankara polisi T\u00fcrkiy\u0259 parlamentinin binas\u0131 qar\u015f\u0131s\u0131nda mitinq ke\u00e7irm\u0259y\u0259 \u00e7al\u0131\u015fan 30 n\u0259f\u0259rd\u0259n ibar\u0259t qrupu \u0259razid\u0259n uzaqla\u015fd\u0131r\u0131b. ARANTV.AZ trend-\u0259 istinad\u0259n bildirir ki, etiraz\u00e7\u0131 k\u00fctl\u0259nin da\u011f\u0131d\u0131lmas\u0131 \u00fc\u00e7\u00fcn \u0259lav\u0259 polis q\u00fcvv\u0259l\u0259ri g\u00f6nd\u0259rilib. N\u00fcmayi\u015f\u00e7il\u0259rin t\u0259l\u0259bl\u0259ri haqq\u0131nda he\u00e7 bir m\u0259lumat verilmir. Yerli K\u0130V-l\u0259r m\u00fcxalif C\u00fcmhuriyy\u0259t Xalq Partiyas\u0131ndan (CHP) olan bir s\u0131ra deputatlar\u0131n etiraz\u00e7\u0131lar\u0131 d\u0259st\u0259kl\u0259diyini yaz\u0131b.","_links":{"self":[{"href":"https:\/\/arantv.az\/index.php?rest_route=\/wp\/v2\/posts\/1340"}],"collection":[{"href":"https:\/\/arantv.az\/index.php?rest_route=\/wp\/v2\/posts"}],"about":[{"href":"https:\/\/arantv.az\/index.php?rest_route=\/wp\/v2\/types\/post"}],"author":[{"embeddable":true,"href":"https:\/\/arantv.az\/index.php?rest_route=\/wp\/v2\/users\/2"}],"replies":[{"embeddable":true,"href":"https:\/\/arantv.az\/index.php?rest_route=%2Fwp%2Fv2%2Fcomments&post=1340"}],"version-history":[{"count":0,"href":"https:\/\/arantv.az\/index.php?rest_route=\/wp\/v2\/posts\/1340\/revisions"}],"wp:featuredmedia":[{"embeddable":true,"href":"https:\/\/arantv.az\/index.php?rest_route=\/wp\/v2\/media\/1341"}],"wp:attachment":[{"href":"https:\/\/arantv.az\/index.php?rest_route=%2Fwp%2Fv2%2Fmedia&parent=1340"}],"wp:term":[{"taxonomy":"category","embeddable":true,"href":"https:\/\/arantv.az\/index.php?rest_route=%2Fwp%2Fv2%2Fcategories&post=1340"},{"taxonomy":"post_tag","embeddable":true,"href":"https:\/\/arantv.az\/index.php?rest_route=%2Fwp%2Fv2%2Ftags&post=1340"}],"curies":[{"name":"wp","href":"https:\/\/api.w.org\/{rel}","templated":true}]}}