{"id":134021,"date":"2020-02-24T10:50:44","date_gmt":"2020-02-24T07:50:44","guid":{"rendered":"http:\/\/arantv.az\/?p=134021"},"modified":"2020-02-24T10:50:44","modified_gmt":"2020-02-24T07:50:44","slug":"bas-epidemioloq-v%c9%99t%c9%99ndaslara-s%c9%99sl%c9%99ndi-%c9%99halinin-six-oldugu-yerl%c9%99r%c9%99-getm%c9%99yin","status":"publish","type":"post","link":"https:\/\/arantv.az\/?p=134021","title":{"rendered":"Ba\u015f Epidemioloq v\u0259t\u0259nda\u015flara s\u0259sl\u0259ndi: \u201c\u018fhalinin s\u0131x oldu\u011fu yerl\u0259r\u0259 getm\u0259yin\u201d"},"content":{"rendered":"<p>\u201cAz\u0259rbaycan\u0131n \u0130ranla s\u0259rh\u0259di ba\u011flamas\u0131 insanlar\u0131 t\u0259la\u015fland\u0131rmas\u0131n. Bu sad\u0259c\u0259, t\u0259hl\u00fck\u0259sizlik m\u0259qs\u0259di il\u0259 at\u0131lan add\u0131md\u0131r. \u00c7\u00fcnki iki \u00f6lk\u0259 aras\u0131nda gedi\u015f-g\u0259li\u015f kifay\u0259t q\u0259d\u0259r \u00e7ox olurdu. Yax\u015f\u0131 olar ki, insanlar sa\u011flaml\u0131qlar\u0131n\u0131 qorumaq \u00fc\u00e7\u00fcn n\u0259inki \u0130rana, \u00fcmumiyy\u0259tl\u0259 \u00f6lk\u0259 daxilind\u0259 d\u0259 \u0259halinin s\u0131x oldu\u011fu yerl\u0259r\u0259 getm\u0259sinl\u0259r\u201d.<\/p>\n<p>Bunu Oxu.Az-a a\u00e7\u0131qlamas\u0131nda S\u0259hiyy\u0259 Nazirliyinin ba\u015f epidemioloqu \u0130badulla A\u011fayev deyib.<\/p>\n<p>O bildirib ki, virusdan qorunmaq \u00fc\u00e7\u00fcn m\u00fctl\u0259q \u015f\u0259kild\u0259 maskalardan istifad\u0259 etsinl\u0259r:<\/p>\n<p>\u201cKoronavirusu bu q\u0259d\u0259r b\u00f6y\u00fctm\u0259k olmaz. Virus x\u0259st\u0259likl\u0259r insanlar yaranandan m\u00f6vcud olub v\u0259 olacaq. Koronavirus da onlardan biridir. D\u00fczg\u00fcn v\u0259 sa\u011flam qidalanmaqla, maskalardan istifad\u0259 etm\u0259kl\u0259 v\u0259 insanlarla \u00fcnsiyy\u0259ti maksimum d\u0259r\u0259c\u0259d\u0259 azaltmaqla hava yolu il\u0259 ke\u00e7\u0259n b\u00fct\u00fcn x\u0259st\u0259likl\u0259rd\u0259n qorunmaq olar.<\/p>\n<p>Adi respirator infeksiyalar\u0131 bel\u0259 insanlar aras\u0131nda s\u00fcr\u0259tl\u0259 yay\u0131la bilir. Buna s\u0259b\u0259b is\u0259 insanlar\u0131n qorunmamas\u0131d\u0131r. X\u0259st\u0259 \u015f\u0259xsl\u0259rd\u0259n k\u0259nar durmaq, qoruyucu maskalardan istifad\u0259 etm\u0259k vacibdir. Bu g\u00fcn S\u0259hiyy\u0259 Nazirliyi, el\u0259c\u0259 d\u0259 dig\u0259r qurumlar t\u0259hl\u00fck\u0259sizlik m\u0259qs\u0259di il\u0259 kifay\u0259t q\u0259d\u0259r ciddi add\u0131mlar at\u0131blar. \u0130nsanlar \u00f6zl\u0259rini qorumasa, f\u0259rd olaraq onlar\u0131 bir-bir qorumaq m\u00fcmk\u00fcn deyil. Vacib olmad\u0131\u011f\u0131 t\u0259qdird\u0259 n\u0259 \u0130rana, n\u0259 d\u0259 bu virusun yay\u0131ld\u0131\u011f\u0131 dig\u0259r \u00f6lk\u0259l\u0259r\u0259 getm\u0259k, h\u0259min \u00f6lk\u0259l\u0259rd\u0259n g\u0259l\u0259n \u015f\u0259xsl\u0259rl\u0259 t\u0259masda olmaq m\u0259sl\u0259h\u0259t g\u00f6r\u00fclm\u00fcr. H\u0259tta dey\u0259rdim ki, ehtiyac yoxdursa evd\u0259n bay\u0131ra \u00e7\u0131xmamaq daha yax\u015f\u0131 olard\u0131\u201d.<\/p>\n<p>\u0130.A\u011fayev sonra qeyd edib ki, insanlar\u0131n \u00f6p\u00fc\u015f\u00fcb-g\u00f6r\u00fc\u015fm\u0259si b\u00fct\u00fcn hallarda yanl\u0131\u015fd\u0131r:<\/p>\n<p>\u201cH\u0259r zaman demi\u015f\u0259m ki, havada m\u00fcxt\u0259lif virus infeksiyalar\u0131 var. \u0130nsanlar bir-biri il\u0259 \u00f6p\u00fc\u015f\u00fcb-g\u00f6r\u00fc\u015fm\u0259m\u0259lidir. Buna n\u0259 ehtiyac var? Bununla onlar hava yolu il\u0259 yoluxan m\u00fcxt\u0259lif x\u0259st\u0259likl\u0259r\u0259 tutula bil\u0259rl\u0259r. Bu birba\u015fa x\u0259st\u0259liyin orqanizm\u0259 d\u00fc\u015fm\u0259si \u00fc\u00e7\u00fcn \u015f\u0259riat yaradan amildir. Az\u0259rbaycanda bu g\u00fcn\u0259d\u0259k koronavirus \u015f\u00fcbh\u0259si il\u0259 ba\u011fl\u0131 he\u00e7 bir fakt qeyd\u0259 al\u0131nmay\u0131b. R\u0259smi olaraq S\u0259hiyy\u0259 Nazirliyinin dediyi informasiyaya inanmaq laz\u0131md\u0131r. T\u0259xribat xarakterli yay\u0131lan, r\u0259smi olmayan he\u00e7 bir m\u0259lumata inanmay\u0131n. Az\u0259rbaycanda m\u00fcxt\u0259lif qurumlar onsuz da \u00f6nl\u0259yici profilaktik t\u0259dbirl\u0259r h\u0259yata ke\u00e7irir. S\u0259rh\u0259d \u00f6lk\u0259 oldu\u011fu \u00fc\u00e7\u00fcn bir q\u0259d\u0259r daha ehtiyatl\u0131 olmaqda fayda var. Amma bu o dem\u0259k deyil ki, \u0130randa bu virusa yoluxan \u015f\u0259xsl\u0259r a\u015fkar edilibs\u0259, Az\u0259rbaycanda da m\u00fctl\u0259q olacaq\u201d.<\/p>\n<p>Nazirliyin ba\u015f epidemioloqu Az\u0259rbaycan v\u0259t\u0259nda\u015flar\u0131na m\u00fcraci\u0259t edib.<\/p>\n<p>O qeyd edib ki, adi respirator infeksiyalar\u0131na yoluxan \u015f\u0259xsl\u0259rin m\u0259kt\u0259b\u0259 v\u0259 ya i\u015f\u0259 getm\u0259si do\u011fru deyil:<\/p>\n<p>\u201cH\u0259r zaman demi\u015f\u0259m ki, hava yolu il\u0259 yoluxa bil\u0259c\u0259k x\u0259st\u0259likl\u0259r\u0259 (respirator infeksiyalar) yoluxan insanlar sa\u011falana q\u0259d\u0259r ev \u015f\u0259raitind\u0259 olmal\u0131d\u0131rlar. \u0130\u015f\u0259 g\u00f6t\u00fcr\u0259n \u015f\u0259xsl\u0259r dig\u0259r \u0259m\u0259kda\u015flar\u0131n\u0131n sa\u011flaml\u0131\u011f\u0131n\u0131 qorumaq m\u0259qs\u0259di il\u0259 h\u0259min i\u015f\u00e7il\u0259r\u0259 icaz\u0259 verm\u0259lidirl\u0259r. \u018fks t\u0259qdird\u0259 \u0259n y\u00fcng\u00fcl infeksiyon x\u0259st\u0259likl\u0259r bel\u0259 q\u0131sa zamanda yay\u0131la bilir. \u201cRespirator sindromu olanlar m\u00fctl\u0259q maska taxmal\u0131d\u0131rlar. Yax\u015f\u0131 olar ki, x\u0259st\u0259 insanlar ya ev, ya da a\u011f\u0131r olaca\u011f\u0131 t\u0259qdird\u0259 x\u0259st\u0259xana \u015f\u0259raitind\u0259 m\u00fcalic\u0259 als\u0131nlar. H\u0259r respirator virus infeksiyas\u0131 \u0259lam\u0259ti olan \u015f\u0259xsl\u0259r\u0259 koronavirusa yoluxub dem\u0259k olmaz. Respirator x\u0259st\u0259likl\u0259r m\u00f6vs\u00fcmi xarakter da\u015f\u0131y\u0131r\u201d.<\/p>\n","protected":false},"excerpt":{"rendered":"<p>\u201cAz\u0259rbaycan\u0131n \u0130ranla s\u0259rh\u0259di ba\u011flamas\u0131 insanlar\u0131 t\u0259la\u015fland\u0131rmas\u0131n. Bu sad\u0259c\u0259, t\u0259hl\u00fck\u0259sizlik m\u0259qs\u0259di il\u0259 at\u0131lan add\u0131md\u0131r. \u00c7\u00fcnki iki \u00f6lk\u0259 aras\u0131nda gedi\u015f-g\u0259li\u015f kifay\u0259t q\u0259d\u0259r \u00e7ox olurdu. Yax\u015f\u0131 olar ki, insanlar sa\u011flaml\u0131qlar\u0131n\u0131 qorumaq \u00fc\u00e7\u00fcn n\u0259inki \u0130rana, \u00fcmumiyy\u0259tl\u0259 \u00f6lk\u0259 daxilind\u0259 d\u0259 \u0259halinin s\u0131x oldu\u011fu yerl\u0259r\u0259 getm\u0259sinl\u0259r\u201d. Bunu Oxu.Az-a a\u00e7\u0131qlamas\u0131nda S\u0259hiyy\u0259 Nazirliyinin ba\u015f epidemioloqu \u0130badulla A\u011fayev deyib. O bildirib ki, virusdan qorunmaq \u00fc\u00e7\u00fcn m\u00fctl\u0259q \u015f\u0259kild\u0259 maskalardan istifad\u0259 etsinl\u0259r: \u201cKoronavirusu bu q\u0259d\u0259r b\u00f6y\u00fctm\u0259k olmaz. Virus x\u0259st\u0259likl\u0259r insanlar yaranandan m\u00f6vcud olub v\u0259 olacaq. Koronavirus da onlardan biridir. D\u00fczg\u00fcn v\u0259 sa\u011flam qidalanmaqla, maskalardan istifad\u0259 etm\u0259kl\u0259 v\u0259 insanlarla \u00fcnsiyy\u0259ti maksimum d\u0259r\u0259c\u0259d\u0259&hellip;<\/p>\n","protected":false},"author":2,"featured_media":134022,"comment_status":"closed","ping_status":"closed","sticky":false,"template":"","format":"standard","meta":{"om_disable_all_campaigns":false,"_monsterinsights_skip_tracking":false,"_monsterinsights_sitenote_active":false,"_monsterinsights_sitenote_note":"","_monsterinsights_sitenote_category":0},"categories":[1],"tags":[],"aioseo_notices":[],"gutentor_comment":0,"rttpg_featured_image_url":{"full":["https:\/\/arantv.az\/wp-content\/uploads\/2020\/02\/cert.jpg",620,465,false],"landscape":["https:\/\/arantv.az\/wp-content\/uploads\/2020\/02\/cert.jpg",620,465,false],"portraits":["https:\/\/arantv.az\/wp-content\/uploads\/2020\/02\/cert.jpg",620,465,false],"thumbnail":["https:\/\/arantv.az\/wp-content\/uploads\/2020\/02\/cert-150x150.jpg",150,150,true],"medium":["https:\/\/arantv.az\/wp-content\/uploads\/2020\/02\/cert-300x225.jpg",300,225,true],"large":["https:\/\/arantv.az\/wp-content\/uploads\/2020\/02\/cert.jpg",620,465,false],"1536x1536":["https:\/\/arantv.az\/wp-content\/uploads\/2020\/02\/cert.jpg",620,465,false],"2048x2048":["https:\/\/arantv.az\/wp-content\/uploads\/2020\/02\/cert.jpg",620,465,false],"post-thumbnail":["https:\/\/arantv.az\/wp-content\/uploads\/2020\/02\/cert-240x172.jpg",240,172,true],"advps-thumb-one":["https:\/\/arantv.az\/wp-content\/uploads\/2020\/02\/cert.jpg",620,465,false]},"rttpg_author":{"display_name":"V\u00fcsal Rafiqo\u011flu","author_link":"https:\/\/arantv.az\/?author=2"},"rttpg_comment":0,"rttpg_category":"<a href=\"https:\/\/arantv.az\/?cat=1\" rel=\"category\">C\u0259miyy\u0259t<\/a>","rttpg_excerpt":"\u201cAz\u0259rbaycan\u0131n \u0130ranla s\u0259rh\u0259di ba\u011flamas\u0131 insanlar\u0131 t\u0259la\u015fland\u0131rmas\u0131n. Bu sad\u0259c\u0259, t\u0259hl\u00fck\u0259sizlik m\u0259qs\u0259di il\u0259 at\u0131lan add\u0131md\u0131r. \u00c7\u00fcnki iki \u00f6lk\u0259 aras\u0131nda gedi\u015f-g\u0259li\u015f kifay\u0259t q\u0259d\u0259r \u00e7ox olurdu. Yax\u015f\u0131 olar ki, insanlar sa\u011flaml\u0131qlar\u0131n\u0131 qorumaq \u00fc\u00e7\u00fcn n\u0259inki \u0130rana, \u00fcmumiyy\u0259tl\u0259 \u00f6lk\u0259 daxilind\u0259 d\u0259 \u0259halinin s\u0131x oldu\u011fu yerl\u0259r\u0259 getm\u0259sinl\u0259r\u201d. Bunu Oxu.Az-a a\u00e7\u0131qlamas\u0131nda S\u0259hiyy\u0259 Nazirliyinin ba\u015f epidemioloqu \u0130badulla A\u011fayev deyib. O bildirib ki, virusdan qorunmaq&hellip;","_links":{"self":[{"href":"https:\/\/arantv.az\/index.php?rest_route=\/wp\/v2\/posts\/134021"}],"collection":[{"href":"https:\/\/arantv.az\/index.php?rest_route=\/wp\/v2\/posts"}],"about":[{"href":"https:\/\/arantv.az\/index.php?rest_route=\/wp\/v2\/types\/post"}],"author":[{"embeddable":true,"href":"https:\/\/arantv.az\/index.php?rest_route=\/wp\/v2\/users\/2"}],"replies":[{"embeddable":true,"href":"https:\/\/arantv.az\/index.php?rest_route=%2Fwp%2Fv2%2Fcomments&post=134021"}],"version-history":[{"count":0,"href":"https:\/\/arantv.az\/index.php?rest_route=\/wp\/v2\/posts\/134021\/revisions"}],"wp:featuredmedia":[{"embeddable":true,"href":"https:\/\/arantv.az\/index.php?rest_route=\/wp\/v2\/media\/134022"}],"wp:attachment":[{"href":"https:\/\/arantv.az\/index.php?rest_route=%2Fwp%2Fv2%2Fmedia&parent=134021"}],"wp:term":[{"taxonomy":"category","embeddable":true,"href":"https:\/\/arantv.az\/index.php?rest_route=%2Fwp%2Fv2%2Fcategories&post=134021"},{"taxonomy":"post_tag","embeddable":true,"href":"https:\/\/arantv.az\/index.php?rest_route=%2Fwp%2Fv2%2Ftags&post=134021"}],"curies":[{"name":"wp","href":"https:\/\/api.w.org\/{rel}","templated":true}]}}