{"id":134029,"date":"2020-02-24T10:53:30","date_gmt":"2020-02-24T07:53:30","guid":{"rendered":"http:\/\/arantv.az\/?p=134029"},"modified":"2020-02-24T10:53:30","modified_gmt":"2020-02-24T07:53:30","slug":"%c9%99li-%c9%99hm%c9%99dov-tarixi-italiya-s%c9%99f%c9%99ri-prezident-ilham-%c9%99liyevin-xarici-siyas%c9%99t-sah%c9%99sind%c9%99-novb%c9%99ti-uguru-kimi-tarix%c9%99-dus%c9%99c%c9%99k","status":"publish","type":"post","link":"https:\/\/arantv.az\/?p=134029","title":{"rendered":"\u018fli \u018fhm\u0259dov: &#8220;Tarixi \u0130taliya s\u0259f\u0259ri Prezident \u0130lham \u018fliyevin xarici siyas\u0259t sah\u0259sind\u0259 n\u00f6vb\u0259ti u\u011furu kimi tarix\u0259 d\u00fc\u015f\u0259c\u0259k&#8221;"},"content":{"rendered":"<blockquote><p><em><strong>2020-ci ilin ilk aylar\u0131 Az\u0259rbaycan Respublikas\u0131n\u0131n Prezidenti \u0130lham \u018fliyevin xarici siyas\u0259t sah\u0259sind\u0259 z\u0259ngin f\u0259aliyy\u0259ti il\u0259 tarix\u0259 d\u00fc\u015fd\u00fc. Yanvar ay\u0131nda Davosda Beyn\u0259lxalq \u0130qtisadi Forumda i\u015ftirak ed\u0259n, fevral ay\u0131nda is\u0259 M\u00fcnxen T\u0259hkl\u00fck\u0259sizlik Konfrans\u0131na qat\u0131lan Prezident \u0130lham \u018fliyev, eyni zamanda \u00e7oxsayl\u0131 g\u00f6r\u00fc\u015f v\u0259 hadis\u0259l\u0259rl\u0259 m\u00fc\u015fayi\u0259t olunan \u0130taliya s\u0259f\u0259rini h\u0259yata ke\u00e7irdi. Sadalananlar d\u00f6vl\u0259timizin xarici siyas\u0259t f\u0259aliyy\u0259tinin intensivliyi il\u0259 yana\u015f\u0131, h\u0259m\u00e7inin Az\u0259rbaycan\u0131n beyn\u0259lxalq al\u0259md\u0259 rolu v\u0259 \u0259h\u0259miyy\u0259tinin durmadan artmas\u0131n\u0131 s\u00fcbuta yetirir.<\/strong><\/em><\/p><\/blockquote>\n<p><strong>ARANTV.AZ\u00a0<\/strong>\u00a0<a href=\"https:\/\/az.trend.az\/\" target=\"_blank\" rel=\"noopener\">Trend<\/a>-\u0259 istinad\u0259n x\u0259b\u0259r verir ki, bunu Ba\u015f nazirin m\u00fcavini, hakim Yeni Az\u0259rbaycan Partiyas\u0131 (YAP) s\u0259drinin m\u00fcavini-icra katibi \u018fli \u018fhm\u0259dov \u00f6z\u00fcn\u00fcn &#8220;Facebook&#8221; s\u0259hif\u0259sind\u0259 yaz\u0131b.<\/p>\n<p>O qeyd edib ki, Prezident \u0130lham \u018fliyevin yenic\u0259 ba\u015fa \u00e7atan \u0130taliya s\u0259f\u0259rini s\u00f6z\u00fcn h\u0259qiqi m\u0259nas\u0131nda tarixi s\u0259f\u0259r adland\u0131rmaq m\u00fcmk\u00fcnd\u00fcr:<\/p>\n<p>&#8220;D\u00f6vl\u0259timizin ba\u015f\u00e7\u0131s\u0131na v\u0259 onun r\u0259hb\u0259rlik etdiyi n\u00fcmay\u0259nd\u0259 hey\u0259tin\u0259 g\u00f6st\u0259ril\u0259n y\u00fcks\u0259k qar\u015f\u0131lanma v\u0259 qonaqp\u0259rv\u0259rlik bunun \u0259n bariz ifad\u0259l\u0259rind\u0259n biri hesab edilm\u0259lidir. Etiraf edim ki, \u0130taliya kimi q\u0259dim v\u0259 z\u0259ngin d\u00f6vl\u0259t\u00e7ilik \u0259n\u0259n\u0259sin\u0259 malik olan b\u00f6y\u00fck Avropa d\u00f6vl\u0259tind\u0259 bu c\u00fcr qar\u015f\u0131lanmalara az t\u0259sad\u00fcf olunur. S\u0259f\u0259rin tarixi \u0259h\u0259miyy\u0259tin\u0259 d\u0259lal\u0259t ed\u0259n s\u0259b\u0259bl\u0259rd\u0259n biri kimi s\u0259f\u0259r \u00e7\u0259r\u00e7iv\u0259sind\u0259 iki d\u00f6vl\u0259t aras\u0131nda 28 sazi\u015fin imzalanmas\u0131 qeyd oluna bil\u0259r. Bu fakt d\u00f6vl\u0259tl\u0259raras\u0131 m\u00fcnasib\u0259tl\u0259rin h\u0259m m\u00f6vcud v\u0259ziyy\u0259ti, h\u0259m d\u0259 g\u0259l\u0259c\u0259k perspektivl\u0259ri il\u0259 \u0259laq\u0259dar t\u0259r\u0259fl\u0259rin m\u0259qs\u0259d v\u0259 m\u00f6vqel\u0259rini n\u00fcmayi\u015f etdirir.<\/p>\n<p>\u0130lham \u018fliyevin s\u0259f\u0259r \u00e7\u0259r\u00e7iv\u0259sind\u0259 ke\u00e7irdiyi \u00e7oxsayl\u0131 g\u00f6r\u00fc\u015fl\u0259rd\u0259 d\u00fcnya sivilizasiyas\u0131na \u0259v\u0259zsiz t\u00f6hv\u0259l\u0259r vermi\u015f \u0130taliya kimi d\u00f6vl\u0259tin r\u0259hb\u0259rl\u0259rinin Az\u0259rbaycan\u0131n, onun inki\u015faf\u0131n\u0131n, \u0259l\u0259lx\u00fcsus \u00f6lk\u0259mizin sivilizasiyalar\u0131n dialoqunun inki\u015faf\u0131 sah\u0259sind\u0259 xidm\u0259tl\u0259rinin y\u00fcks\u0259k qiym\u0259tl\u0259ndirilm\u0259si h\u0259r bir az\u0259rbaycanl\u0131n\u0131n q\u0259lbini haql\u0131 olaraq q\u00fcrur hissi il\u0259 doldurur. Bu bax\u0131mdan Roma Papas\u0131n\u0131n, b\u00fct\u00fcnl\u00fckd\u0259 Vatikan d\u00f6vl\u0259tinin Az\u0259rbaycan\u0131n Birinci vitse-prezidenti, Heyd\u0259r \u018fliyev Fondunun prezidenti Mehriban xan\u0131m \u018fliyevan\u0131n sivilizasiyalar v\u0259 m\u0259d\u0259niyy\u0259tl\u0259r aras\u0131nda dialoqun inki\u015faf\u0131 sah\u0259sind\u0259 f\u0259aliyy\u0259tini ayr\u0131ca qeyd etm\u0259si x\u00fcsusi \u0259h\u0259miyy\u0259t k\u0259sb edir&#8221;.<\/p>\n<p>Ba\u015f nazirin m\u00fcavini bildirib ki, Prezident \u0130lham \u018fliyevin Avropan\u0131n \u0259n b\u00f6y\u00fck apar\u0131c\u0131 d\u00f6vl\u0259tl\u0259rind\u0259n olan \u0130taliyaya tarixi s\u0259f\u0259ri \u00f6lk\u0259mizin beyn\u0259lxalq al\u0259md\u0259 artan rolunun v\u0259 \u0259h\u0259miyy\u0259tinin birba\u015fa ifad\u0259si olmaqla yana\u015f\u0131, h\u0259m d\u0259 onun g\u0259l\u0259c\u0259k inki\u015faf perspektivl\u0259ri haqq\u0131nda ayd\u0131n t\u0259s\u0259vv\u00fcrl\u0259r yarad\u0131r: &#8220;He\u015f \u015f\u00fcbh\u0259siz, tarixi \u0130taliya s\u0259f\u0259ri Prezident \u0130lham \u018fliyevin xarici siyas\u0259t sah\u0259sind\u0259 n\u00f6vb\u0259ti u\u011furu kimi tarix\u0259 d\u00fc\u015f\u0259c\u0259k, \u00f6lk\u0259mizin g\u0259l\u0259c\u0259k inki\u015faf\u0131na \u0259lav\u0259 t\u00f6hf\u0259l\u0259r ver\u0259c\u0259k. Ayr\u0131ca olaraq onu da qeyd etm\u0259k laz\u0131md\u0131r ki, d\u00f6vl\u0259t ba\u015f\u00e7\u0131m\u0131z\u0131n h\u0259r bir u\u011furlu xarici s\u0259f\u0259ri, o c\u00fcml\u0259d\u0259n \u0130taliya s\u0259f\u0259ri Da\u011fl\u0131q Qaraba\u011f m\u00fcnaqi\u015f\u0259sinin \u0259dal\u0259tli h\u0259llin\u0259 beyn\u0259lxalq d\u0259st\u0259yin \u0259h\u0259miyy\u0259tli \u015f\u0259kild\u0259 g\u00fccl\u0259nm\u0259si il\u0259 m\u00fc\u015fayi\u0259t olunur&#8221;.<\/p>\n","protected":false},"excerpt":{"rendered":"<p>2020-ci ilin ilk aylar\u0131 Az\u0259rbaycan Respublikas\u0131n\u0131n Prezidenti \u0130lham \u018fliyevin xarici siyas\u0259t sah\u0259sind\u0259 z\u0259ngin f\u0259aliyy\u0259ti il\u0259 tarix\u0259 d\u00fc\u015fd\u00fc. Yanvar ay\u0131nda Davosda Beyn\u0259lxalq \u0130qtisadi Forumda i\u015ftirak ed\u0259n, fevral ay\u0131nda is\u0259 M\u00fcnxen T\u0259hkl\u00fck\u0259sizlik Konfrans\u0131na qat\u0131lan Prezident \u0130lham \u018fliyev, eyni zamanda \u00e7oxsayl\u0131 g\u00f6r\u00fc\u015f v\u0259 hadis\u0259l\u0259rl\u0259 m\u00fc\u015fayi\u0259t olunan \u0130taliya s\u0259f\u0259rini h\u0259yata ke\u00e7irdi. Sadalananlar d\u00f6vl\u0259timizin xarici siyas\u0259t f\u0259aliyy\u0259tinin intensivliyi il\u0259 yana\u015f\u0131, h\u0259m\u00e7inin Az\u0259rbaycan\u0131n beyn\u0259lxalq al\u0259md\u0259 rolu v\u0259 \u0259h\u0259miyy\u0259tinin durmadan artmas\u0131n\u0131 s\u00fcbuta yetirir. ARANTV.AZ\u00a0\u00a0Trend-\u0259 istinad\u0259n x\u0259b\u0259r verir ki, bunu Ba\u015f nazirin m\u00fcavini, hakim Yeni Az\u0259rbaycan Partiyas\u0131 (YAP) s\u0259drinin m\u00fcavini-icra katibi \u018fli \u018fhm\u0259dov \u00f6z\u00fcn\u00fcn &#8220;Facebook&#8221; s\u0259hif\u0259sind\u0259 yaz\u0131b. O&hellip;<\/p>\n","protected":false},"author":2,"featured_media":134030,"comment_status":"closed","ping_status":"closed","sticky":false,"template":"","format":"standard","meta":{"om_disable_all_campaigns":false,"_monsterinsights_skip_tracking":false,"_monsterinsights_sitenote_active":false,"_monsterinsights_sitenote_note":"","_monsterinsights_sitenote_category":0},"categories":[4],"tags":[],"aioseo_notices":[],"gutentor_comment":0,"rttpg_featured_image_url":{"full":["https:\/\/arantv.az\/wp-content\/uploads\/2020\/02\/828380.jpg",800,600,false],"landscape":["https:\/\/arantv.az\/wp-content\/uploads\/2020\/02\/828380.jpg",800,600,false],"portraits":["https:\/\/arantv.az\/wp-content\/uploads\/2020\/02\/828380.jpg",800,600,false],"thumbnail":["https:\/\/arantv.az\/wp-content\/uploads\/2020\/02\/828380-150x150.jpg",150,150,true],"medium":["https:\/\/arantv.az\/wp-content\/uploads\/2020\/02\/828380-300x225.jpg",300,225,true],"large":["https:\/\/arantv.az\/wp-content\/uploads\/2020\/02\/828380.jpg",640,480,false],"1536x1536":["https:\/\/arantv.az\/wp-content\/uploads\/2020\/02\/828380.jpg",800,600,false],"2048x2048":["https:\/\/arantv.az\/wp-content\/uploads\/2020\/02\/828380.jpg",800,600,false],"post-thumbnail":["https:\/\/arantv.az\/wp-content\/uploads\/2020\/02\/828380-240x172.jpg",240,172,true],"advps-thumb-one":["https:\/\/arantv.az\/wp-content\/uploads\/2020\/02\/828380.jpg",800,600,false]},"rttpg_author":{"display_name":"V\u00fcsal Rafiqo\u011flu","author_link":"https:\/\/arantv.az\/?author=2"},"rttpg_comment":0,"rttpg_category":"<a href=\"https:\/\/arantv.az\/?cat=4\" rel=\"category\">Siyas\u0259t<\/a>","rttpg_excerpt":"2020-ci ilin ilk aylar\u0131 Az\u0259rbaycan Respublikas\u0131n\u0131n Prezidenti \u0130lham \u018fliyevin xarici siyas\u0259t sah\u0259sind\u0259 z\u0259ngin f\u0259aliyy\u0259ti il\u0259 tarix\u0259 d\u00fc\u015fd\u00fc. Yanvar ay\u0131nda Davosda Beyn\u0259lxalq \u0130qtisadi Forumda i\u015ftirak ed\u0259n, fevral ay\u0131nda is\u0259 M\u00fcnxen T\u0259hkl\u00fck\u0259sizlik Konfrans\u0131na qat\u0131lan Prezident \u0130lham \u018fliyev, eyni zamanda \u00e7oxsayl\u0131 g\u00f6r\u00fc\u015f v\u0259 hadis\u0259l\u0259rl\u0259 m\u00fc\u015fayi\u0259t olunan \u0130taliya s\u0259f\u0259rini h\u0259yata ke\u00e7irdi. Sadalananlar d\u00f6vl\u0259timizin xarici siyas\u0259t f\u0259aliyy\u0259tinin intensivliyi il\u0259 yana\u015f\u0131,&hellip;","_links":{"self":[{"href":"https:\/\/arantv.az\/index.php?rest_route=\/wp\/v2\/posts\/134029"}],"collection":[{"href":"https:\/\/arantv.az\/index.php?rest_route=\/wp\/v2\/posts"}],"about":[{"href":"https:\/\/arantv.az\/index.php?rest_route=\/wp\/v2\/types\/post"}],"author":[{"embeddable":true,"href":"https:\/\/arantv.az\/index.php?rest_route=\/wp\/v2\/users\/2"}],"replies":[{"embeddable":true,"href":"https:\/\/arantv.az\/index.php?rest_route=%2Fwp%2Fv2%2Fcomments&post=134029"}],"version-history":[{"count":0,"href":"https:\/\/arantv.az\/index.php?rest_route=\/wp\/v2\/posts\/134029\/revisions"}],"wp:featuredmedia":[{"embeddable":true,"href":"https:\/\/arantv.az\/index.php?rest_route=\/wp\/v2\/media\/134030"}],"wp:attachment":[{"href":"https:\/\/arantv.az\/index.php?rest_route=%2Fwp%2Fv2%2Fmedia&parent=134029"}],"wp:term":[{"taxonomy":"category","embeddable":true,"href":"https:\/\/arantv.az\/index.php?rest_route=%2Fwp%2Fv2%2Fcategories&post=134029"},{"taxonomy":"post_tag","embeddable":true,"href":"https:\/\/arantv.az\/index.php?rest_route=%2Fwp%2Fv2%2Ftags&post=134029"}],"curies":[{"name":"wp","href":"https:\/\/api.w.org\/{rel}","templated":true}]}}