{"id":134057,"date":"2020-02-24T11:04:08","date_gmt":"2020-02-24T08:04:08","guid":{"rendered":"http:\/\/arantv.az\/?p=134057"},"modified":"2020-02-24T11:04:08","modified_gmt":"2020-02-24T08:04:08","slug":"prezidentin-kom%c9%99kcisi-az%c9%99rbaycan-h%c9%99rbi-texniki-sah%c9%99d%c9%99-%c9%99m%c9%99kdasligin-cografiyasini-genisl%c9%99ndirir","status":"publish","type":"post","link":"https:\/\/arantv.az\/?p=134057","title":{"rendered":"Prezidentin k\u00f6m\u0259k\u00e7isi: &#8220;Az\u0259rbaycan h\u0259rbi-texniki sah\u0259d\u0259 \u0259m\u0259kda\u015fl\u0131\u011f\u0131n co\u011frafiyas\u0131n\u0131 geni\u015fl\u0259ndirir&#8221;"},"content":{"rendered":"<p>Az\u0259rbaycan v\u0259 \u0130taliya h\u0259rbi-texniki sah\u0259d\u0259 d\u0259 \u0259m\u0259kda\u015fl\u0131q bar\u0259sind\u0259 raz\u0131l\u0131q \u0259ld\u0259 edibl\u0259r&#8221;.<\/p>\n<p><strong>ARANTV.AZ\u00a0<\/strong> x\u0259b\u0259r verir ki, bunu Az\u0259rbaycan Prezidentinin k\u00f6m\u0259k\u00e7isi-Prezident Administrasiyas\u0131n\u0131n Xarici siyas\u0259t m\u0259s\u0259l\u0259l\u0259ri \u015f\u00f6b\u0259sinin m\u00fcdiri Hikm\u0259t Hac\u0131yev deyib.<\/p>\n<p>O vur\u011fulay\u0131b ki, bu sah\u0259d\u0259 \u0259m\u0259kda\u015fl\u0131q iki \u00f6lk\u0259 aras\u0131nda qar\u015f\u0131l\u0131ql\u0131 etimad\u0131n y\u00fcks\u0259k s\u0259viyy\u0259sinin v\u0259 Az\u0259rbaycan\u0131n h\u0259rbi-texniki sah\u0259d\u0259 \u0259m\u0259kda\u015fl\u0131\u011f\u0131n\u0131n co\u011frafiyas\u0131n\u0131n geni\u015fliyinin t\u0259zah\u00fcr\u00fcd\u00fcr.<\/p>\n<p>H.Hac\u0131yev bildirib ki, Az\u0259rbaycan Prezidenti \u0130lham \u018fliyevin \u0130taliyaya d\u00f6vl\u0259t s\u0259f\u0259ri \u00e7\u0259r\u00e7iv\u0259sind\u0259 iki d\u00f6vl\u0259t aras\u0131nda \u00fcmumilikd\u0259 28 s\u0259n\u0259d imzalan\u0131b: &#8220;\u0130mzalanm\u0131\u015f s\u0259n\u0259dl\u0259r s\u0131ras\u0131nda &#8220;Az\u0259rbaycan Respublikas\u0131 il\u0259 \u0130taliya Respublikas\u0131 aras\u0131nda \u00c7ox\u00f6l\u00e7\u00fcl\u00fc Strateji T\u0259r\u0259fda\u015fl\u0131\u011f\u0131n g\u00fccl\u0259ndirilm\u0259sin\u0259 dair Birg\u0259 B\u0259yannam\u0259&#8221; m\u00fcst\u0259sna \u0259h\u0259miyy\u0259t da\u015f\u0131y\u0131r: &#8220;S\u0259n\u0259din bilavasit\u0259 Prezident \u0130lham \u018fliyev v\u0259 Ba\u015f Nazir C\u00fczeppe Konte t\u0259r\u0259find\u0259n imzalanmas\u0131 bu s\u0259n\u0259din siyasi y\u00fck\u00fcn\u00fc g\u00f6st\u0259rir.<\/p>\n<p><img class=\"imgbcode\" src=\"https:\/\/sonxeber.az\/uploads\/654a733c62f0fb6adc567de9971d071e.jpg\" alt=\"Prezidentin k\u00f6m\u0259k\u00e7isi: &quot;Az\u0259rbaycan h\u0259rbi-texniki sah\u0259d\u0259 \u0259m\u0259kda\u015fl\u0131\u011f\u0131n co\u011frafiyas\u0131n\u0131 geni\u015fl\u0259ndirir&quot;\" \/>Birg\u0259 B\u0259yannam\u0259d\u0259 \u00f6lk\u0259miz \u00fc\u00e7\u00fcn \u0259n a\u011fr\u0131l\u0131 problem olan Erm\u0259nistan-Az\u0259rbaycan Da\u011fl\u0131q Qaraba\u011f m\u00fcnaqi\u015f\u0259si il\u0259 ba\u011fl\u0131 t\u0259r\u0259fl\u0259rin birm\u0259nal\u0131 m\u00f6vqeyi d\u0259 \u0259ks olunur. S\u0259n\u0259din siyasi hiss\u0259sind\u0259 m\u00fcnaqi\u015f\u0259nin Helsinki Yekun Akt\u0131n\u0131n t\u0259m\u0259l prinsipl\u0259ri, x\u00fcsusil\u0259 suverenlik, \u0259razi b\u00fct\u00f6vl\u00fcy\u00fc v\u0259 beyn\u0259lxalq s\u0259rh\u0259dl\u0259rin toxunulmazl\u0131\u011f\u0131, BMT v\u0259 AT\u018fT-in m\u00fcvafiq s\u0259n\u0259d v\u0259 q\u0259rarlar\u0131 \u0259sas\u0131nda nizamlanmas\u0131na dair olduqca \u0259h\u0259miyy\u0259tli madd\u0259 yer al\u0131r.<\/p>\n<p>\u0130taliya h\u0259r zaman m\u00fcnaqi\u015f\u0259nin h\u0259lli prosesind\u0259 Az\u0259rbaycan\u0131n haql\u0131 m\u00f6vqeyini d\u0259st\u0259kl\u0259yib v\u0259 onun s\u0259yl\u0259ri h\u0259r zaman Az\u0259rbaycan t\u0259r\u0259find\u0259n y\u00fcks\u0259k qiym\u0259tl\u0259ndirilib. \u0130taliya AT\u018fT-in Minsk qrupunun \u00fczvl\u0259rind\u0259n biridir v\u0259 Minsk prosesi \u00e7\u0259r\u00e7iv\u0259sind\u0259 \u00e7ox f\u0259al olub. Vaxtil\u0259 AT\u018fM-in Minsk Konfrans\u0131n\u0131n v\u0259 sonradan AT\u018fT-in Minsk qrupunun ilk s\u0259dri d\u0259 m\u0259hz italiyal\u0131 diplomat Mario Rafaelli olub. M\u0259hz 1993-c\u00fc ild\u0259 italyan diplomat Mario Rafaellinin A\u011fdam \u015f\u0259h\u0259rinin i\u015f\u011fal\u0131ndan sonra BMT Ba\u015f katibin\u0259 haz\u0131rlad\u0131\u011f\u0131 hesabat \u0259sas\u0131nda BMT T\u0259hl\u00fck\u0259sizlik \u015euras\u0131n\u0131n m\u00fcvafiq q\u0259tnam\u0259si q\u0259bul olunub&#8221;.&#8221;Report&#8221;<\/p>\n","protected":false},"excerpt":{"rendered":"<p>Az\u0259rbaycan v\u0259 \u0130taliya h\u0259rbi-texniki sah\u0259d\u0259 d\u0259 \u0259m\u0259kda\u015fl\u0131q bar\u0259sind\u0259 raz\u0131l\u0131q \u0259ld\u0259 edibl\u0259r&#8221;. ARANTV.AZ\u00a0 x\u0259b\u0259r verir ki, bunu Az\u0259rbaycan Prezidentinin k\u00f6m\u0259k\u00e7isi-Prezident Administrasiyas\u0131n\u0131n Xarici siyas\u0259t m\u0259s\u0259l\u0259l\u0259ri \u015f\u00f6b\u0259sinin m\u00fcdiri Hikm\u0259t Hac\u0131yev deyib. O vur\u011fulay\u0131b ki, bu sah\u0259d\u0259 \u0259m\u0259kda\u015fl\u0131q iki \u00f6lk\u0259 aras\u0131nda qar\u015f\u0131l\u0131ql\u0131 etimad\u0131n y\u00fcks\u0259k s\u0259viyy\u0259sinin v\u0259 Az\u0259rbaycan\u0131n h\u0259rbi-texniki sah\u0259d\u0259 \u0259m\u0259kda\u015fl\u0131\u011f\u0131n\u0131n co\u011frafiyas\u0131n\u0131n geni\u015fliyinin t\u0259zah\u00fcr\u00fcd\u00fcr. H.Hac\u0131yev bildirib ki, Az\u0259rbaycan Prezidenti \u0130lham \u018fliyevin \u0130taliyaya d\u00f6vl\u0259t s\u0259f\u0259ri \u00e7\u0259r\u00e7iv\u0259sind\u0259 iki d\u00f6vl\u0259t aras\u0131nda \u00fcmumilikd\u0259 28 s\u0259n\u0259d imzalan\u0131b: &#8220;\u0130mzalanm\u0131\u015f s\u0259n\u0259dl\u0259r s\u0131ras\u0131nda &#8220;Az\u0259rbaycan Respublikas\u0131 il\u0259 \u0130taliya Respublikas\u0131 aras\u0131nda \u00c7ox\u00f6l\u00e7\u00fcl\u00fc Strateji T\u0259r\u0259fda\u015fl\u0131\u011f\u0131n g\u00fccl\u0259ndirilm\u0259sin\u0259 dair Birg\u0259 B\u0259yannam\u0259&#8221; m\u00fcst\u0259sna \u0259h\u0259miyy\u0259t da\u015f\u0131y\u0131r: &#8220;S\u0259n\u0259din bilavasit\u0259 Prezident \u0130lham&hellip;<\/p>\n","protected":false},"author":2,"featured_media":134058,"comment_status":"closed","ping_status":"closed","sticky":false,"template":"","format":"standard","meta":{"om_disable_all_campaigns":false,"_monsterinsights_skip_tracking":false,"_monsterinsights_sitenote_active":false,"_monsterinsights_sitenote_note":"","_monsterinsights_sitenote_category":0},"categories":[1],"tags":[],"aioseo_notices":[],"gutentor_comment":0,"rttpg_featured_image_url":{"full":["https:\/\/arantv.az\/wp-content\/uploads\/2020\/02\/18fb9297420f3955ca90c1ce886e6038.jpg",650,440,false],"landscape":["https:\/\/arantv.az\/wp-content\/uploads\/2020\/02\/18fb9297420f3955ca90c1ce886e6038.jpg",650,440,false],"portraits":["https:\/\/arantv.az\/wp-content\/uploads\/2020\/02\/18fb9297420f3955ca90c1ce886e6038.jpg",650,440,false],"thumbnail":["https:\/\/arantv.az\/wp-content\/uploads\/2020\/02\/18fb9297420f3955ca90c1ce886e6038-150x150.jpg",150,150,true],"medium":["https:\/\/arantv.az\/wp-content\/uploads\/2020\/02\/18fb9297420f3955ca90c1ce886e6038-300x203.jpg",300,203,true],"large":["https:\/\/arantv.az\/wp-content\/uploads\/2020\/02\/18fb9297420f3955ca90c1ce886e6038.jpg",640,433,false],"1536x1536":["https:\/\/arantv.az\/wp-content\/uploads\/2020\/02\/18fb9297420f3955ca90c1ce886e6038.jpg",650,440,false],"2048x2048":["https:\/\/arantv.az\/wp-content\/uploads\/2020\/02\/18fb9297420f3955ca90c1ce886e6038.jpg",650,440,false],"post-thumbnail":["https:\/\/arantv.az\/wp-content\/uploads\/2020\/02\/18fb9297420f3955ca90c1ce886e6038-240x172.jpg",240,172,true],"advps-thumb-one":["https:\/\/arantv.az\/wp-content\/uploads\/2020\/02\/18fb9297420f3955ca90c1ce886e6038.jpg",650,440,false]},"rttpg_author":{"display_name":"V\u00fcsal Rafiqo\u011flu","author_link":"https:\/\/arantv.az\/?author=2"},"rttpg_comment":0,"rttpg_category":"<a href=\"https:\/\/arantv.az\/?cat=1\" rel=\"category\">C\u0259miyy\u0259t<\/a>","rttpg_excerpt":"Az\u0259rbaycan v\u0259 \u0130taliya h\u0259rbi-texniki sah\u0259d\u0259 d\u0259 \u0259m\u0259kda\u015fl\u0131q bar\u0259sind\u0259 raz\u0131l\u0131q \u0259ld\u0259 edibl\u0259r&#8221;. ARANTV.AZ\u00a0 x\u0259b\u0259r verir ki, bunu Az\u0259rbaycan Prezidentinin k\u00f6m\u0259k\u00e7isi-Prezident Administrasiyas\u0131n\u0131n Xarici siyas\u0259t m\u0259s\u0259l\u0259l\u0259ri \u015f\u00f6b\u0259sinin m\u00fcdiri Hikm\u0259t Hac\u0131yev deyib. O vur\u011fulay\u0131b ki, bu sah\u0259d\u0259 \u0259m\u0259kda\u015fl\u0131q iki \u00f6lk\u0259 aras\u0131nda qar\u015f\u0131l\u0131ql\u0131 etimad\u0131n y\u00fcks\u0259k s\u0259viyy\u0259sinin v\u0259 Az\u0259rbaycan\u0131n h\u0259rbi-texniki sah\u0259d\u0259 \u0259m\u0259kda\u015fl\u0131\u011f\u0131n\u0131n co\u011frafiyas\u0131n\u0131n geni\u015fliyinin t\u0259zah\u00fcr\u00fcd\u00fcr. H.Hac\u0131yev bildirib ki, Az\u0259rbaycan Prezidenti \u0130lham&hellip;","_links":{"self":[{"href":"https:\/\/arantv.az\/index.php?rest_route=\/wp\/v2\/posts\/134057"}],"collection":[{"href":"https:\/\/arantv.az\/index.php?rest_route=\/wp\/v2\/posts"}],"about":[{"href":"https:\/\/arantv.az\/index.php?rest_route=\/wp\/v2\/types\/post"}],"author":[{"embeddable":true,"href":"https:\/\/arantv.az\/index.php?rest_route=\/wp\/v2\/users\/2"}],"replies":[{"embeddable":true,"href":"https:\/\/arantv.az\/index.php?rest_route=%2Fwp%2Fv2%2Fcomments&post=134057"}],"version-history":[{"count":0,"href":"https:\/\/arantv.az\/index.php?rest_route=\/wp\/v2\/posts\/134057\/revisions"}],"wp:featuredmedia":[{"embeddable":true,"href":"https:\/\/arantv.az\/index.php?rest_route=\/wp\/v2\/media\/134058"}],"wp:attachment":[{"href":"https:\/\/arantv.az\/index.php?rest_route=%2Fwp%2Fv2%2Fmedia&parent=134057"}],"wp:term":[{"taxonomy":"category","embeddable":true,"href":"https:\/\/arantv.az\/index.php?rest_route=%2Fwp%2Fv2%2Fcategories&post=134057"},{"taxonomy":"post_tag","embeddable":true,"href":"https:\/\/arantv.az\/index.php?rest_route=%2Fwp%2Fv2%2Ftags&post=134057"}],"curies":[{"name":"wp","href":"https:\/\/api.w.org\/{rel}","templated":true}]}}