{"id":1346,"date":"2018-07-26T15:11:26","date_gmt":"2018-07-26T12:11:26","guid":{"rendered":"http:\/\/arantv.az\/?p=1346"},"modified":"2018-07-26T15:11:26","modified_gmt":"2018-07-26T12:11:26","slug":"s%c9%99rq-bazarinin-taleyi-il%c9%99-bagli-r%c9%99smi-aciqlama","status":"publish","type":"post","link":"https:\/\/arantv.az\/?p=1346","title":{"rendered":"\u201c\u015e\u0259rq\u201d bazar\u0131n\u0131n taleyi il\u0259 ba\u011fl\u0131 R\u018fSM\u0130 A\u00c7IQLAMA"},"content":{"rendered":"<p>Sosial \u015f\u0259b\u0259k\u0259l\u0259r\u0259 &#8220;\u015e\u0259rq&#8221; bazar\u0131n s\u00f6k\u00fclm\u0259si il\u0259 ba\u011fl\u0131 m\u0259lumatlar yay\u0131l\u0131b.<\/p>\n<p><strong>ARANTV.AZ<\/strong> x\u0259b\u0259r verir ki, N\u0259rimanov rayon \u0130cra Hakimiyy\u0259ti ba\u015f\u00e7\u0131s\u0131n\u0131n birinci m\u00fcavini \u015eahmar \u0130badov lent.az-a a\u00e7\u0131qlama ver\u0259r\u0259k m\u0259s\u0259l\u0259y\u0259 ayd\u0131nl\u0131q g\u0259tirib. \u015e.\u0130badov bildirib ki, bazar\u0131n yerl\u0259\u015fdiyi tikili tarixi \u0259h\u0259miyy\u0259t\u0259 malikdir v\u0259 tam s\u00f6k\u00fclm\u0259y\u0259c\u0259k: &#8220;\u015e\u0259rq Bazar\u0131 art\u0131q 5-6 ayd\u0131r f\u0259aliyy\u0259tini dayand\u0131r\u0131b. O bina tarixi memarl\u0131q n\u00fcmun\u0259sidir, bu s\u0259b\u0259bd\u0259n d\u0259 s\u00f6k\u00fcl\u0259 bilm\u0259z. Onun i\u00e7\u0259risind\u0259ki konstruksiyalar b\u0259rbad v\u0259ziyy\u0259t\u0259 sal\u0131n\u0131b. Bazar\u0131n i\u00e7\u0259rind\u0259 h\u0259r\u0259 bir arak\u0259sm\u0259, taxta il\u0259 \u00f6z\u00fcn\u0259 bir obyekt d\u00fcz\u0259ltmi\u015fdi. \u0130ndi h\u0259min art\u0131q \u015feyl\u0259rin ham\u0131s\u0131 s\u00f6k\u00fcl\u0259c\u0259k. Ora g\u00f6z\u0259l bir tarixi memarl\u0131q \u0259s\u0259ri kimi ba\u015fqa t\u0259yinatla istifad\u0259 olunacaq&#8221;.<\/p>\n<div id=\"AdributorNativeVideo0\" class=\"AdributorNativeVideo\"><\/div>\n<p>R\u0130H ba\u015f\u00e7\u0131s\u0131n\u0131n birinci m\u00fcavini \u0259lav\u0259 edib ki, haz\u0131rda &#8220;\u015e\u0259rq&#8221; baz\u0131r\u0131n\u0131n daxilind\u0259 t\u0259mir i\u015fl\u0259ri apar\u0131l\u0131r: &#8220;Binan\u0131n \u0259hat\u0259si ba\u011flan\u0131b v\u0259 t\u0259xmin\u0259n 6 aydan sonra &#8220;\u015e\u0259rq&#8221; bazar\u0131nda i\u015fl\u0259r yekunla\u015facaq. T\u0259mir bit\u0259nd\u0259n sonra \u0259traf\u0131 g\u00fcl-\u00e7i\u00e7\u0259kli olan memarl\u0131q abid\u0259si g\u00f6r\u00fcn\u0259c\u0259k&#8221;.<\/p>\n","protected":false},"excerpt":{"rendered":"<p>Sosial \u015f\u0259b\u0259k\u0259l\u0259r\u0259 &#8220;\u015e\u0259rq&#8221; bazar\u0131n s\u00f6k\u00fclm\u0259si il\u0259 ba\u011fl\u0131 m\u0259lumatlar yay\u0131l\u0131b. ARANTV.AZ x\u0259b\u0259r verir ki, N\u0259rimanov rayon \u0130cra Hakimiyy\u0259ti ba\u015f\u00e7\u0131s\u0131n\u0131n birinci m\u00fcavini \u015eahmar \u0130badov lent.az-a a\u00e7\u0131qlama ver\u0259r\u0259k m\u0259s\u0259l\u0259y\u0259 ayd\u0131nl\u0131q g\u0259tirib. \u015e.\u0130badov bildirib ki, bazar\u0131n yerl\u0259\u015fdiyi tikili tarixi \u0259h\u0259miyy\u0259t\u0259 malikdir v\u0259 tam s\u00f6k\u00fclm\u0259y\u0259c\u0259k: &#8220;\u015e\u0259rq Bazar\u0131 art\u0131q 5-6 ayd\u0131r f\u0259aliyy\u0259tini dayand\u0131r\u0131b. O bina tarixi memarl\u0131q n\u00fcmun\u0259sidir, bu s\u0259b\u0259bd\u0259n d\u0259 s\u00f6k\u00fcl\u0259 bilm\u0259z. Onun i\u00e7\u0259risind\u0259ki konstruksiyalar b\u0259rbad v\u0259ziyy\u0259t\u0259 sal\u0131n\u0131b. Bazar\u0131n i\u00e7\u0259rind\u0259 h\u0259r\u0259 bir arak\u0259sm\u0259, taxta il\u0259 \u00f6z\u00fcn\u0259 bir obyekt d\u00fcz\u0259ltmi\u015fdi. \u0130ndi h\u0259min art\u0131q \u015feyl\u0259rin ham\u0131s\u0131 s\u00f6k\u00fcl\u0259c\u0259k. Ora g\u00f6z\u0259l bir tarixi memarl\u0131q \u0259s\u0259ri kimi ba\u015fqa t\u0259yinatla istifad\u0259&hellip;<\/p>\n","protected":false},"author":2,"featured_media":1347,"comment_status":"open","ping_status":"open","sticky":false,"template":"","format":"standard","meta":{"om_disable_all_campaigns":false,"_monsterinsights_skip_tracking":false,"_monsterinsights_sitenote_active":false,"_monsterinsights_sitenote_note":"","_monsterinsights_sitenote_category":0},"categories":[11],"tags":[],"aioseo_notices":[],"gutentor_comment":0,"rttpg_featured_image_url":{"full":["https:\/\/arantv.az\/wp-content\/uploads\/2018\/07\/671250.jpg",500,333,false],"landscape":["https:\/\/arantv.az\/wp-content\/uploads\/2018\/07\/671250.jpg",500,333,false],"portraits":["https:\/\/arantv.az\/wp-content\/uploads\/2018\/07\/671250.jpg",500,333,false],"thumbnail":["https:\/\/arantv.az\/wp-content\/uploads\/2018\/07\/671250-150x150.jpg",150,150,true],"medium":["https:\/\/arantv.az\/wp-content\/uploads\/2018\/07\/671250-300x200.jpg",300,200,true],"large":["https:\/\/arantv.az\/wp-content\/uploads\/2018\/07\/671250.jpg",500,333,false],"1536x1536":["https:\/\/arantv.az\/wp-content\/uploads\/2018\/07\/671250.jpg",500,333,false],"2048x2048":["https:\/\/arantv.az\/wp-content\/uploads\/2018\/07\/671250.jpg",500,333,false],"post-thumbnail":["https:\/\/arantv.az\/wp-content\/uploads\/2018\/07\/671250.jpg",240,160,false],"advps-thumb-one":["https:\/\/arantv.az\/wp-content\/uploads\/2018\/07\/671250.jpg",500,333,false]},"rttpg_author":{"display_name":"V\u00fcsal Rafiqo\u011flu","author_link":"https:\/\/arantv.az\/?author=2"},"rttpg_comment":0,"rttpg_category":"<a href=\"https:\/\/arantv.az\/?cat=11\" rel=\"category\">Manset<\/a>","rttpg_excerpt":"Sosial \u015f\u0259b\u0259k\u0259l\u0259r\u0259 &#8220;\u015e\u0259rq&#8221; bazar\u0131n s\u00f6k\u00fclm\u0259si il\u0259 ba\u011fl\u0131 m\u0259lumatlar yay\u0131l\u0131b. ARANTV.AZ x\u0259b\u0259r verir ki, N\u0259rimanov rayon \u0130cra Hakimiyy\u0259ti ba\u015f\u00e7\u0131s\u0131n\u0131n birinci m\u00fcavini \u015eahmar \u0130badov lent.az-a a\u00e7\u0131qlama ver\u0259r\u0259k m\u0259s\u0259l\u0259y\u0259 ayd\u0131nl\u0131q g\u0259tirib. \u015e.\u0130badov bildirib ki, bazar\u0131n yerl\u0259\u015fdiyi tikili tarixi \u0259h\u0259miyy\u0259t\u0259 malikdir v\u0259 tam s\u00f6k\u00fclm\u0259y\u0259c\u0259k: &#8220;\u015e\u0259rq Bazar\u0131 art\u0131q 5-6 ayd\u0131r f\u0259aliyy\u0259tini dayand\u0131r\u0131b. O bina tarixi memarl\u0131q n\u00fcmun\u0259sidir, bu s\u0259b\u0259bd\u0259n d\u0259&hellip;","_links":{"self":[{"href":"https:\/\/arantv.az\/index.php?rest_route=\/wp\/v2\/posts\/1346"}],"collection":[{"href":"https:\/\/arantv.az\/index.php?rest_route=\/wp\/v2\/posts"}],"about":[{"href":"https:\/\/arantv.az\/index.php?rest_route=\/wp\/v2\/types\/post"}],"author":[{"embeddable":true,"href":"https:\/\/arantv.az\/index.php?rest_route=\/wp\/v2\/users\/2"}],"replies":[{"embeddable":true,"href":"https:\/\/arantv.az\/index.php?rest_route=%2Fwp%2Fv2%2Fcomments&post=1346"}],"version-history":[{"count":0,"href":"https:\/\/arantv.az\/index.php?rest_route=\/wp\/v2\/posts\/1346\/revisions"}],"wp:featuredmedia":[{"embeddable":true,"href":"https:\/\/arantv.az\/index.php?rest_route=\/wp\/v2\/media\/1347"}],"wp:attachment":[{"href":"https:\/\/arantv.az\/index.php?rest_route=%2Fwp%2Fv2%2Fmedia&parent=1346"}],"wp:term":[{"taxonomy":"category","embeddable":true,"href":"https:\/\/arantv.az\/index.php?rest_route=%2Fwp%2Fv2%2Fcategories&post=1346"},{"taxonomy":"post_tag","embeddable":true,"href":"https:\/\/arantv.az\/index.php?rest_route=%2Fwp%2Fv2%2Ftags&post=1346"}],"curies":[{"name":"wp","href":"https:\/\/api.w.org\/{rel}","templated":true}]}}