{"id":134892,"date":"2020-02-26T14:49:13","date_gmt":"2020-02-26T11:49:13","guid":{"rendered":"http:\/\/arantv.az\/?p=134892"},"modified":"2020-02-26T14:49:13","modified_gmt":"2020-02-26T11:49:13","slug":"%c9%99rdogan-qarabagdan-danisdi-n%c9%99-abs-n%c9%99-d%c9%99-rusiya-bu-isi-h%c9%99ll-edib","status":"publish","type":"post","link":"https:\/\/arantv.az\/?p=134892","title":{"rendered":"\u018frdo\u011fan Qaraba\u011fdan dan\u0131\u015fd\u0131: \u201cN\u0259 AB\u015e, n\u0259 d\u0259 Rusiya bu i\u015fi h\u0259ll edib\u201d"},"content":{"rendered":"<p>\u201cDa\u011fl\u0131q Qaraba\u011f m\u00f6vzusunda Az\u0259rbaycan\u0131n yan\u0131nday\u0131q. \u0130\u015f\u011fal alt\u0131ndak\u0131 torpaqlar art\u0131q azadl\u0131\u011fa qovu\u015fmal\u0131 v\u0259 b\u00f6lg\u0259y\u0259 s\u00fclh, \u0259min-amanl\u0131q g\u0259lm\u0259lidir\u201d.<\/p>\n<p>\u201cH\u00fcrriyet\u201d x\u0259b\u0259r verir ki, bunu\u00a0T\u00fcrkiy\u0259 Prezidenti R\u0259c\u0259b Tayyib \u018frdo\u011fan Bak\u0131dan qay\u0131dark\u0259n t\u0259yyar\u0259d\u0259 jurnalistl\u0259rin suallar\u0131n\u0131 cavabland\u0131rark\u0259n deyib.<\/p>\n<div id=\"AdviadNativeVideo0\" class=\"AdviadNativeVideo\"><\/div>\n<p>\u201cBildiyiniz kimi, \u201cMinsk prosesi\u201d yay\u0131nd\u0131rma olaraq t\u0259xmin\u0259n 25 ildir davam edir. Bu yay\u0131nd\u0131rma taktikas\u0131 il\u0259 n\u0259 AB\u015e, n\u0259 d\u0259 Rusiya bu i\u015fi h\u0259ll edib.<\/p>\n<p>\u201cMinsk \u00fc\u00e7l\u00fcy\u00fc\u201d indiy\u0259 q\u0259d\u0259r he\u00e7 bir h\u0259ll yolu yarada bilm\u0259diyi kimi, ke\u00e7iril\u0259n ikit\u0259r\u0259fli g\u00f6r\u00fc\u015fl\u0259r d\u0259, t\u0259\u0259ss\u00fcf ki, he\u00e7 bir n\u0259tic\u0259 verm\u0259yib\u201d, &#8211; \u018frdo\u011fan bildirib.<\/p>\n","protected":false},"excerpt":{"rendered":"<p>\u201cDa\u011fl\u0131q Qaraba\u011f m\u00f6vzusunda Az\u0259rbaycan\u0131n yan\u0131nday\u0131q. \u0130\u015f\u011fal alt\u0131ndak\u0131 torpaqlar art\u0131q azadl\u0131\u011fa qovu\u015fmal\u0131 v\u0259 b\u00f6lg\u0259y\u0259 s\u00fclh, \u0259min-amanl\u0131q g\u0259lm\u0259lidir\u201d. \u201cH\u00fcrriyet\u201d x\u0259b\u0259r verir ki, bunu\u00a0T\u00fcrkiy\u0259 Prezidenti R\u0259c\u0259b Tayyib \u018frdo\u011fan Bak\u0131dan qay\u0131dark\u0259n t\u0259yyar\u0259d\u0259 jurnalistl\u0259rin suallar\u0131n\u0131 cavabland\u0131rark\u0259n deyib. \u201cBildiyiniz kimi, \u201cMinsk prosesi\u201d yay\u0131nd\u0131rma olaraq t\u0259xmin\u0259n 25 ildir davam edir. Bu yay\u0131nd\u0131rma taktikas\u0131 il\u0259 n\u0259 AB\u015e, n\u0259 d\u0259 Rusiya bu i\u015fi h\u0259ll edib. \u201cMinsk \u00fc\u00e7l\u00fcy\u00fc\u201d indiy\u0259 q\u0259d\u0259r he\u00e7 bir h\u0259ll yolu yarada bilm\u0259diyi kimi, ke\u00e7iril\u0259n ikit\u0259r\u0259fli g\u00f6r\u00fc\u015fl\u0259r d\u0259, t\u0259\u0259ss\u00fcf ki, he\u00e7 bir n\u0259tic\u0259 verm\u0259yib\u201d, &#8211; \u018frdo\u011fan bildirib.<\/p>\n","protected":false},"author":2,"featured_media":134893,"comment_status":"closed","ping_status":"closed","sticky":false,"template":"","format":"standard","meta":{"om_disable_all_campaigns":false,"_monsterinsights_skip_tracking":false,"_monsterinsights_sitenote_active":false,"_monsterinsights_sitenote_note":"","_monsterinsights_sitenote_category":0},"categories":[7],"tags":[],"aioseo_notices":[],"gutentor_comment":0,"rttpg_featured_image_url":{"full":["https:\/\/arantv.az\/wp-content\/uploads\/2020\/02\/erdini.jpg",620,349,false],"landscape":["https:\/\/arantv.az\/wp-content\/uploads\/2020\/02\/erdini.jpg",620,349,false],"portraits":["https:\/\/arantv.az\/wp-content\/uploads\/2020\/02\/erdini.jpg",620,349,false],"thumbnail":["https:\/\/arantv.az\/wp-content\/uploads\/2020\/02\/erdini-150x150.jpg",150,150,true],"medium":["https:\/\/arantv.az\/wp-content\/uploads\/2020\/02\/erdini-300x169.jpg",300,169,true],"large":["https:\/\/arantv.az\/wp-content\/uploads\/2020\/02\/erdini.jpg",620,349,false],"1536x1536":["https:\/\/arantv.az\/wp-content\/uploads\/2020\/02\/erdini.jpg",620,349,false],"2048x2048":["https:\/\/arantv.az\/wp-content\/uploads\/2020\/02\/erdini.jpg",620,349,false],"post-thumbnail":["https:\/\/arantv.az\/wp-content\/uploads\/2020\/02\/erdini-240x172.jpg",240,172,true],"advps-thumb-one":["https:\/\/arantv.az\/wp-content\/uploads\/2020\/02\/erdini.jpg",620,349,false]},"rttpg_author":{"display_name":"V\u00fcsal Rafiqo\u011flu","author_link":"https:\/\/arantv.az\/?author=2"},"rttpg_comment":0,"rttpg_category":"<a href=\"https:\/\/arantv.az\/?cat=7\" rel=\"category\">D\u00fcnya<\/a>","rttpg_excerpt":"\u201cDa\u011fl\u0131q Qaraba\u011f m\u00f6vzusunda Az\u0259rbaycan\u0131n yan\u0131nday\u0131q. \u0130\u015f\u011fal alt\u0131ndak\u0131 torpaqlar art\u0131q azadl\u0131\u011fa qovu\u015fmal\u0131 v\u0259 b\u00f6lg\u0259y\u0259 s\u00fclh, \u0259min-amanl\u0131q g\u0259lm\u0259lidir\u201d. \u201cH\u00fcrriyet\u201d x\u0259b\u0259r verir ki, bunu\u00a0T\u00fcrkiy\u0259 Prezidenti R\u0259c\u0259b Tayyib \u018frdo\u011fan Bak\u0131dan qay\u0131dark\u0259n t\u0259yyar\u0259d\u0259 jurnalistl\u0259rin suallar\u0131n\u0131 cavabland\u0131rark\u0259n deyib. \u201cBildiyiniz kimi, \u201cMinsk prosesi\u201d yay\u0131nd\u0131rma olaraq t\u0259xmin\u0259n 25 ildir davam edir. Bu yay\u0131nd\u0131rma taktikas\u0131 il\u0259 n\u0259 AB\u015e, n\u0259 d\u0259 Rusiya bu i\u015fi h\u0259ll&hellip;","_links":{"self":[{"href":"https:\/\/arantv.az\/index.php?rest_route=\/wp\/v2\/posts\/134892"}],"collection":[{"href":"https:\/\/arantv.az\/index.php?rest_route=\/wp\/v2\/posts"}],"about":[{"href":"https:\/\/arantv.az\/index.php?rest_route=\/wp\/v2\/types\/post"}],"author":[{"embeddable":true,"href":"https:\/\/arantv.az\/index.php?rest_route=\/wp\/v2\/users\/2"}],"replies":[{"embeddable":true,"href":"https:\/\/arantv.az\/index.php?rest_route=%2Fwp%2Fv2%2Fcomments&post=134892"}],"version-history":[{"count":0,"href":"https:\/\/arantv.az\/index.php?rest_route=\/wp\/v2\/posts\/134892\/revisions"}],"wp:featuredmedia":[{"embeddable":true,"href":"https:\/\/arantv.az\/index.php?rest_route=\/wp\/v2\/media\/134893"}],"wp:attachment":[{"href":"https:\/\/arantv.az\/index.php?rest_route=%2Fwp%2Fv2%2Fmedia&parent=134892"}],"wp:term":[{"taxonomy":"category","embeddable":true,"href":"https:\/\/arantv.az\/index.php?rest_route=%2Fwp%2Fv2%2Fcategories&post=134892"},{"taxonomy":"post_tag","embeddable":true,"href":"https:\/\/arantv.az\/index.php?rest_route=%2Fwp%2Fv2%2Ftags&post=134892"}],"curies":[{"name":"wp","href":"https:\/\/api.w.org\/{rel}","templated":true}]}}