{"id":135192,"date":"2020-02-27T10:18:10","date_gmt":"2020-02-27T07:18:10","guid":{"rendered":"http:\/\/arantv.az\/?p=135192"},"modified":"2020-02-27T10:18:10","modified_gmt":"2020-02-27T07:18:10","slug":"konulluluk-v%c9%99t%c9%99np%c9%99rv%c9%99rlik-m%c9%99kt%c9%99bi","status":"publish","type":"post","link":"https:\/\/arantv.az\/?p=135192","title":{"rendered":"K\u00f6n\u00fcll\u00fcl\u00fck: V\u0259t\u0259np\u0259rv\u0259rlik m\u0259kt\u0259bi"},"content":{"rendered":"<p>Son ill\u0259r \u00f6lk\u0259mizd\u0259\u00a0 k\u00f6n\u00fcll\u00fcl\u00fck h\u0259r\u0259kat\u0131 geni\u015f v\u00fcs\u0259t al\u0131b. K\u00f6n\u00fcll\u00fcl\u00fck insanlar\u0131 vahid niyy\u0259t \u0259traf\u0131nda birl\u0259\u015fdir\u0259n, v\u0259t\u0259nda\u015f, c\u0259miyy\u0259t v\u0259 d\u00f6vl\u0259tin birg\u0259 f\u0259aliyy\u0259tinin \u0259n u\u011furlu format\u0131d\u0131r. K\u00f6n\u00fcll\u00fcl\u00fck h\u0259m d\u0259 v\u0259t\u0259np\u0259rv\u0259rlik m\u0259kt\u0259bi, \u00f6z xalq\u0131na, d\u00f6vl\u0259tin\u0259, milli-m\u0259n\u0259vi d\u0259y\u0259rl\u0259r\u0259 ba\u011fl\u0131l\u0131q v\u0259 xidm\u0259t \u00f6rn\u0259yidir. M\u0259hz buna g\u00f6r\u0259 d\u0259 Prezident \u0130lham \u018fliyev\u00a0 2020-ci ili \u00f6lk\u0259mizd\u0259\u00a0 \u201cK\u00f6n\u00fcll\u00fcl\u0259r \u0130li\u201d elan edib. M\u0259qs\u0259d g\u0259ncl\u0259rin f\u0259rdi inki\u015faf\u0131na t\u0259kan verm\u0259k, onlarda sosial m\u0259suliyy\u0259t hissini art\u0131rmaq, g\u0259ncliyin potensial\u0131ndan xalq\u0131n rifah\u0131 v\u0259 \u00f6lk\u0259mizin dayan\u0131ql\u0131 inki\u015faf\u0131 \u00fc\u00e7\u00fcn s\u0259m\u0259r\u0259li istifad\u0259 etm\u0259kdir.<\/p>\n<p>G\u0259ncl\u0259ri Az\u0259rbaycan\u0131n g\u0259l\u0259c\u0259yi kimi d\u0259y\u0259rl\u0259ndir\u0259n \u00dcmummilli Liderin hakimiyy\u0259tinin birinci d\u00f6vr\u00fc g\u0259nc kadrlar\u0131n yeti\u015fdirilm\u0259si, ikinci d\u00f6vr\u00fc is\u0259\u00a0 onlar\u0131n idar\u0259\u00e7ilikd\u0259 ir\u0259li \u00e7\u0259kilm\u0259si il\u0259 s\u0259ciyy\u0259l\u0259nir. Son 16 ild\u0259\u00a0 ulu \u00f6nd\u0259r Heyd\u0259r \u018fliyevin siyasi kursunu b\u00fct\u00fcn istiqam\u0259tl\u0259rd\u0259 u\u011furla davam etdir\u0259n Prezident \u0130lham \u018fliyevin el\u0259 bir \u00e7\u0131x\u0131\u015f\u0131 yoxdur ki,\u00a0 g\u0259ncl\u0259r\u0259 \u00e7a\u011f\u0131r\u0131\u015flar edilm\u0259sin, onlar\u0131n qar\u015f\u0131s\u0131nda v\u0259zif\u0259l\u0259r qoyulmas\u0131n. \u0130lk olaraq bu \u00e7a\u011f\u0131r\u0131\u015f edilir ki, g\u0259ncl\u0259rimiz v\u0259t\u0259np\u0259rv\u0259r olmal\u0131, d\u00f6vl\u0259t\u00e7ilik maraqlar\u0131n\u0131 y\u00fcks\u0259k s\u0259viyy\u0259d\u0259 qorumal\u0131d\u0131rlar. V\u0259t\u0259np\u0259rv\u0259r olmaq \u00fc\u00e7\u00fcn t\u0259bii ki, tarixini, milli-m\u0259n\u0259vi d\u0259y\u0259rl\u0259rini, dilini, \u0259d\u0259biyyat\u0131n\u0131 bilm\u0259li, qorumal\u0131, inki\u015faf etdirm\u0259li v\u0259 n\u00f6vb\u0259ti n\u0259sl\u0259 \u00e7atd\u0131rmal\u0131d\u0131r. Bu kimi\u00a0 v\u0259zif\u0259l\u0259rin u\u011furla h\u0259yata ke\u00e7irilm\u0259sind\u0259\u00a0 \u00fcmummilli h\u0259r\u0259kata \u00e7evril\u0259n k\u00f6n\u00fcll\u00fcl\u00fck \u0259h\u0259miyy\u0259tli rol oynay\u0131r.\u00a0 K\u00f6n\u00fcll\u00fcl\u00fck \u00f6lk\u0259 g\u0259ncl\u0259rinin h\u0259yat t\u0259rzin\u0259 \u00e7evrilib.<\/p>\n<p>K\u00f6n\u00fcll\u00fcl\u00fck f\u0259aliyy\u0259tinin t\u0259\u015fviqi m\u0259qs\u0259dil\u0259 d\u00f6vl\u0259timiz t\u0259r\u0259find\u0259n z\u0259ruri add\u0131mlar at\u0131lm\u0131\u015f, normativ h\u00fcquqi baza t\u0259kmill\u0259\u015fdirilmi\u015f, d\u00f6vl\u0259t d\u0259st\u0259yi mexanizml\u0259ri formala\u015fd\u0131r\u0131lm\u0131\u015fd\u0131r. K\u00f6n\u00fcll\u00fcl\u0259rimiz \u00f6z kreativliyi, t\u0259\u015f\u0259bb\u00fcskarl\u0131\u011f\u0131, innovativ d\u00fc\u015f\u00fcnc\u0259 t\u0259rzi v\u0259 m\u00fcasir d\u00fcnyag\u00f6r\u00fc\u015fl\u0259ri il\u0259 qo\u015fulduqlar\u0131 f\u0259aliyy\u0259t\u0259 yeni n\u0259f\u0259s vermi\u015f, \u00f6lk\u0259mizd\u0259 \u201cEvrovision\u201d\u00a0 mahn\u0131 M\u00fcsabiq\u0259si, I Avropa Oyunlar\u0131, \u201cFormula 1\u201d yar\u0131\u015flar\u0131, IV \u0130slam H\u0259mr\u0259yliyi Oyunlar\u0131 kimi irimiqyasl\u0131 beyn\u0259lxalq t\u0259dbirl\u0259rin h\u0259yata ke\u00e7irilm\u0259sind\u0259 \u0259v\u0259zsiz rol oynam\u0131\u015flar. \u201cK\u00f6n\u00fcll\u00fcl\u0259r \u0130li\u201d bu f\u0259aliyy\u0259tin daha da geni\u015fl\u0259ndirilm\u0259sin\u0259, g\u0259ncl\u0259rin f\u0259all\u0131\u011f\u0131n\u0131n art\u0131r\u0131lmas\u0131na v\u0259 \u00f6z potensial imkanlar\u0131n\u0131 ortaya qoyub Az\u0259rbaycan\u0131n daha da m\u00fcasirl\u0259\u015fm\u0259sin\u0259, yenil\u0259\u015fm\u0259sin\u0259, yeni-yeni h\u0259d\u0259fl\u0259r\u0259 do\u011fru inamla ir\u0259lil\u0259m\u0259sin\u0259 b\u00f6y\u00fck d\u0259st\u0259k olacaq. Yenilik\u00e7i g\u0259ncl\u0259rimiz bu imkanlardan maksimum b\u0259hr\u0259l\u0259nm\u0259k imkan\u0131ndad\u0131rlar.<\/p>\n<p><strong>R\u00f6ya Rasimq\u0131z\u0131,\u00a0<\/strong><em>\u201c\u0130ki sahil\u201d<\/em><\/p>\n","protected":false},"excerpt":{"rendered":"<p>Son ill\u0259r \u00f6lk\u0259mizd\u0259\u00a0 k\u00f6n\u00fcll\u00fcl\u00fck h\u0259r\u0259kat\u0131 geni\u015f v\u00fcs\u0259t al\u0131b. K\u00f6n\u00fcll\u00fcl\u00fck insanlar\u0131 vahid niyy\u0259t \u0259traf\u0131nda birl\u0259\u015fdir\u0259n, v\u0259t\u0259nda\u015f, c\u0259miyy\u0259t v\u0259 d\u00f6vl\u0259tin birg\u0259 f\u0259aliyy\u0259tinin \u0259n u\u011furlu format\u0131d\u0131r. K\u00f6n\u00fcll\u00fcl\u00fck h\u0259m d\u0259 v\u0259t\u0259np\u0259rv\u0259rlik m\u0259kt\u0259bi, \u00f6z xalq\u0131na, d\u00f6vl\u0259tin\u0259, milli-m\u0259n\u0259vi d\u0259y\u0259rl\u0259r\u0259 ba\u011fl\u0131l\u0131q v\u0259 xidm\u0259t \u00f6rn\u0259yidir. M\u0259hz buna g\u00f6r\u0259 d\u0259 Prezident \u0130lham \u018fliyev\u00a0 2020-ci ili \u00f6lk\u0259mizd\u0259\u00a0 \u201cK\u00f6n\u00fcll\u00fcl\u0259r \u0130li\u201d elan edib. M\u0259qs\u0259d g\u0259ncl\u0259rin f\u0259rdi inki\u015faf\u0131na t\u0259kan verm\u0259k, onlarda sosial m\u0259suliyy\u0259t hissini art\u0131rmaq, g\u0259ncliyin potensial\u0131ndan xalq\u0131n rifah\u0131 v\u0259 \u00f6lk\u0259mizin dayan\u0131ql\u0131 inki\u015faf\u0131 \u00fc\u00e7\u00fcn s\u0259m\u0259r\u0259li istifad\u0259 etm\u0259kdir. G\u0259ncl\u0259ri Az\u0259rbaycan\u0131n g\u0259l\u0259c\u0259yi kimi d\u0259y\u0259rl\u0259ndir\u0259n \u00dcmummilli Liderin hakimiyy\u0259tinin birinci d\u00f6vr\u00fc g\u0259nc kadrlar\u0131n yeti\u015fdirilm\u0259si, ikinci d\u00f6vr\u00fc is\u0259\u00a0&hellip;<\/p>\n","protected":false},"author":2,"featured_media":135193,"comment_status":"closed","ping_status":"closed","sticky":false,"template":"","format":"standard","meta":{"om_disable_all_campaigns":false,"_monsterinsights_skip_tracking":false,"_monsterinsights_sitenote_active":false,"_monsterinsights_sitenote_note":"","_monsterinsights_sitenote_category":0},"categories":[1],"tags":[],"aioseo_notices":[],"gutentor_comment":0,"rttpg_featured_image_url":{"full":["https:\/\/arantv.az\/wp-content\/uploads\/2020\/02\/8396b14c157675879068293433511047678-2.jpg",975,540,false],"landscape":["https:\/\/arantv.az\/wp-content\/uploads\/2020\/02\/8396b14c157675879068293433511047678-2.jpg",975,540,false],"portraits":["https:\/\/arantv.az\/wp-content\/uploads\/2020\/02\/8396b14c157675879068293433511047678-2.jpg",975,540,false],"thumbnail":["https:\/\/arantv.az\/wp-content\/uploads\/2020\/02\/8396b14c157675879068293433511047678-2-150x150.jpg",150,150,true],"medium":["https:\/\/arantv.az\/wp-content\/uploads\/2020\/02\/8396b14c157675879068293433511047678-2-300x166.jpg",300,166,true],"large":["https:\/\/arantv.az\/wp-content\/uploads\/2020\/02\/8396b14c157675879068293433511047678-2.jpg",640,354,false],"1536x1536":["https:\/\/arantv.az\/wp-content\/uploads\/2020\/02\/8396b14c157675879068293433511047678-2.jpg",975,540,false],"2048x2048":["https:\/\/arantv.az\/wp-content\/uploads\/2020\/02\/8396b14c157675879068293433511047678-2.jpg",975,540,false],"post-thumbnail":["https:\/\/arantv.az\/wp-content\/uploads\/2020\/02\/8396b14c157675879068293433511047678-2-240x172.jpg",240,172,true],"advps-thumb-one":["https:\/\/arantv.az\/wp-content\/uploads\/2020\/02\/8396b14c157675879068293433511047678-2.jpg",975,540,false]},"rttpg_author":{"display_name":"V\u00fcsal Rafiqo\u011flu","author_link":"https:\/\/arantv.az\/?author=2"},"rttpg_comment":0,"rttpg_category":"<a href=\"https:\/\/arantv.az\/?cat=1\" rel=\"category\">C\u0259miyy\u0259t<\/a>","rttpg_excerpt":"Son ill\u0259r \u00f6lk\u0259mizd\u0259\u00a0 k\u00f6n\u00fcll\u00fcl\u00fck h\u0259r\u0259kat\u0131 geni\u015f v\u00fcs\u0259t al\u0131b. K\u00f6n\u00fcll\u00fcl\u00fck insanlar\u0131 vahid niyy\u0259t \u0259traf\u0131nda birl\u0259\u015fdir\u0259n, v\u0259t\u0259nda\u015f, c\u0259miyy\u0259t v\u0259 d\u00f6vl\u0259tin birg\u0259 f\u0259aliyy\u0259tinin \u0259n u\u011furlu format\u0131d\u0131r. K\u00f6n\u00fcll\u00fcl\u00fck h\u0259m d\u0259 v\u0259t\u0259np\u0259rv\u0259rlik m\u0259kt\u0259bi, \u00f6z xalq\u0131na, d\u00f6vl\u0259tin\u0259, milli-m\u0259n\u0259vi d\u0259y\u0259rl\u0259r\u0259 ba\u011fl\u0131l\u0131q v\u0259 xidm\u0259t \u00f6rn\u0259yidir. M\u0259hz buna g\u00f6r\u0259 d\u0259 Prezident \u0130lham \u018fliyev\u00a0 2020-ci ili \u00f6lk\u0259mizd\u0259\u00a0 \u201cK\u00f6n\u00fcll\u00fcl\u0259r \u0130li\u201d elan edib. M\u0259qs\u0259d g\u0259ncl\u0259rin f\u0259rdi inki\u015faf\u0131na&hellip;","_links":{"self":[{"href":"https:\/\/arantv.az\/index.php?rest_route=\/wp\/v2\/posts\/135192"}],"collection":[{"href":"https:\/\/arantv.az\/index.php?rest_route=\/wp\/v2\/posts"}],"about":[{"href":"https:\/\/arantv.az\/index.php?rest_route=\/wp\/v2\/types\/post"}],"author":[{"embeddable":true,"href":"https:\/\/arantv.az\/index.php?rest_route=\/wp\/v2\/users\/2"}],"replies":[{"embeddable":true,"href":"https:\/\/arantv.az\/index.php?rest_route=%2Fwp%2Fv2%2Fcomments&post=135192"}],"version-history":[{"count":0,"href":"https:\/\/arantv.az\/index.php?rest_route=\/wp\/v2\/posts\/135192\/revisions"}],"wp:featuredmedia":[{"embeddable":true,"href":"https:\/\/arantv.az\/index.php?rest_route=\/wp\/v2\/media\/135193"}],"wp:attachment":[{"href":"https:\/\/arantv.az\/index.php?rest_route=%2Fwp%2Fv2%2Fmedia&parent=135192"}],"wp:term":[{"taxonomy":"category","embeddable":true,"href":"https:\/\/arantv.az\/index.php?rest_route=%2Fwp%2Fv2%2Fcategories&post=135192"},{"taxonomy":"post_tag","embeddable":true,"href":"https:\/\/arantv.az\/index.php?rest_route=%2Fwp%2Fv2%2Ftags&post=135192"}],"curies":[{"name":"wp","href":"https:\/\/api.w.org\/{rel}","templated":true}]}}