{"id":135196,"date":"2020-02-27T10:19:59","date_gmt":"2020-02-27T07:19:59","guid":{"rendered":"http:\/\/arantv.az\/?p=135196"},"modified":"2020-02-27T10:19:59","modified_gmt":"2020-02-27T07:19:59","slug":"az%c9%99rbaycanda-qara-qar-yagdi-video","status":"publish","type":"post","link":"https:\/\/arantv.az\/?p=135196","title":{"rendered":"Az\u0259rbaycanda qara qar ya\u011fd\u0131 &#8211; V\u0130DEO"},"content":{"rendered":"<p>Quba rayonuna qara qar ya\u011f\u0131b.<\/p>\n<p><b>ARANTV.AZ\u00a0<\/b> x\u0259b\u0259r verir ki, t\u0259bi\u0259t hadis\u0259si T\u0259ng\u0259alt\u0131 k\u0259ndind\u0259 qeyd\u0259 al\u0131n\u0131b.<\/p>\n<article class=\"news\">\n<div class=\"news-inner\">\n<p>Bel\u0259 ki, \u00f6t\u0259n g\u00fcn k\u0259nd\u0259 ya\u011fan qar a\u011f deyil, sakinl\u0259rin dili il\u0259 des\u0259k, qara r\u0259ngd\u0259 ya\u011f\u0131b.<\/p>\n<p>Onlar\u0131n s\u00f6zl\u0259rin\u0259 g\u00f6r\u0259, ax\u015fam saatlar\u0131ndan ba\u015flayan ya\u011f\u0131nt\u0131 daha sonra \u00f6z r\u0259ngini d\u0259yi\u015fib. S\u0259h\u0259r saatlar\u0131nda is\u0259 qar\u0131n f\u0259rqli r\u0259ngd\u0259 oldu\u011fu\u00a0m\u00fc\u015fahid\u0259 edilib.<\/p>\n<p>Bu maraql\u0131 t\u0259bi\u0259t hadis\u0259si t\u0259kc\u0259 T\u0259ng\u0259alt\u0131 k\u0259ndind\u0259 deyil, rayonun\u00a0bir s\u0131ra ucqar da\u011f k\u0259ndl\u0259ri olan Afurca, Ayd\u0131nk\u0259ndd\u0259 d\u0259 m\u00fc\u015fahid\u0259 olunub.Oxu.Az<\/p>\n<div><iframe loading=\"lazy\" src=\"https:\/\/player.baku.tv\/embed\/14977\" width=\"640\" height=\"360\" frameborder=\"0\" seamless=\"\" allowfullscreen=\"allowfullscreen\" data-mce-fragment=\"1\"><\/iframe><\/div>\n<\/div>\n<\/article>\n<h2 class=\"news-share-title\"><\/h2>\n","protected":false},"excerpt":{"rendered":"<p>Quba rayonuna qara qar ya\u011f\u0131b. ARANTV.AZ\u00a0 x\u0259b\u0259r verir ki, t\u0259bi\u0259t hadis\u0259si T\u0259ng\u0259alt\u0131 k\u0259ndind\u0259 qeyd\u0259 al\u0131n\u0131b. Bel\u0259 ki, \u00f6t\u0259n g\u00fcn k\u0259nd\u0259 ya\u011fan qar a\u011f deyil, sakinl\u0259rin dili il\u0259 des\u0259k, qara r\u0259ngd\u0259 ya\u011f\u0131b. Onlar\u0131n s\u00f6zl\u0259rin\u0259 g\u00f6r\u0259, ax\u015fam saatlar\u0131ndan ba\u015flayan ya\u011f\u0131nt\u0131 daha sonra \u00f6z r\u0259ngini d\u0259yi\u015fib. S\u0259h\u0259r saatlar\u0131nda is\u0259 qar\u0131n f\u0259rqli r\u0259ngd\u0259 oldu\u011fu\u00a0m\u00fc\u015fahid\u0259 edilib. Bu maraql\u0131 t\u0259bi\u0259t hadis\u0259si t\u0259kc\u0259 T\u0259ng\u0259alt\u0131 k\u0259ndind\u0259 deyil, rayonun\u00a0bir s\u0131ra ucqar da\u011f k\u0259ndl\u0259ri olan Afurca, Ayd\u0131nk\u0259ndd\u0259 d\u0259 m\u00fc\u015fahid\u0259 olunub.Oxu.Az<\/p>\n","protected":false},"author":2,"featured_media":135197,"comment_status":"closed","ping_status":"closed","sticky":false,"template":"","format":"standard","meta":{"om_disable_all_campaigns":false,"_monsterinsights_skip_tracking":false,"_monsterinsights_sitenote_active":false,"_monsterinsights_sitenote_note":"","_monsterinsights_sitenote_category":0},"categories":[2],"tags":[],"aioseo_notices":[],"gutentor_comment":0,"rttpg_featured_image_url":{"full":["https:\/\/arantv.az\/wp-content\/uploads\/2020\/02\/FotoJet-3-2.jpg",620,448,false],"landscape":["https:\/\/arantv.az\/wp-content\/uploads\/2020\/02\/FotoJet-3-2.jpg",620,448,false],"portraits":["https:\/\/arantv.az\/wp-content\/uploads\/2020\/02\/FotoJet-3-2.jpg",620,448,false],"thumbnail":["https:\/\/arantv.az\/wp-content\/uploads\/2020\/02\/FotoJet-3-2-150x150.jpg",150,150,true],"medium":["https:\/\/arantv.az\/wp-content\/uploads\/2020\/02\/FotoJet-3-2-300x217.jpg",300,217,true],"large":["https:\/\/arantv.az\/wp-content\/uploads\/2020\/02\/FotoJet-3-2.jpg",620,448,false],"1536x1536":["https:\/\/arantv.az\/wp-content\/uploads\/2020\/02\/FotoJet-3-2.jpg",620,448,false],"2048x2048":["https:\/\/arantv.az\/wp-content\/uploads\/2020\/02\/FotoJet-3-2.jpg",620,448,false],"post-thumbnail":["https:\/\/arantv.az\/wp-content\/uploads\/2020\/02\/FotoJet-3-2-240x172.jpg",240,172,true],"advps-thumb-one":["https:\/\/arantv.az\/wp-content\/uploads\/2020\/02\/FotoJet-3-2.jpg",620,448,false]},"rttpg_author":{"display_name":"V\u00fcsal Rafiqo\u011flu","author_link":"https:\/\/arantv.az\/?author=2"},"rttpg_comment":0,"rttpg_category":"<a href=\"https:\/\/arantv.az\/?cat=2\" rel=\"category\">Region X\u0259b\u0259rl\u0259ri<\/a>","rttpg_excerpt":"Quba rayonuna qara qar ya\u011f\u0131b. ARANTV.AZ\u00a0 x\u0259b\u0259r verir ki, t\u0259bi\u0259t hadis\u0259si T\u0259ng\u0259alt\u0131 k\u0259ndind\u0259 qeyd\u0259 al\u0131n\u0131b. Bel\u0259 ki, \u00f6t\u0259n g\u00fcn k\u0259nd\u0259 ya\u011fan qar a\u011f deyil, sakinl\u0259rin dili il\u0259 des\u0259k, qara r\u0259ngd\u0259 ya\u011f\u0131b. Onlar\u0131n s\u00f6zl\u0259rin\u0259 g\u00f6r\u0259, ax\u015fam saatlar\u0131ndan ba\u015flayan ya\u011f\u0131nt\u0131 daha sonra \u00f6z r\u0259ngini d\u0259yi\u015fib. S\u0259h\u0259r saatlar\u0131nda is\u0259 qar\u0131n f\u0259rqli r\u0259ngd\u0259 oldu\u011fu\u00a0m\u00fc\u015fahid\u0259 edilib. Bu maraql\u0131 t\u0259bi\u0259t hadis\u0259si&hellip;","_links":{"self":[{"href":"https:\/\/arantv.az\/index.php?rest_route=\/wp\/v2\/posts\/135196"}],"collection":[{"href":"https:\/\/arantv.az\/index.php?rest_route=\/wp\/v2\/posts"}],"about":[{"href":"https:\/\/arantv.az\/index.php?rest_route=\/wp\/v2\/types\/post"}],"author":[{"embeddable":true,"href":"https:\/\/arantv.az\/index.php?rest_route=\/wp\/v2\/users\/2"}],"replies":[{"embeddable":true,"href":"https:\/\/arantv.az\/index.php?rest_route=%2Fwp%2Fv2%2Fcomments&post=135196"}],"version-history":[{"count":0,"href":"https:\/\/arantv.az\/index.php?rest_route=\/wp\/v2\/posts\/135196\/revisions"}],"wp:featuredmedia":[{"embeddable":true,"href":"https:\/\/arantv.az\/index.php?rest_route=\/wp\/v2\/media\/135197"}],"wp:attachment":[{"href":"https:\/\/arantv.az\/index.php?rest_route=%2Fwp%2Fv2%2Fmedia&parent=135196"}],"wp:term":[{"taxonomy":"category","embeddable":true,"href":"https:\/\/arantv.az\/index.php?rest_route=%2Fwp%2Fv2%2Fcategories&post=135196"},{"taxonomy":"post_tag","embeddable":true,"href":"https:\/\/arantv.az\/index.php?rest_route=%2Fwp%2Fv2%2Ftags&post=135196"}],"curies":[{"name":"wp","href":"https:\/\/api.w.org\/{rel}","templated":true}]}}