{"id":135269,"date":"2020-02-27T11:27:44","date_gmt":"2020-02-27T08:27:44","guid":{"rendered":"http:\/\/arantv.az\/?p=135269"},"modified":"2020-02-27T11:27:44","modified_gmt":"2020-02-27T08:27:44","slug":"bakida-mercedesin-q%c9%99zaya-ugrama-ani-video","status":"publish","type":"post","link":"https:\/\/arantv.az\/?p=135269","title":{"rendered":"Bak\u0131da \u201cMercedes\u201din q\u0259zaya u\u011frama an\u0131 &#8211; V\u0130DEO"},"content":{"rendered":"<p>Bak\u0131da \u201cMercedes\u201d markal\u0131 avtomobilin q\u0259za an\u0131n\u0131n g\u00f6r\u00fcnt\u00fcl\u0259ri yay\u0131l\u0131b.<\/p>\n<p><b>ARANTV.AZ\u00a0<\/b> x\u0259b\u0259r verir ki, video sosial \u015f\u0259b\u0259k\u0259d\u0259 payla\u015f\u0131l\u0131b.<\/p>\n<p>G\u00f6r\u00fcnt\u00fcl\u0259rd\u0259 manevr etm\u0259k ist\u0259y\u0259n \u201cMercedes\u201din s\u00fcr\u00fcc\u00fcs\u00fcn\u00fcn idar\u0259etm\u0259ni itirm\u0259si yol k\u0259nar\u0131ndak\u0131 bard\u00fcr\u0259 v\u0259 hasara \u00e7\u0131rp\u0131lmas\u0131 \u0259ks olunub.<\/p>\n<div id=\"AdviadNativeVideo0\" class=\"AdviadNativeVideo\"><\/div>\n<p>Hadis\u0259 zaman\u0131 x\u0259sar\u0259t alan olmay\u0131b. Q\u0259za d\u00fcn\u0259n ax\u015fam saatlar\u0131nda ba\u015f verib.<\/p>\n<p>Hadis\u0259nin g\u00f6r\u00fcnt\u00fcl\u0259rini t\u0259qdim edirik:<\/p>\n<div><iframe loading=\"lazy\" src=\"https:\/\/player.baku.tv\/embed\/14998\" width=\"560\" height=\"315\" frameborder=\"0\" allowfullscreen=\"allowfullscreen\" data-mce-fragment=\"1\"><\/iframe><\/div>\n<p>Oxu.Az<\/p>\n","protected":false},"excerpt":{"rendered":"<p>Bak\u0131da \u201cMercedes\u201d markal\u0131 avtomobilin q\u0259za an\u0131n\u0131n g\u00f6r\u00fcnt\u00fcl\u0259ri yay\u0131l\u0131b. ARANTV.AZ\u00a0 x\u0259b\u0259r verir ki, video sosial \u015f\u0259b\u0259k\u0259d\u0259 payla\u015f\u0131l\u0131b. G\u00f6r\u00fcnt\u00fcl\u0259rd\u0259 manevr etm\u0259k ist\u0259y\u0259n \u201cMercedes\u201din s\u00fcr\u00fcc\u00fcs\u00fcn\u00fcn idar\u0259etm\u0259ni itirm\u0259si yol k\u0259nar\u0131ndak\u0131 bard\u00fcr\u0259 v\u0259 hasara \u00e7\u0131rp\u0131lmas\u0131 \u0259ks olunub. Hadis\u0259 zaman\u0131 x\u0259sar\u0259t alan olmay\u0131b. Q\u0259za d\u00fcn\u0259n ax\u015fam saatlar\u0131nda ba\u015f verib. Hadis\u0259nin g\u00f6r\u00fcnt\u00fcl\u0259rini t\u0259qdim edirik: Oxu.Az<\/p>\n","protected":false},"author":2,"featured_media":135270,"comment_status":"closed","ping_status":"closed","sticky":false,"template":"","format":"standard","meta":{"om_disable_all_campaigns":false,"_monsterinsights_skip_tracking":false,"_monsterinsights_sitenote_active":false,"_monsterinsights_sitenote_note":"","_monsterinsights_sitenote_category":0},"categories":[5],"tags":[],"aioseo_notices":[],"gutentor_comment":0,"rttpg_featured_image_url":{"full":["https:\/\/arantv.az\/wp-content\/uploads\/2020\/02\/unnamed-19.jpg",487,328,false],"landscape":["https:\/\/arantv.az\/wp-content\/uploads\/2020\/02\/unnamed-19.jpg",487,328,false],"portraits":["https:\/\/arantv.az\/wp-content\/uploads\/2020\/02\/unnamed-19.jpg",487,328,false],"thumbnail":["https:\/\/arantv.az\/wp-content\/uploads\/2020\/02\/unnamed-19-150x150.jpg",150,150,true],"medium":["https:\/\/arantv.az\/wp-content\/uploads\/2020\/02\/unnamed-19-300x202.jpg",300,202,true],"large":["https:\/\/arantv.az\/wp-content\/uploads\/2020\/02\/unnamed-19.jpg",487,328,false],"1536x1536":["https:\/\/arantv.az\/wp-content\/uploads\/2020\/02\/unnamed-19.jpg",487,328,false],"2048x2048":["https:\/\/arantv.az\/wp-content\/uploads\/2020\/02\/unnamed-19.jpg",487,328,false],"post-thumbnail":["https:\/\/arantv.az\/wp-content\/uploads\/2020\/02\/unnamed-19-240x172.jpg",240,172,true],"advps-thumb-one":["https:\/\/arantv.az\/wp-content\/uploads\/2020\/02\/unnamed-19.jpg",487,328,false]},"rttpg_author":{"display_name":"V\u00fcsal Rafiqo\u011flu","author_link":"https:\/\/arantv.az\/?author=2"},"rttpg_comment":0,"rttpg_category":"<a href=\"https:\/\/arantv.az\/?cat=5\" rel=\"category\">Hadis\u0259<\/a>","rttpg_excerpt":"Bak\u0131da \u201cMercedes\u201d markal\u0131 avtomobilin q\u0259za an\u0131n\u0131n g\u00f6r\u00fcnt\u00fcl\u0259ri yay\u0131l\u0131b. ARANTV.AZ\u00a0 x\u0259b\u0259r verir ki, video sosial \u015f\u0259b\u0259k\u0259d\u0259 payla\u015f\u0131l\u0131b. G\u00f6r\u00fcnt\u00fcl\u0259rd\u0259 manevr etm\u0259k ist\u0259y\u0259n \u201cMercedes\u201din s\u00fcr\u00fcc\u00fcs\u00fcn\u00fcn idar\u0259etm\u0259ni itirm\u0259si yol k\u0259nar\u0131ndak\u0131 bard\u00fcr\u0259 v\u0259 hasara \u00e7\u0131rp\u0131lmas\u0131 \u0259ks olunub. Hadis\u0259 zaman\u0131 x\u0259sar\u0259t alan olmay\u0131b. Q\u0259za d\u00fcn\u0259n ax\u015fam saatlar\u0131nda ba\u015f verib. Hadis\u0259nin g\u00f6r\u00fcnt\u00fcl\u0259rini t\u0259qdim edirik: Oxu.Az","_links":{"self":[{"href":"https:\/\/arantv.az\/index.php?rest_route=\/wp\/v2\/posts\/135269"}],"collection":[{"href":"https:\/\/arantv.az\/index.php?rest_route=\/wp\/v2\/posts"}],"about":[{"href":"https:\/\/arantv.az\/index.php?rest_route=\/wp\/v2\/types\/post"}],"author":[{"embeddable":true,"href":"https:\/\/arantv.az\/index.php?rest_route=\/wp\/v2\/users\/2"}],"replies":[{"embeddable":true,"href":"https:\/\/arantv.az\/index.php?rest_route=%2Fwp%2Fv2%2Fcomments&post=135269"}],"version-history":[{"count":0,"href":"https:\/\/arantv.az\/index.php?rest_route=\/wp\/v2\/posts\/135269\/revisions"}],"wp:featuredmedia":[{"embeddable":true,"href":"https:\/\/arantv.az\/index.php?rest_route=\/wp\/v2\/media\/135270"}],"wp:attachment":[{"href":"https:\/\/arantv.az\/index.php?rest_route=%2Fwp%2Fv2%2Fmedia&parent=135269"}],"wp:term":[{"taxonomy":"category","embeddable":true,"href":"https:\/\/arantv.az\/index.php?rest_route=%2Fwp%2Fv2%2Fcategories&post=135269"},{"taxonomy":"post_tag","embeddable":true,"href":"https:\/\/arantv.az\/index.php?rest_route=%2Fwp%2Fv2%2Ftags&post=135269"}],"curies":[{"name":"wp","href":"https:\/\/api.w.org\/{rel}","templated":true}]}}