{"id":135273,"date":"2020-02-27T11:28:38","date_gmt":"2020-02-27T08:28:38","guid":{"rendered":"http:\/\/arantv.az\/?p=135273"},"modified":"2020-02-27T11:28:38","modified_gmt":"2020-02-27T08:28:38","slug":"azad-r%c9%99himov-koronavirusdan-danisdi","status":"publish","type":"post","link":"https:\/\/arantv.az\/?p=135273","title":{"rendered":"Azad R\u0259himov koronavirusdan dan\u0131\u015fd\u0131"},"content":{"rendered":"<p>G\u0259ncl\u0259r v\u0259 \u0130dman naziri Azad R\u0259himov koronovirusla ba\u011fl\u0131 Az\u0259rbaycan idman\u00e7\u0131lar\u0131n\u0131n xarici \u00f6lk\u0259l\u0259rd\u0259 yar\u0131\u015flarda i\u015ftiraklar\u0131na m\u0259hdudiyy\u0259t qoyulmas\u0131 bar\u0259d\u0259 m\u0259lumatlara ayd\u0131nl\u0131q g\u0259tirib.<\/p>\n<p><strong>ARANTV.AZ\u00a0<\/strong>-\u0131n x\u0259b\u0259rin\u0259 g\u00f6r\u0259,\u00a0nazir jurnalistl\u0259r\u0259 a\u00e7\u0131qlamas\u0131nda bildirib ki, haz\u0131rda koronavirusla \u0259laq\u0259dar\u00a0h\u0259r hans\u0131 yar\u0131\u015fda i\u015ftirakla ba\u011fl\u0131 he\u00e7 bir m\u0259hdudiyy\u0259t qoymam\u0131\u015f\u0131q:<\/p>\n<div id=\"AdviadNativeVideo0\" class=\"AdviadNativeVideo\"><\/div>\n<p>\u201cHans\u0131 \u00f6lk\u0259l\u0259rd\u0259 t\u0259hl\u00fck\u0259 g\u00f6r\u00fcr\u00fcks\u0259, federasiyalarla birlikd\u0259 q\u0259rar q\u0259bul edirik. Bu g\u00fcn \u00f6lk\u0259l\u0259r \u00f6zl\u0259ri bu m\u0259hdudiyy\u0259ti qoyurlar. Buna misal olaraq \u0130taliyan\u0131 g\u00f6st\u0259rm\u0259k olar. Bu g\u00fcn \u0130taliyada b\u00fct\u00fcn yar\u0131\u015flar l\u0259\u011fv olunub.<\/p>\n<p>\u00c7al\u0131\u015f\u0131r\u0131q ki, bu g\u00fcn m\u00f6vcud olan v\u0259ziyy\u0259tl\u0259 tan\u0131\u015f olaq v\u0259 idman\u00e7\u0131lar\u0131 qoruyaq. Bildiyiniz kimi, be\u015f aydan sonra Tokio-2020 Yay Olimpiya Oyunlar\u0131 ke\u00e7iril\u0259c\u0259k. \u018fsas v\u0259ziyy\u0259t ondan ibar\u0259tdir ki, biz idman\u00e7\u0131lar\u0131m\u0131z\u0131 qorumal\u0131y\u0131q\u201d.Oxu.Az<\/p>\n","protected":false},"excerpt":{"rendered":"<p>G\u0259ncl\u0259r v\u0259 \u0130dman naziri Azad R\u0259himov koronovirusla ba\u011fl\u0131 Az\u0259rbaycan idman\u00e7\u0131lar\u0131n\u0131n xarici \u00f6lk\u0259l\u0259rd\u0259 yar\u0131\u015flarda i\u015ftiraklar\u0131na m\u0259hdudiyy\u0259t qoyulmas\u0131 bar\u0259d\u0259 m\u0259lumatlara ayd\u0131nl\u0131q g\u0259tirib. ARANTV.AZ\u00a0-\u0131n x\u0259b\u0259rin\u0259 g\u00f6r\u0259,\u00a0nazir jurnalistl\u0259r\u0259 a\u00e7\u0131qlamas\u0131nda bildirib ki, haz\u0131rda koronavirusla \u0259laq\u0259dar\u00a0h\u0259r hans\u0131 yar\u0131\u015fda i\u015ftirakla ba\u011fl\u0131 he\u00e7 bir m\u0259hdudiyy\u0259t qoymam\u0131\u015f\u0131q: \u201cHans\u0131 \u00f6lk\u0259l\u0259rd\u0259 t\u0259hl\u00fck\u0259 g\u00f6r\u00fcr\u00fcks\u0259, federasiyalarla birlikd\u0259 q\u0259rar q\u0259bul edirik. Bu g\u00fcn \u00f6lk\u0259l\u0259r \u00f6zl\u0259ri bu m\u0259hdudiyy\u0259ti qoyurlar. Buna misal olaraq \u0130taliyan\u0131 g\u00f6st\u0259rm\u0259k olar. Bu g\u00fcn \u0130taliyada b\u00fct\u00fcn yar\u0131\u015flar l\u0259\u011fv olunub. \u00c7al\u0131\u015f\u0131r\u0131q ki, bu g\u00fcn m\u00f6vcud olan v\u0259ziyy\u0259tl\u0259 tan\u0131\u015f olaq v\u0259 idman\u00e7\u0131lar\u0131 qoruyaq. Bildiyiniz kimi, be\u015f aydan sonra Tokio-2020 Yay Olimpiya Oyunlar\u0131 ke\u00e7iril\u0259c\u0259k. \u018fsas&hellip;<\/p>\n","protected":false},"author":2,"featured_media":135274,"comment_status":"closed","ping_status":"closed","sticky":false,"template":"","format":"standard","meta":{"om_disable_all_campaigns":false,"_monsterinsights_skip_tracking":false,"_monsterinsights_sitenote_active":false,"_monsterinsights_sitenote_note":"","_monsterinsights_sitenote_category":0},"categories":[6],"tags":[],"aioseo_notices":[],"gutentor_comment":0,"rttpg_featured_image_url":{"full":["https:\/\/arantv.az\/wp-content\/uploads\/2020\/02\/ROM5195.jpg",620,413,false],"landscape":["https:\/\/arantv.az\/wp-content\/uploads\/2020\/02\/ROM5195.jpg",620,413,false],"portraits":["https:\/\/arantv.az\/wp-content\/uploads\/2020\/02\/ROM5195.jpg",620,413,false],"thumbnail":["https:\/\/arantv.az\/wp-content\/uploads\/2020\/02\/ROM5195-150x150.jpg",150,150,true],"medium":["https:\/\/arantv.az\/wp-content\/uploads\/2020\/02\/ROM5195-300x200.jpg",300,200,true],"large":["https:\/\/arantv.az\/wp-content\/uploads\/2020\/02\/ROM5195.jpg",620,413,false],"1536x1536":["https:\/\/arantv.az\/wp-content\/uploads\/2020\/02\/ROM5195.jpg",620,413,false],"2048x2048":["https:\/\/arantv.az\/wp-content\/uploads\/2020\/02\/ROM5195.jpg",620,413,false],"post-thumbnail":["https:\/\/arantv.az\/wp-content\/uploads\/2020\/02\/ROM5195-240x172.jpg",240,172,true],"advps-thumb-one":["https:\/\/arantv.az\/wp-content\/uploads\/2020\/02\/ROM5195.jpg",620,413,false]},"rttpg_author":{"display_name":"V\u00fcsal Rafiqo\u011flu","author_link":"https:\/\/arantv.az\/?author=2"},"rttpg_comment":0,"rttpg_category":"<a href=\"https:\/\/arantv.az\/?cat=6\" rel=\"category\">\u0130dman<\/a>","rttpg_excerpt":"G\u0259ncl\u0259r v\u0259 \u0130dman naziri Azad R\u0259himov koronovirusla ba\u011fl\u0131 Az\u0259rbaycan idman\u00e7\u0131lar\u0131n\u0131n xarici \u00f6lk\u0259l\u0259rd\u0259 yar\u0131\u015flarda i\u015ftiraklar\u0131na m\u0259hdudiyy\u0259t qoyulmas\u0131 bar\u0259d\u0259 m\u0259lumatlara ayd\u0131nl\u0131q g\u0259tirib. ARANTV.AZ\u00a0-\u0131n x\u0259b\u0259rin\u0259 g\u00f6r\u0259,\u00a0nazir jurnalistl\u0259r\u0259 a\u00e7\u0131qlamas\u0131nda bildirib ki, haz\u0131rda koronavirusla \u0259laq\u0259dar\u00a0h\u0259r hans\u0131 yar\u0131\u015fda i\u015ftirakla ba\u011fl\u0131 he\u00e7 bir m\u0259hdudiyy\u0259t qoymam\u0131\u015f\u0131q: \u201cHans\u0131 \u00f6lk\u0259l\u0259rd\u0259 t\u0259hl\u00fck\u0259 g\u00f6r\u00fcr\u00fcks\u0259, federasiyalarla birlikd\u0259 q\u0259rar q\u0259bul edirik. Bu g\u00fcn \u00f6lk\u0259l\u0259r \u00f6zl\u0259ri bu m\u0259hdudiyy\u0259ti qoyurlar. Buna&hellip;","_links":{"self":[{"href":"https:\/\/arantv.az\/index.php?rest_route=\/wp\/v2\/posts\/135273"}],"collection":[{"href":"https:\/\/arantv.az\/index.php?rest_route=\/wp\/v2\/posts"}],"about":[{"href":"https:\/\/arantv.az\/index.php?rest_route=\/wp\/v2\/types\/post"}],"author":[{"embeddable":true,"href":"https:\/\/arantv.az\/index.php?rest_route=\/wp\/v2\/users\/2"}],"replies":[{"embeddable":true,"href":"https:\/\/arantv.az\/index.php?rest_route=%2Fwp%2Fv2%2Fcomments&post=135273"}],"version-history":[{"count":0,"href":"https:\/\/arantv.az\/index.php?rest_route=\/wp\/v2\/posts\/135273\/revisions"}],"wp:featuredmedia":[{"embeddable":true,"href":"https:\/\/arantv.az\/index.php?rest_route=\/wp\/v2\/media\/135274"}],"wp:attachment":[{"href":"https:\/\/arantv.az\/index.php?rest_route=%2Fwp%2Fv2%2Fmedia&parent=135273"}],"wp:term":[{"taxonomy":"category","embeddable":true,"href":"https:\/\/arantv.az\/index.php?rest_route=%2Fwp%2Fv2%2Fcategories&post=135273"},{"taxonomy":"post_tag","embeddable":true,"href":"https:\/\/arantv.az\/index.php?rest_route=%2Fwp%2Fv2%2Ftags&post=135273"}],"curies":[{"name":"wp","href":"https:\/\/api.w.org\/{rel}","templated":true}]}}