{"id":135285,"date":"2020-02-27T11:32:33","date_gmt":"2020-02-27T08:32:33","guid":{"rendered":"http:\/\/arantv.az\/?p=135285"},"modified":"2020-02-27T11:32:33","modified_gmt":"2020-02-27T08:32:33","slug":"turkiy%c9%99li-s%c9%99fir-%c9%99rdoganin-az%c9%99rbaycana-s%c9%99f%c9%99rind%c9%99n-danisdi","status":"publish","type":"post","link":"https:\/\/arantv.az\/?p=135285","title":{"rendered":"T\u00fcrkiy\u0259li s\u0259fir \u018frdo\u011fan\u0131n Az\u0259rbaycana s\u0259f\u0259rind\u0259n dan\u0131\u015fd\u0131"},"content":{"rendered":"<p><strong>T\u00fcrkiy\u0259nin Az\u0259rbaycandak\u0131 s\u0259firi Erkan \u00d6zaral T\u00fcrkiy\u0259 Prezidenti R\u0259c\u0259b Tayyip \u018frdo\u011fan\u0131n Az\u0259rbaycana s\u0259f\u0259rin\u0259 m\u00fcnasib\u0259t bildirib.<\/strong><\/p>\n<p><strong>ARANTV.AZ<\/strong>\u00a0<a href=\"https:\/\/az.trend.az\/\" target=\"_blank\" rel=\"noopener\">Trend<\/a>-\u0259 istinad\u0259n x\u0259b\u0259r verir ki, s\u0259fir bildirib ki, toplant\u0131 \u00e7ox faydal\u0131 oldu: &#8220;Bilirsiniz ki, c\u0259nab Prezident R\u0259c\u0259b Tayyip \u018frdo\u011fan Az\u0259rbaycana Strateji \u018fm\u0259kda\u015fl\u0131q \u015euras\u0131n\u0131n 8-ci toplant\u0131s\u0131 \u00e7\u0259r\u00e7iv\u0259sind\u0259 s\u0259f\u0259r etdi. Bu toplant\u0131da ke\u00e7mi\u015fi d\u0259y\u0259rl\u0259ndir\u0259r\u0259k g\u0259l\u0259c\u0259kd\u0259 hans\u0131 i\u015fl\u0259rin g\u00f6r\u00fclm\u0259li oldu\u011fu m\u00fczakir\u0259 edildi. Bu ilki toplant\u0131 da \u00e7ox faydal\u0131 oldu. Toplant\u0131 \u00e7\u0259r\u00e7iv\u0259sind\u0259 14 s\u0259n\u0259d imzaland\u0131 v\u0259 \u0259laq\u0259l\u0259rimizin h\u0131rt\u0259r\u0259fli inki\u015faf\u0131 \u00fc\u00e7\u00fcn bundan sonra g\u00f6r\u00fclm\u0259si z\u0259ruri olan i\u015fl\u0259ri m\u00fczakir\u0259 edildi.<\/p>\n<p>Biz T\u00fcrkiy\u0259 olaraq bu toplant\u0131n\u0131 \u00e7ox y\u00fcks\u0259k d\u0259y\u0259rl\u0259ndirik v\u0259 Az\u0259rbaycan\u0131n da eyni m\u00f6vqey\u0259 sahib oldu\u011funu d\u00fc\u015f\u00fcn\u00fcr\u00fck&#8221;.<\/p>\n","protected":false},"excerpt":{"rendered":"<p>T\u00fcrkiy\u0259nin Az\u0259rbaycandak\u0131 s\u0259firi Erkan \u00d6zaral T\u00fcrkiy\u0259 Prezidenti R\u0259c\u0259b Tayyip \u018frdo\u011fan\u0131n Az\u0259rbaycana s\u0259f\u0259rin\u0259 m\u00fcnasib\u0259t bildirib. ARANTV.AZ\u00a0Trend-\u0259 istinad\u0259n x\u0259b\u0259r verir ki, s\u0259fir bildirib ki, toplant\u0131 \u00e7ox faydal\u0131 oldu: &#8220;Bilirsiniz ki, c\u0259nab Prezident R\u0259c\u0259b Tayyip \u018frdo\u011fan Az\u0259rbaycana Strateji \u018fm\u0259kda\u015fl\u0131q \u015euras\u0131n\u0131n 8-ci toplant\u0131s\u0131 \u00e7\u0259r\u00e7iv\u0259sind\u0259 s\u0259f\u0259r etdi. Bu toplant\u0131da ke\u00e7mi\u015fi d\u0259y\u0259rl\u0259ndir\u0259r\u0259k g\u0259l\u0259c\u0259kd\u0259 hans\u0131 i\u015fl\u0259rin g\u00f6r\u00fclm\u0259li oldu\u011fu m\u00fczakir\u0259 edildi. Bu ilki toplant\u0131 da \u00e7ox faydal\u0131 oldu. Toplant\u0131 \u00e7\u0259r\u00e7iv\u0259sind\u0259 14 s\u0259n\u0259d imzaland\u0131 v\u0259 \u0259laq\u0259l\u0259rimizin h\u0131rt\u0259r\u0259fli inki\u015faf\u0131 \u00fc\u00e7\u00fcn bundan sonra g\u00f6r\u00fclm\u0259si z\u0259ruri olan i\u015fl\u0259ri m\u00fczakir\u0259 edildi. Biz T\u00fcrkiy\u0259 olaraq bu toplant\u0131n\u0131 \u00e7ox y\u00fcks\u0259k d\u0259y\u0259rl\u0259ndirik v\u0259 Az\u0259rbaycan\u0131n da eyni&hellip;<\/p>\n","protected":false},"author":2,"featured_media":135286,"comment_status":"closed","ping_status":"closed","sticky":false,"template":"","format":"standard","meta":{"om_disable_all_campaigns":false,"_monsterinsights_skip_tracking":false,"_monsterinsights_sitenote_active":false,"_monsterinsights_sitenote_note":"","_monsterinsights_sitenote_category":0},"categories":[4],"tags":[],"aioseo_notices":[],"gutentor_comment":0,"rttpg_featured_image_url":{"full":["https:\/\/arantv.az\/wp-content\/uploads\/2020\/02\/829394.jpg",800,600,false],"landscape":["https:\/\/arantv.az\/wp-content\/uploads\/2020\/02\/829394.jpg",800,600,false],"portraits":["https:\/\/arantv.az\/wp-content\/uploads\/2020\/02\/829394.jpg",800,600,false],"thumbnail":["https:\/\/arantv.az\/wp-content\/uploads\/2020\/02\/829394-150x150.jpg",150,150,true],"medium":["https:\/\/arantv.az\/wp-content\/uploads\/2020\/02\/829394-300x225.jpg",300,225,true],"large":["https:\/\/arantv.az\/wp-content\/uploads\/2020\/02\/829394.jpg",640,480,false],"1536x1536":["https:\/\/arantv.az\/wp-content\/uploads\/2020\/02\/829394.jpg",800,600,false],"2048x2048":["https:\/\/arantv.az\/wp-content\/uploads\/2020\/02\/829394.jpg",800,600,false],"post-thumbnail":["https:\/\/arantv.az\/wp-content\/uploads\/2020\/02\/829394-240x172.jpg",240,172,true],"advps-thumb-one":["https:\/\/arantv.az\/wp-content\/uploads\/2020\/02\/829394.jpg",800,600,false]},"rttpg_author":{"display_name":"V\u00fcsal Rafiqo\u011flu","author_link":"https:\/\/arantv.az\/?author=2"},"rttpg_comment":0,"rttpg_category":"<a href=\"https:\/\/arantv.az\/?cat=4\" rel=\"category\">Siyas\u0259t<\/a>","rttpg_excerpt":"T\u00fcrkiy\u0259nin Az\u0259rbaycandak\u0131 s\u0259firi Erkan \u00d6zaral T\u00fcrkiy\u0259 Prezidenti R\u0259c\u0259b Tayyip \u018frdo\u011fan\u0131n Az\u0259rbaycana s\u0259f\u0259rin\u0259 m\u00fcnasib\u0259t bildirib. ARANTV.AZ\u00a0Trend-\u0259 istinad\u0259n x\u0259b\u0259r verir ki, s\u0259fir bildirib ki, toplant\u0131 \u00e7ox faydal\u0131 oldu: &#8220;Bilirsiniz ki, c\u0259nab Prezident R\u0259c\u0259b Tayyip \u018frdo\u011fan Az\u0259rbaycana Strateji \u018fm\u0259kda\u015fl\u0131q \u015euras\u0131n\u0131n 8-ci toplant\u0131s\u0131 \u00e7\u0259r\u00e7iv\u0259sind\u0259 s\u0259f\u0259r etdi. Bu toplant\u0131da ke\u00e7mi\u015fi d\u0259y\u0259rl\u0259ndir\u0259r\u0259k g\u0259l\u0259c\u0259kd\u0259 hans\u0131 i\u015fl\u0259rin g\u00f6r\u00fclm\u0259li oldu\u011fu m\u00fczakir\u0259 edildi. Bu ilki&hellip;","_links":{"self":[{"href":"https:\/\/arantv.az\/index.php?rest_route=\/wp\/v2\/posts\/135285"}],"collection":[{"href":"https:\/\/arantv.az\/index.php?rest_route=\/wp\/v2\/posts"}],"about":[{"href":"https:\/\/arantv.az\/index.php?rest_route=\/wp\/v2\/types\/post"}],"author":[{"embeddable":true,"href":"https:\/\/arantv.az\/index.php?rest_route=\/wp\/v2\/users\/2"}],"replies":[{"embeddable":true,"href":"https:\/\/arantv.az\/index.php?rest_route=%2Fwp%2Fv2%2Fcomments&post=135285"}],"version-history":[{"count":0,"href":"https:\/\/arantv.az\/index.php?rest_route=\/wp\/v2\/posts\/135285\/revisions"}],"wp:featuredmedia":[{"embeddable":true,"href":"https:\/\/arantv.az\/index.php?rest_route=\/wp\/v2\/media\/135286"}],"wp:attachment":[{"href":"https:\/\/arantv.az\/index.php?rest_route=%2Fwp%2Fv2%2Fmedia&parent=135285"}],"wp:term":[{"taxonomy":"category","embeddable":true,"href":"https:\/\/arantv.az\/index.php?rest_route=%2Fwp%2Fv2%2Fcategories&post=135285"},{"taxonomy":"post_tag","embeddable":true,"href":"https:\/\/arantv.az\/index.php?rest_route=%2Fwp%2Fv2%2Ftags&post=135285"}],"curies":[{"name":"wp","href":"https:\/\/api.w.org\/{rel}","templated":true}]}}