{"id":135289,"date":"2020-02-27T11:37:23","date_gmt":"2020-02-27T08:37:23","guid":{"rendered":"http:\/\/arantv.az\/?p=135289"},"modified":"2020-02-27T11:37:23","modified_gmt":"2020-02-27T08:37:23","slug":"ilham-%c9%99liyev-gorus-kecirdi-foto-9","status":"publish","type":"post","link":"https:\/\/arantv.az\/?p=135289","title":{"rendered":"\u0130lham \u018fliyev g\u00f6r\u00fc\u015f ke\u00e7irdi &#8211; FOTO"},"content":{"rendered":"<p>Az\u0259rbaycan Respublikas\u0131n\u0131n Prezidenti \u0130lham \u018fliyev fevral\u0131n 27-d\u0259 B\u00f6y\u00fck Britaniyan\u0131n Ba\u015f Nazirinin Az\u0259rbaycan \u00fczr\u0259 ticar\u0259t el\u00e7isi Baronessa Emma Nikolsonun r\u0259hb\u0259rlik etdiyi n\u00fcmay\u0259nd\u0259 hey\u0259tini q\u0259bul edib.<\/p>\n<div id=\"AdviadNativeVideo0\" class=\"AdviadNativeVideo\"><\/div>\n<p>Bununla ba\u011fl\u0131\u00a0<a href=\"https:\/\/azertag.az\/xeber\/Prezident_Ilham_Aliyev_Boyuk_Britaniya_Bas_Nazirinin_Azerbaycan_uzre_ticaret_elchisinin_rehberlik_etdiyi_numayende_heyetini_qebul_edib_YENILANACAK-1426591\" target=\"_blank\" rel=\"noopener\">AZ\u018fRTAC<\/a>\u00a0m\u0259lumat yay\u0131b.<\/p>\n<div class=\"gallery\">\n<div class=\"gallery-i\"><img src=\"https:\/\/assets.oxu.az\/uploads\/W1siZiIsIjIwMjAvMDIvMjcvMTIvMjgvNTUvZmU5ZjkzMDQtZDhhNC00MDJjLTliODAtZTk1MjUxMjhlOGMyLzE1ODI3OTE4NDc0MjY3OTMzNjUzXzEwMDB4NjY5LmpwZyJdLFsicCIsImVuY29kZSIsImpwZyIsIi1xdWFsaXR5IDgwIl0sWyJwIiwidGh1bWIiLCI1OTB4NTkwXHUwMDNlIl1d?sha=2946f997b8d3c4ba\" alt=\"\" \/><\/p>\n<div class=\"gallery-i-caption\"><\/div>\n<\/div>\n<div class=\"gallery-i\"><img src=\"https:\/\/assets.oxu.az\/uploads\/W1siZiIsIjIwMjAvMDIvMjcvMTIvMjkvMDAvOTdkMjMyZDctYjY3Yy00ZmU5LTg1MTYtMjNjODFlZWY3NWYzLzE1ODI3OTE4NDgyNDAyNzYzNTU1XzEwMDB4NjY5LmpwZyJdLFsicCIsImVuY29kZSIsImpwZyIsIi1xdWFsaXR5IDgwIl0sWyJwIiwidGh1bWIiLCI1OTB4NTkwXHUwMDNlIl1d?sha=a2acb7588155b6be\" alt=\"\" \/><\/div>\n<\/div>\n","protected":false},"excerpt":{"rendered":"<p>Az\u0259rbaycan Respublikas\u0131n\u0131n Prezidenti \u0130lham \u018fliyev fevral\u0131n 27-d\u0259 B\u00f6y\u00fck Britaniyan\u0131n Ba\u015f Nazirinin Az\u0259rbaycan \u00fczr\u0259 ticar\u0259t el\u00e7isi Baronessa Emma Nikolsonun r\u0259hb\u0259rlik etdiyi n\u00fcmay\u0259nd\u0259 hey\u0259tini q\u0259bul edib. Bununla ba\u011fl\u0131\u00a0AZ\u018fRTAC\u00a0m\u0259lumat yay\u0131b.<\/p>\n","protected":false},"author":2,"featured_media":135290,"comment_status":"closed","ping_status":"closed","sticky":false,"template":"","format":"standard","meta":{"om_disable_all_campaigns":false,"_monsterinsights_skip_tracking":false,"_monsterinsights_sitenote_active":false,"_monsterinsights_sitenote_note":"","_monsterinsights_sitenote_category":0},"categories":[4],"tags":[],"aioseo_notices":[],"gutentor_comment":0,"rttpg_featured_image_url":{"full":["https:\/\/arantv.az\/wp-content\/uploads\/2020\/02\/158279184747160754_1000x669.jpg",620,371,false],"landscape":["https:\/\/arantv.az\/wp-content\/uploads\/2020\/02\/158279184747160754_1000x669.jpg",620,371,false],"portraits":["https:\/\/arantv.az\/wp-content\/uploads\/2020\/02\/158279184747160754_1000x669.jpg",620,371,false],"thumbnail":["https:\/\/arantv.az\/wp-content\/uploads\/2020\/02\/158279184747160754_1000x669-150x150.jpg",150,150,true],"medium":["https:\/\/arantv.az\/wp-content\/uploads\/2020\/02\/158279184747160754_1000x669-300x180.jpg",300,180,true],"large":["https:\/\/arantv.az\/wp-content\/uploads\/2020\/02\/158279184747160754_1000x669.jpg",620,371,false],"1536x1536":["https:\/\/arantv.az\/wp-content\/uploads\/2020\/02\/158279184747160754_1000x669.jpg",620,371,false],"2048x2048":["https:\/\/arantv.az\/wp-content\/uploads\/2020\/02\/158279184747160754_1000x669.jpg",620,371,false],"post-thumbnail":["https:\/\/arantv.az\/wp-content\/uploads\/2020\/02\/158279184747160754_1000x669-240x172.jpg",240,172,true],"advps-thumb-one":["https:\/\/arantv.az\/wp-content\/uploads\/2020\/02\/158279184747160754_1000x669.jpg",620,371,false]},"rttpg_author":{"display_name":"V\u00fcsal Rafiqo\u011flu","author_link":"https:\/\/arantv.az\/?author=2"},"rttpg_comment":0,"rttpg_category":"<a href=\"https:\/\/arantv.az\/?cat=4\" rel=\"category\">Siyas\u0259t<\/a>","rttpg_excerpt":"Az\u0259rbaycan Respublikas\u0131n\u0131n Prezidenti \u0130lham \u018fliyev fevral\u0131n 27-d\u0259 B\u00f6y\u00fck Britaniyan\u0131n Ba\u015f Nazirinin Az\u0259rbaycan \u00fczr\u0259 ticar\u0259t el\u00e7isi Baronessa Emma Nikolsonun r\u0259hb\u0259rlik etdiyi n\u00fcmay\u0259nd\u0259 hey\u0259tini q\u0259bul edib. Bununla ba\u011fl\u0131\u00a0AZ\u018fRTAC\u00a0m\u0259lumat yay\u0131b.","_links":{"self":[{"href":"https:\/\/arantv.az\/index.php?rest_route=\/wp\/v2\/posts\/135289"}],"collection":[{"href":"https:\/\/arantv.az\/index.php?rest_route=\/wp\/v2\/posts"}],"about":[{"href":"https:\/\/arantv.az\/index.php?rest_route=\/wp\/v2\/types\/post"}],"author":[{"embeddable":true,"href":"https:\/\/arantv.az\/index.php?rest_route=\/wp\/v2\/users\/2"}],"replies":[{"embeddable":true,"href":"https:\/\/arantv.az\/index.php?rest_route=%2Fwp%2Fv2%2Fcomments&post=135289"}],"version-history":[{"count":0,"href":"https:\/\/arantv.az\/index.php?rest_route=\/wp\/v2\/posts\/135289\/revisions"}],"wp:featuredmedia":[{"embeddable":true,"href":"https:\/\/arantv.az\/index.php?rest_route=\/wp\/v2\/media\/135290"}],"wp:attachment":[{"href":"https:\/\/arantv.az\/index.php?rest_route=%2Fwp%2Fv2%2Fmedia&parent=135289"}],"wp:term":[{"taxonomy":"category","embeddable":true,"href":"https:\/\/arantv.az\/index.php?rest_route=%2Fwp%2Fv2%2Fcategories&post=135289"},{"taxonomy":"post_tag","embeddable":true,"href":"https:\/\/arantv.az\/index.php?rest_route=%2Fwp%2Fv2%2Ftags&post=135289"}],"curies":[{"name":"wp","href":"https:\/\/api.w.org\/{rel}","templated":true}]}}