{"id":135293,"date":"2020-02-27T11:39:49","date_gmt":"2020-02-27T08:39:49","guid":{"rendered":"http:\/\/arantv.az\/?p=135293"},"modified":"2020-02-27T11:39:49","modified_gmt":"2020-02-27T08:39:49","slug":"s%c9%99mkird%c9%99-bes-yasli-usagi-masin-vurub-oldurdu","status":"publish","type":"post","link":"https:\/\/arantv.az\/?p=135293","title":{"rendered":"\u015e\u0259mkird\u0259 be\u015f ya\u015fl\u0131 u\u015fa\u011f\u0131 ma\u015f\u0131n vurub \u00f6ld\u00fcrd\u00fc"},"content":{"rendered":"<p>\u015e\u0259mkird\u0259 azya\u015fl\u0131n\u0131n \u00f6l\u00fcm\u00fc il\u0259 n\u0259tic\u0259l\u0259n\u0259n yol-n\u0259qliyyat hadis\u0259si ba\u015f verib.<\/p>\n<p>Bununla ba\u011fl\u0131 Daxili \u0130\u015fl\u0259r Nazirliyinin m\u0259tbuat xidm\u0259tind\u0259n APA-ya m\u0259lumat verilib.<\/p>\n<div id=\"AdviadNativeVideo0\" class=\"AdviadNativeVideo\"><\/div>\n<p>Bildirilib ki, fevral\u0131n 26-da saat 16.00 rad\u0259l\u0259rind\u0259 \u015e\u0259mkir rayonunun D\u00fczq\u0131\u015flaq k\u0259ndi \u0259razisind\u0259 Qarac\u0259mirli k\u0259nd sakini R.\u018fmirxanov idar\u0259 etdiyi \u201cVAZ-21015\u201d markal\u0131 avtomobill\u0259 yolu ke\u00e7\u0259n k\u0259nd sakini, be\u015f\u00a0ya\u015fl\u0131 R\u00fcst\u0259m Pa\u015fayevi vurub v\u0259 n\u0259tic\u0259d\u0259, u\u015faq ald\u0131\u011f\u0131 x\u0259sar\u0259tl\u0259rd\u0259n hadis\u0259 yerind\u0259 \u00f6l\u00fcb.<\/p>\n<p>\u015e\u0259mkir Rayon Polis \u015e\u00f6b\u0259si t\u0259r\u0259find\u0259n ara\u015fd\u0131rma apar\u0131l\u0131r.<\/p>\n","protected":false},"excerpt":{"rendered":"<p>\u015e\u0259mkird\u0259 azya\u015fl\u0131n\u0131n \u00f6l\u00fcm\u00fc il\u0259 n\u0259tic\u0259l\u0259n\u0259n yol-n\u0259qliyyat hadis\u0259si ba\u015f verib. Bununla ba\u011fl\u0131 Daxili \u0130\u015fl\u0259r Nazirliyinin m\u0259tbuat xidm\u0259tind\u0259n APA-ya m\u0259lumat verilib. Bildirilib ki, fevral\u0131n 26-da saat 16.00 rad\u0259l\u0259rind\u0259 \u015e\u0259mkir rayonunun D\u00fczq\u0131\u015flaq k\u0259ndi \u0259razisind\u0259 Qarac\u0259mirli k\u0259nd sakini R.\u018fmirxanov idar\u0259 etdiyi \u201cVAZ-21015\u201d markal\u0131 avtomobill\u0259 yolu ke\u00e7\u0259n k\u0259nd sakini, be\u015f\u00a0ya\u015fl\u0131 R\u00fcst\u0259m Pa\u015fayevi vurub v\u0259 n\u0259tic\u0259d\u0259, u\u015faq ald\u0131\u011f\u0131 x\u0259sar\u0259tl\u0259rd\u0259n hadis\u0259 yerind\u0259 \u00f6l\u00fcb. \u015e\u0259mkir Rayon Polis \u015e\u00f6b\u0259si t\u0259r\u0259find\u0259n ara\u015fd\u0131rma apar\u0131l\u0131r.<\/p>\n","protected":false},"author":2,"featured_media":135294,"comment_status":"closed","ping_status":"closed","sticky":false,"template":"","format":"standard","meta":{"om_disable_all_campaigns":false,"_monsterinsights_skip_tracking":false,"_monsterinsights_sitenote_active":false,"_monsterinsights_sitenote_note":"","_monsterinsights_sitenote_category":0},"categories":[5],"tags":[],"aioseo_notices":[],"gutentor_comment":0,"rttpg_featured_image_url":{"full":["https:\/\/arantv.az\/wp-content\/uploads\/2020\/02\/masin-2.jpg",620,388,false],"landscape":["https:\/\/arantv.az\/wp-content\/uploads\/2020\/02\/masin-2.jpg",620,388,false],"portraits":["https:\/\/arantv.az\/wp-content\/uploads\/2020\/02\/masin-2.jpg",620,388,false],"thumbnail":["https:\/\/arantv.az\/wp-content\/uploads\/2020\/02\/masin-2-150x150.jpg",150,150,true],"medium":["https:\/\/arantv.az\/wp-content\/uploads\/2020\/02\/masin-2-300x188.jpg",300,188,true],"large":["https:\/\/arantv.az\/wp-content\/uploads\/2020\/02\/masin-2.jpg",620,388,false],"1536x1536":["https:\/\/arantv.az\/wp-content\/uploads\/2020\/02\/masin-2.jpg",620,388,false],"2048x2048":["https:\/\/arantv.az\/wp-content\/uploads\/2020\/02\/masin-2.jpg",620,388,false],"post-thumbnail":["https:\/\/arantv.az\/wp-content\/uploads\/2020\/02\/masin-2-240x172.jpg",240,172,true],"advps-thumb-one":["https:\/\/arantv.az\/wp-content\/uploads\/2020\/02\/masin-2.jpg",620,388,false]},"rttpg_author":{"display_name":"V\u00fcsal Rafiqo\u011flu","author_link":"https:\/\/arantv.az\/?author=2"},"rttpg_comment":0,"rttpg_category":"<a href=\"https:\/\/arantv.az\/?cat=5\" rel=\"category\">Hadis\u0259<\/a>","rttpg_excerpt":"\u015e\u0259mkird\u0259 azya\u015fl\u0131n\u0131n \u00f6l\u00fcm\u00fc il\u0259 n\u0259tic\u0259l\u0259n\u0259n yol-n\u0259qliyyat hadis\u0259si ba\u015f verib. Bununla ba\u011fl\u0131 Daxili \u0130\u015fl\u0259r Nazirliyinin m\u0259tbuat xidm\u0259tind\u0259n APA-ya m\u0259lumat verilib. Bildirilib ki, fevral\u0131n 26-da saat 16.00 rad\u0259l\u0259rind\u0259 \u015e\u0259mkir rayonunun D\u00fczq\u0131\u015flaq k\u0259ndi \u0259razisind\u0259 Qarac\u0259mirli k\u0259nd sakini R.\u018fmirxanov idar\u0259 etdiyi \u201cVAZ-21015\u201d markal\u0131 avtomobill\u0259 yolu ke\u00e7\u0259n k\u0259nd sakini, be\u015f\u00a0ya\u015fl\u0131 R\u00fcst\u0259m Pa\u015fayevi vurub v\u0259 n\u0259tic\u0259d\u0259, u\u015faq ald\u0131\u011f\u0131 x\u0259sar\u0259tl\u0259rd\u0259n hadis\u0259 yerind\u0259&hellip;","_links":{"self":[{"href":"https:\/\/arantv.az\/index.php?rest_route=\/wp\/v2\/posts\/135293"}],"collection":[{"href":"https:\/\/arantv.az\/index.php?rest_route=\/wp\/v2\/posts"}],"about":[{"href":"https:\/\/arantv.az\/index.php?rest_route=\/wp\/v2\/types\/post"}],"author":[{"embeddable":true,"href":"https:\/\/arantv.az\/index.php?rest_route=\/wp\/v2\/users\/2"}],"replies":[{"embeddable":true,"href":"https:\/\/arantv.az\/index.php?rest_route=%2Fwp%2Fv2%2Fcomments&post=135293"}],"version-history":[{"count":0,"href":"https:\/\/arantv.az\/index.php?rest_route=\/wp\/v2\/posts\/135293\/revisions"}],"wp:featuredmedia":[{"embeddable":true,"href":"https:\/\/arantv.az\/index.php?rest_route=\/wp\/v2\/media\/135294"}],"wp:attachment":[{"href":"https:\/\/arantv.az\/index.php?rest_route=%2Fwp%2Fv2%2Fmedia&parent=135293"}],"wp:term":[{"taxonomy":"category","embeddable":true,"href":"https:\/\/arantv.az\/index.php?rest_route=%2Fwp%2Fv2%2Fcategories&post=135293"},{"taxonomy":"post_tag","embeddable":true,"href":"https:\/\/arantv.az\/index.php?rest_route=%2Fwp%2Fv2%2Ftags&post=135293"}],"curies":[{"name":"wp","href":"https:\/\/api.w.org\/{rel}","templated":true}]}}