{"id":135321,"date":"2020-02-27T11:58:36","date_gmt":"2020-02-27T08:58:36","guid":{"rendered":"http:\/\/arantv.az\/?p=135321"},"modified":"2020-02-27T11:58:36","modified_gmt":"2020-02-27T08:58:36","slug":"nazirlik-bakida-3-n%c9%99f%c9%99rin-olduyu-hadis%c9%99-bar%c9%99d%c9%99-m%c9%99lumat-yaydi","status":"publish","type":"post","link":"https:\/\/arantv.az\/?p=135321","title":{"rendered":"Nazirlik Bak\u0131da 3 n\u0259f\u0259rin \u00f6ld\u00fcy\u00fc hadis\u0259 bar\u0259d\u0259 M\u018fLUMAT YAYDI"},"content":{"rendered":"<p><strong>Daxili \u0130\u015fl\u0259r Nazirliyi Bak\u0131da 3 n\u0259f\u0259rin \u00f6l\u00fcm\u00fc il\u0259 n\u0259tic\u0259l\u0259n\u0259n a\u011f\u0131r yol q\u0259zas\u0131 il\u0259 ba\u011fl\u0131 m\u0259lumat yay\u0131b.<\/strong><\/p>\n<p><strong>ARANTV.AZ<\/strong>\u00a0 x\u0259b\u0259r verir ki, fevral\u0131n 26-da saat 16 rad\u0259l\u0259rind\u0259 Qarada\u011f rayonunun L\u00f6kbatan q\u0259s\u0259b\u0259si \u0259razisind\u0259 Ab\u015feron rayon sakini B.\u018fliyevin idar\u0259 etdiyi \u201cBMW\u201d, Bak\u0131 \u015f\u0259h\u0259r sakini P\u0259rviz Yusifzad\u0259nin idar\u0259 etdiyi \u201cDaewoo\u201d v\u0259 \u015e\u0259ki rayon sakini Hikm\u0259t L\u0259tifovun idar\u0259 etdiyi \u201cFiat\u201d markal\u0131 avtomobill\u0259r toqqu\u015fub. N\u0259tic\u0259d\u0259 H.L\u0259tifov, P.Yusifzad\u0259 v\u0259 s\u0259rni\u015fini A\u011fdam rayon sakini Fatma Quliyeva hadis\u0259 yerind\u0259 \u00f6l\u00fcb, dig\u0259r s\u00fcr\u00fcc\u00fc x\u0259st\u0259xanaya yerl\u0259\u015fdirilib.<\/p>\n<p>Qarada\u011f RP\u0130 t\u0259r\u0259find\u0259n ara\u015fd\u0131rma apar\u0131l\u0131r.Publika.az<\/p>\n","protected":false},"excerpt":{"rendered":"<p>Daxili \u0130\u015fl\u0259r Nazirliyi Bak\u0131da 3 n\u0259f\u0259rin \u00f6l\u00fcm\u00fc il\u0259 n\u0259tic\u0259l\u0259n\u0259n a\u011f\u0131r yol q\u0259zas\u0131 il\u0259 ba\u011fl\u0131 m\u0259lumat yay\u0131b. ARANTV.AZ\u00a0 x\u0259b\u0259r verir ki, fevral\u0131n 26-da saat 16 rad\u0259l\u0259rind\u0259 Qarada\u011f rayonunun L\u00f6kbatan q\u0259s\u0259b\u0259si \u0259razisind\u0259 Ab\u015feron rayon sakini B.\u018fliyevin idar\u0259 etdiyi \u201cBMW\u201d, Bak\u0131 \u015f\u0259h\u0259r sakini P\u0259rviz Yusifzad\u0259nin idar\u0259 etdiyi \u201cDaewoo\u201d v\u0259 \u015e\u0259ki rayon sakini Hikm\u0259t L\u0259tifovun idar\u0259 etdiyi \u201cFiat\u201d markal\u0131 avtomobill\u0259r toqqu\u015fub. N\u0259tic\u0259d\u0259 H.L\u0259tifov, P.Yusifzad\u0259 v\u0259 s\u0259rni\u015fini A\u011fdam rayon sakini Fatma Quliyeva hadis\u0259 yerind\u0259 \u00f6l\u00fcb, dig\u0259r s\u00fcr\u00fcc\u00fc x\u0259st\u0259xanaya yerl\u0259\u015fdirilib. Qarada\u011f RP\u0130 t\u0259r\u0259find\u0259n ara\u015fd\u0131rma apar\u0131l\u0131r.Publika.az<\/p>\n","protected":false},"author":2,"featured_media":135322,"comment_status":"closed","ping_status":"closed","sticky":false,"template":"","format":"standard","meta":{"om_disable_all_campaigns":false,"_monsterinsights_skip_tracking":false,"_monsterinsights_sitenote_active":false,"_monsterinsights_sitenote_note":"","_monsterinsights_sitenote_category":0},"categories":[5],"tags":[],"aioseo_notices":[],"gutentor_comment":0,"rttpg_featured_image_url":{"full":["https:\/\/arantv.az\/wp-content\/uploads\/2020\/02\/daxiliishlernazirliyi.jpg",800,450,false],"landscape":["https:\/\/arantv.az\/wp-content\/uploads\/2020\/02\/daxiliishlernazirliyi.jpg",800,450,false],"portraits":["https:\/\/arantv.az\/wp-content\/uploads\/2020\/02\/daxiliishlernazirliyi.jpg",800,450,false],"thumbnail":["https:\/\/arantv.az\/wp-content\/uploads\/2020\/02\/daxiliishlernazirliyi-150x150.jpg",150,150,true],"medium":["https:\/\/arantv.az\/wp-content\/uploads\/2020\/02\/daxiliishlernazirliyi-300x169.jpg",300,169,true],"large":["https:\/\/arantv.az\/wp-content\/uploads\/2020\/02\/daxiliishlernazirliyi.jpg",640,360,false],"1536x1536":["https:\/\/arantv.az\/wp-content\/uploads\/2020\/02\/daxiliishlernazirliyi.jpg",800,450,false],"2048x2048":["https:\/\/arantv.az\/wp-content\/uploads\/2020\/02\/daxiliishlernazirliyi.jpg",800,450,false],"post-thumbnail":["https:\/\/arantv.az\/wp-content\/uploads\/2020\/02\/daxiliishlernazirliyi-240x172.jpg",240,172,true],"advps-thumb-one":["https:\/\/arantv.az\/wp-content\/uploads\/2020\/02\/daxiliishlernazirliyi.jpg",800,450,false]},"rttpg_author":{"display_name":"V\u00fcsal Rafiqo\u011flu","author_link":"https:\/\/arantv.az\/?author=2"},"rttpg_comment":0,"rttpg_category":"<a href=\"https:\/\/arantv.az\/?cat=5\" rel=\"category\">Hadis\u0259<\/a>","rttpg_excerpt":"Daxili \u0130\u015fl\u0259r Nazirliyi Bak\u0131da 3 n\u0259f\u0259rin \u00f6l\u00fcm\u00fc il\u0259 n\u0259tic\u0259l\u0259n\u0259n a\u011f\u0131r yol q\u0259zas\u0131 il\u0259 ba\u011fl\u0131 m\u0259lumat yay\u0131b. ARANTV.AZ\u00a0 x\u0259b\u0259r verir ki, fevral\u0131n 26-da saat 16 rad\u0259l\u0259rind\u0259 Qarada\u011f rayonunun L\u00f6kbatan q\u0259s\u0259b\u0259si \u0259razisind\u0259 Ab\u015feron rayon sakini B.\u018fliyevin idar\u0259 etdiyi \u201cBMW\u201d, Bak\u0131 \u015f\u0259h\u0259r sakini P\u0259rviz Yusifzad\u0259nin idar\u0259 etdiyi \u201cDaewoo\u201d v\u0259 \u015e\u0259ki rayon sakini Hikm\u0259t L\u0259tifovun idar\u0259 etdiyi \u201cFiat\u201d markal\u0131&hellip;","_links":{"self":[{"href":"https:\/\/arantv.az\/index.php?rest_route=\/wp\/v2\/posts\/135321"}],"collection":[{"href":"https:\/\/arantv.az\/index.php?rest_route=\/wp\/v2\/posts"}],"about":[{"href":"https:\/\/arantv.az\/index.php?rest_route=\/wp\/v2\/types\/post"}],"author":[{"embeddable":true,"href":"https:\/\/arantv.az\/index.php?rest_route=\/wp\/v2\/users\/2"}],"replies":[{"embeddable":true,"href":"https:\/\/arantv.az\/index.php?rest_route=%2Fwp%2Fv2%2Fcomments&post=135321"}],"version-history":[{"count":0,"href":"https:\/\/arantv.az\/index.php?rest_route=\/wp\/v2\/posts\/135321\/revisions"}],"wp:featuredmedia":[{"embeddable":true,"href":"https:\/\/arantv.az\/index.php?rest_route=\/wp\/v2\/media\/135322"}],"wp:attachment":[{"href":"https:\/\/arantv.az\/index.php?rest_route=%2Fwp%2Fv2%2Fmedia&parent=135321"}],"wp:term":[{"taxonomy":"category","embeddable":true,"href":"https:\/\/arantv.az\/index.php?rest_route=%2Fwp%2Fv2%2Fcategories&post=135321"},{"taxonomy":"post_tag","embeddable":true,"href":"https:\/\/arantv.az\/index.php?rest_route=%2Fwp%2Fv2%2Ftags&post=135321"}],"curies":[{"name":"wp","href":"https:\/\/api.w.org\/{rel}","templated":true}]}}