{"id":135824,"date":"2020-02-28T13:08:48","date_gmt":"2020-02-28T10:08:48","guid":{"rendered":"http:\/\/arantv.az\/?p=135824"},"modified":"2020-02-28T13:08:48","modified_gmt":"2020-02-28T10:08:48","slug":"ilham-%c9%99liyev-%c9%99rdogana-bassagligi-verdi-2","status":"publish","type":"post","link":"https:\/\/arantv.az\/?p=135824","title":{"rendered":"\u0130lham \u018fliyev \u018frdo\u011fana ba\u015fsa\u011fl\u0131\u011f\u0131 verdi"},"content":{"rendered":"<p>Az\u0259rbaycan Prezidenti \u0130lham \u018fliyev \u0130dlibd\u0259 33 t\u00fcrkiy\u0259li \u0259sg\u0259rin \u015f\u0259hid olmas\u0131 il\u0259 \u0259laq\u0259dar T\u00fcrkiy\u0259 Prezidenti R\u0259c\u0259b Tayyib \u018frdo\u011fana ba\u015fsa\u011fl\u0131\u011f\u0131 m\u0259ktubu g\u00f6nd\u0259rib.<\/p>\n<p><strong>ARANTV.AZ<\/strong> x\u0259b\u0259r verir ki, m\u0259ktubda deyilir:<\/p>\n<p>\u201cH\u00f6rm\u0259tli c\u0259nab Prezident,<\/p>\n<p>\u018fziz Qarda\u015f\u0131m,<\/p>\n<p>T\u00fcrk \u0259sg\u0259rl\u0259rinin \u015f\u0259hid olmas\u0131 x\u0259b\u0259rini d\u0259rin k\u0259d\u0259r hissi il\u0259 qar\u015f\u0131lad\u0131m.<\/p>\n<p>Ba\u015f vermi\u015f bu hadis\u0259 il\u0259 \u0259laq\u0259dar Siz\u0259, h\u0259lak olanlar\u0131n ail\u0259l\u0259rin\u0259 v\u0259 yax\u0131nlar\u0131na, qarda\u015f T\u00fcrkiy\u0259 xalq\u0131na \u00f6z ad\u0131mdan v\u0259 Az\u0259rbaycan xalq\u0131 ad\u0131ndan d\u0259rin h\u00fcznl\u0259 ba\u015fsa\u011fl\u0131\u011f\u0131 verir\u0259m.<\/p>\n<p>Allah r\u0259hm\u0259t el\u0259sin!\u201d<\/p>\n<p>&nbsp;<\/p>\n<p>AZ\u018fRTAC<\/p>\n","protected":false},"excerpt":{"rendered":"<p>Az\u0259rbaycan Prezidenti \u0130lham \u018fliyev \u0130dlibd\u0259 33 t\u00fcrkiy\u0259li \u0259sg\u0259rin \u015f\u0259hid olmas\u0131 il\u0259 \u0259laq\u0259dar T\u00fcrkiy\u0259 Prezidenti R\u0259c\u0259b Tayyib \u018frdo\u011fana ba\u015fsa\u011fl\u0131\u011f\u0131 m\u0259ktubu g\u00f6nd\u0259rib. ARANTV.AZ x\u0259b\u0259r verir ki, m\u0259ktubda deyilir: \u201cH\u00f6rm\u0259tli c\u0259nab Prezident, \u018fziz Qarda\u015f\u0131m, T\u00fcrk \u0259sg\u0259rl\u0259rinin \u015f\u0259hid olmas\u0131 x\u0259b\u0259rini d\u0259rin k\u0259d\u0259r hissi il\u0259 qar\u015f\u0131lad\u0131m. Ba\u015f vermi\u015f bu hadis\u0259 il\u0259 \u0259laq\u0259dar Siz\u0259, h\u0259lak olanlar\u0131n ail\u0259l\u0259rin\u0259 v\u0259 yax\u0131nlar\u0131na, qarda\u015f T\u00fcrkiy\u0259 xalq\u0131na \u00f6z ad\u0131mdan v\u0259 Az\u0259rbaycan xalq\u0131 ad\u0131ndan d\u0259rin h\u00fcznl\u0259 ba\u015fsa\u011fl\u0131\u011f\u0131 verir\u0259m. Allah r\u0259hm\u0259t el\u0259sin!\u201d &nbsp; AZ\u018fRTAC<\/p>\n","protected":false},"author":2,"featured_media":135825,"comment_status":"closed","ping_status":"closed","sticky":false,"template":"","format":"standard","meta":{"om_disable_all_campaigns":false,"_monsterinsights_skip_tracking":false,"_monsterinsights_sitenote_active":false,"_monsterinsights_sitenote_note":"","_monsterinsights_sitenote_category":0},"categories":[4],"tags":[],"aioseo_notices":[],"gutentor_comment":0,"rttpg_featured_image_url":{"full":["https:\/\/arantv.az\/wp-content\/uploads\/2020\/02\/1582628368500838877_1000x669.jpg",620,438,false],"landscape":["https:\/\/arantv.az\/wp-content\/uploads\/2020\/02\/1582628368500838877_1000x669.jpg",620,438,false],"portraits":["https:\/\/arantv.az\/wp-content\/uploads\/2020\/02\/1582628368500838877_1000x669.jpg",620,438,false],"thumbnail":["https:\/\/arantv.az\/wp-content\/uploads\/2020\/02\/1582628368500838877_1000x669-150x150.jpg",150,150,true],"medium":["https:\/\/arantv.az\/wp-content\/uploads\/2020\/02\/1582628368500838877_1000x669-300x212.jpg",300,212,true],"large":["https:\/\/arantv.az\/wp-content\/uploads\/2020\/02\/1582628368500838877_1000x669.jpg",620,438,false],"1536x1536":["https:\/\/arantv.az\/wp-content\/uploads\/2020\/02\/1582628368500838877_1000x669.jpg",620,438,false],"2048x2048":["https:\/\/arantv.az\/wp-content\/uploads\/2020\/02\/1582628368500838877_1000x669.jpg",620,438,false],"post-thumbnail":["https:\/\/arantv.az\/wp-content\/uploads\/2020\/02\/1582628368500838877_1000x669-240x172.jpg",240,172,true],"advps-thumb-one":["https:\/\/arantv.az\/wp-content\/uploads\/2020\/02\/1582628368500838877_1000x669.jpg",620,438,false]},"rttpg_author":{"display_name":"V\u00fcsal Rafiqo\u011flu","author_link":"https:\/\/arantv.az\/?author=2"},"rttpg_comment":0,"rttpg_category":"<a href=\"https:\/\/arantv.az\/?cat=4\" rel=\"category\">Siyas\u0259t<\/a>","rttpg_excerpt":"Az\u0259rbaycan Prezidenti \u0130lham \u018fliyev \u0130dlibd\u0259 33 t\u00fcrkiy\u0259li \u0259sg\u0259rin \u015f\u0259hid olmas\u0131 il\u0259 \u0259laq\u0259dar T\u00fcrkiy\u0259 Prezidenti R\u0259c\u0259b Tayyib \u018frdo\u011fana ba\u015fsa\u011fl\u0131\u011f\u0131 m\u0259ktubu g\u00f6nd\u0259rib. ARANTV.AZ x\u0259b\u0259r verir ki, m\u0259ktubda deyilir: \u201cH\u00f6rm\u0259tli c\u0259nab Prezident, \u018fziz Qarda\u015f\u0131m, T\u00fcrk \u0259sg\u0259rl\u0259rinin \u015f\u0259hid olmas\u0131 x\u0259b\u0259rini d\u0259rin k\u0259d\u0259r hissi il\u0259 qar\u015f\u0131lad\u0131m. Ba\u015f vermi\u015f bu hadis\u0259 il\u0259 \u0259laq\u0259dar Siz\u0259, h\u0259lak olanlar\u0131n ail\u0259l\u0259rin\u0259 v\u0259 yax\u0131nlar\u0131na, qarda\u015f T\u00fcrkiy\u0259&hellip;","_links":{"self":[{"href":"https:\/\/arantv.az\/index.php?rest_route=\/wp\/v2\/posts\/135824"}],"collection":[{"href":"https:\/\/arantv.az\/index.php?rest_route=\/wp\/v2\/posts"}],"about":[{"href":"https:\/\/arantv.az\/index.php?rest_route=\/wp\/v2\/types\/post"}],"author":[{"embeddable":true,"href":"https:\/\/arantv.az\/index.php?rest_route=\/wp\/v2\/users\/2"}],"replies":[{"embeddable":true,"href":"https:\/\/arantv.az\/index.php?rest_route=%2Fwp%2Fv2%2Fcomments&post=135824"}],"version-history":[{"count":0,"href":"https:\/\/arantv.az\/index.php?rest_route=\/wp\/v2\/posts\/135824\/revisions"}],"wp:featuredmedia":[{"embeddable":true,"href":"https:\/\/arantv.az\/index.php?rest_route=\/wp\/v2\/media\/135825"}],"wp:attachment":[{"href":"https:\/\/arantv.az\/index.php?rest_route=%2Fwp%2Fv2%2Fmedia&parent=135824"}],"wp:term":[{"taxonomy":"category","embeddable":true,"href":"https:\/\/arantv.az\/index.php?rest_route=%2Fwp%2Fv2%2Fcategories&post=135824"},{"taxonomy":"post_tag","embeddable":true,"href":"https:\/\/arantv.az\/index.php?rest_route=%2Fwp%2Fv2%2Ftags&post=135824"}],"curies":[{"name":"wp","href":"https:\/\/api.w.org\/{rel}","templated":true}]}}