{"id":136131,"date":"2020-02-29T08:26:38","date_gmt":"2020-02-29T05:26:38","guid":{"rendered":"http:\/\/arantv.az\/?p=136131"},"modified":"2020-02-29T08:26:38","modified_gmt":"2020-02-29T05:26:38","slug":"az%c9%99rbaycanda-t%c9%99l%c9%99b%c9%99l%c9%99r-daha-cox-bu-ali-m%c9%99kt%c9%99bl%c9%99r%c9%99-kocurulm%c9%99k-ist%c9%99yib","status":"publish","type":"post","link":"https:\/\/arantv.az\/?p=136131","title":{"rendered":"Az\u0259rbaycanda t\u0259l\u0259b\u0259l\u0259r daha \u00e7ox bu ali m\u0259kt\u0259bl\u0259r\u0259 k\u00f6\u00e7\u00fcr\u00fclm\u0259k ist\u0259yib"},"content":{"rendered":"<p>T\u0259hsil Nazirliyi Az\u0259rbaycanda t\u0259l\u0259b\u0259l\u0259rin daha \u00e7ox hans\u0131 ali m\u0259kt\u0259bl\u0259r\u0259 k\u00f6\u00e7\u00fcr\u00fclm\u0259k \u00fc\u00e7\u00fcn m\u00fcraci\u0259t etdiyini a\u00e7\u0131qlay\u0131b.<\/p>\n<p><strong>ARANTV.AZ<\/strong>\u00a0\u00a0<a href=\"https:\/\/az.trend.az\/\" target=\"_blank\" rel=\"noopener\">Trend<\/a>-\u0259 istinad\u0259n x\u0259b\u0259r verir ki, T\u0259hsil Nazirliyinin \u0130nformasiya \u015f\u00f6b\u0259sinin m\u0259sl\u0259h\u0259t\u00e7isi G\u00fcnay \u0130sg\u0259nd\u0259rova deyib ki, Bak\u0131da t\u0259l\u0259b\u0259l\u0259r bu il fevral\u0131n 1-d\u0259n 7-d\u0259k transfer.edu.az portal\u0131 vasit\u0259sil\u0259 daha \u00e7ox Bak\u0131 D\u00f6vl\u0259t Universiteti, Az\u0259rbaycan D\u00f6vl\u0259t \u0130qtisad Universitetin\u0259 k\u00f6\u00e7\u00fcr\u00fclm\u0259k \u00fc\u00e7\u00fcn m\u00fcraci\u0259t edibl\u0259r. Regionlarda daha \u00e7ox G\u0259nc\u0259 D\u00f6vl\u0259t Universitetin\u0259, \u00f6z\u0259l universitetl\u0259r aras\u0131ndan is\u0259 daha \u00e7ox Az\u0259rbaycan Koorperasiya Universiteti v\u0259 Odlar Yurdu Universitetin\u0259 k\u00f6\u00e7\u00fcr\u00fclm\u0259k \u00fc\u00e7\u00fcn m\u00fcraci\u0259tl\u0259r olunub.<\/p>\n<p>G.\u0130sg\u0259nd\u0259rova \u0259lav\u0259 edib ki, bu g\u00fcnd\u0259n ba\u015flayaraq, mart\u0131n 3-d\u0259k k\u00f6\u00e7\u00fcr\u00fcl\u0259n h\u0259r bir t\u0259l\u0259b\u0259 k\u00f6\u00e7\u00fcr\u00fcld\u00fcy\u00fc t\u0259hsil m\u00fc\u0259ssis\u0259sin\u0259 s\u0259n\u0259dl\u0259rini t\u0259qdim etm\u0259lidir.<\/p>\n<p>Nazirlik r\u0259smisi deyib ki, k\u00f6\u00e7\u00fcr\u00fclm\u0259 prosesi ild\u0259 iki d\u0259f\u0259 h\u0259yata ke\u00e7irilir.<\/p>\n<p>Art\u0131q q\u0131\u015f sessiyas\u0131 \u00fczr\u0259 k\u00f6\u00e7\u00fcr\u00fclm\u0259 prosesinin ba\u015fa \u00e7atd\u0131\u011f\u0131n\u0131 dey\u0259n G.\u0130sg\u0259nd\u0259rova bildirib ki, yay sessiyas\u0131 \u00fczr\u0259 t\u0259l\u0259b\u0259 k\u00f6\u00e7\u00fcr\u00fclm\u0259si prosesi iyulun 15-d\u0259n 30-d\u0259k olacaq.<\/p>\n<div><\/div>\n<p>Qeyd ed\u0259k ki, bu il q\u0131\u015f sessiyas\u0131nda k\u00f6\u00e7\u00fcr\u00fclm\u0259 \u00fc\u00e7\u00fcn m\u00fcraci\u0259t ed\u0259n 2 266 t\u0259l\u0259b\u0259nin m\u00fcraci\u0259ti m\u00fcsb\u0259t cavabland\u0131r\u0131l\u0131b.<\/p>\n","protected":false},"excerpt":{"rendered":"<p>T\u0259hsil Nazirliyi Az\u0259rbaycanda t\u0259l\u0259b\u0259l\u0259rin daha \u00e7ox hans\u0131 ali m\u0259kt\u0259bl\u0259r\u0259 k\u00f6\u00e7\u00fcr\u00fclm\u0259k \u00fc\u00e7\u00fcn m\u00fcraci\u0259t etdiyini a\u00e7\u0131qlay\u0131b. ARANTV.AZ\u00a0\u00a0Trend-\u0259 istinad\u0259n x\u0259b\u0259r verir ki, T\u0259hsil Nazirliyinin \u0130nformasiya \u015f\u00f6b\u0259sinin m\u0259sl\u0259h\u0259t\u00e7isi G\u00fcnay \u0130sg\u0259nd\u0259rova deyib ki, Bak\u0131da t\u0259l\u0259b\u0259l\u0259r bu il fevral\u0131n 1-d\u0259n 7-d\u0259k transfer.edu.az portal\u0131 vasit\u0259sil\u0259 daha \u00e7ox Bak\u0131 D\u00f6vl\u0259t Universiteti, Az\u0259rbaycan D\u00f6vl\u0259t \u0130qtisad Universitetin\u0259 k\u00f6\u00e7\u00fcr\u00fclm\u0259k \u00fc\u00e7\u00fcn m\u00fcraci\u0259t edibl\u0259r. Regionlarda daha \u00e7ox G\u0259nc\u0259 D\u00f6vl\u0259t Universitetin\u0259, \u00f6z\u0259l universitetl\u0259r aras\u0131ndan is\u0259 daha \u00e7ox Az\u0259rbaycan Koorperasiya Universiteti v\u0259 Odlar Yurdu Universitetin\u0259 k\u00f6\u00e7\u00fcr\u00fclm\u0259k \u00fc\u00e7\u00fcn m\u00fcraci\u0259tl\u0259r olunub. G.\u0130sg\u0259nd\u0259rova \u0259lav\u0259 edib ki, bu g\u00fcnd\u0259n ba\u015flayaraq, mart\u0131n 3-d\u0259k k\u00f6\u00e7\u00fcr\u00fcl\u0259n h\u0259r bir t\u0259l\u0259b\u0259 k\u00f6\u00e7\u00fcr\u00fcld\u00fcy\u00fc t\u0259hsil m\u00fc\u0259ssis\u0259sin\u0259&hellip;<\/p>\n","protected":false},"author":2,"featured_media":136132,"comment_status":"closed","ping_status":"closed","sticky":false,"template":"","format":"standard","meta":{"om_disable_all_campaigns":false,"_monsterinsights_skip_tracking":false,"_monsterinsights_sitenote_active":false,"_monsterinsights_sitenote_note":"","_monsterinsights_sitenote_category":0},"categories":[1],"tags":[],"aioseo_notices":[],"gutentor_comment":0,"rttpg_featured_image_url":{"full":["https:\/\/arantv.az\/wp-content\/uploads\/2020\/02\/telebe_01254-3.jpg",482,361,false],"landscape":["https:\/\/arantv.az\/wp-content\/uploads\/2020\/02\/telebe_01254-3.jpg",482,361,false],"portraits":["https:\/\/arantv.az\/wp-content\/uploads\/2020\/02\/telebe_01254-3.jpg",482,361,false],"thumbnail":["https:\/\/arantv.az\/wp-content\/uploads\/2020\/02\/telebe_01254-3-150x150.jpg",150,150,true],"medium":["https:\/\/arantv.az\/wp-content\/uploads\/2020\/02\/telebe_01254-3-300x225.jpg",300,225,true],"large":["https:\/\/arantv.az\/wp-content\/uploads\/2020\/02\/telebe_01254-3.jpg",482,361,false],"1536x1536":["https:\/\/arantv.az\/wp-content\/uploads\/2020\/02\/telebe_01254-3.jpg",482,361,false],"2048x2048":["https:\/\/arantv.az\/wp-content\/uploads\/2020\/02\/telebe_01254-3.jpg",482,361,false],"post-thumbnail":["https:\/\/arantv.az\/wp-content\/uploads\/2020\/02\/telebe_01254-3-240x172.jpg",240,172,true],"advps-thumb-one":["https:\/\/arantv.az\/wp-content\/uploads\/2020\/02\/telebe_01254-3.jpg",482,361,false]},"rttpg_author":{"display_name":"V\u00fcsal Rafiqo\u011flu","author_link":"https:\/\/arantv.az\/?author=2"},"rttpg_comment":0,"rttpg_category":"<a href=\"https:\/\/arantv.az\/?cat=1\" rel=\"category\">C\u0259miyy\u0259t<\/a>","rttpg_excerpt":"T\u0259hsil Nazirliyi Az\u0259rbaycanda t\u0259l\u0259b\u0259l\u0259rin daha \u00e7ox hans\u0131 ali m\u0259kt\u0259bl\u0259r\u0259 k\u00f6\u00e7\u00fcr\u00fclm\u0259k \u00fc\u00e7\u00fcn m\u00fcraci\u0259t etdiyini a\u00e7\u0131qlay\u0131b. ARANTV.AZ\u00a0\u00a0Trend-\u0259 istinad\u0259n x\u0259b\u0259r verir ki, T\u0259hsil Nazirliyinin \u0130nformasiya \u015f\u00f6b\u0259sinin m\u0259sl\u0259h\u0259t\u00e7isi G\u00fcnay \u0130sg\u0259nd\u0259rova deyib ki, Bak\u0131da t\u0259l\u0259b\u0259l\u0259r bu il fevral\u0131n 1-d\u0259n 7-d\u0259k transfer.edu.az portal\u0131 vasit\u0259sil\u0259 daha \u00e7ox Bak\u0131 D\u00f6vl\u0259t Universiteti, Az\u0259rbaycan D\u00f6vl\u0259t \u0130qtisad Universitetin\u0259 k\u00f6\u00e7\u00fcr\u00fclm\u0259k \u00fc\u00e7\u00fcn m\u00fcraci\u0259t edibl\u0259r. Regionlarda daha \u00e7ox G\u0259nc\u0259&hellip;","_links":{"self":[{"href":"https:\/\/arantv.az\/index.php?rest_route=\/wp\/v2\/posts\/136131"}],"collection":[{"href":"https:\/\/arantv.az\/index.php?rest_route=\/wp\/v2\/posts"}],"about":[{"href":"https:\/\/arantv.az\/index.php?rest_route=\/wp\/v2\/types\/post"}],"author":[{"embeddable":true,"href":"https:\/\/arantv.az\/index.php?rest_route=\/wp\/v2\/users\/2"}],"replies":[{"embeddable":true,"href":"https:\/\/arantv.az\/index.php?rest_route=%2Fwp%2Fv2%2Fcomments&post=136131"}],"version-history":[{"count":0,"href":"https:\/\/arantv.az\/index.php?rest_route=\/wp\/v2\/posts\/136131\/revisions"}],"wp:featuredmedia":[{"embeddable":true,"href":"https:\/\/arantv.az\/index.php?rest_route=\/wp\/v2\/media\/136132"}],"wp:attachment":[{"href":"https:\/\/arantv.az\/index.php?rest_route=%2Fwp%2Fv2%2Fmedia&parent=136131"}],"wp:term":[{"taxonomy":"category","embeddable":true,"href":"https:\/\/arantv.az\/index.php?rest_route=%2Fwp%2Fv2%2Fcategories&post=136131"},{"taxonomy":"post_tag","embeddable":true,"href":"https:\/\/arantv.az\/index.php?rest_route=%2Fwp%2Fv2%2Ftags&post=136131"}],"curies":[{"name":"wp","href":"https:\/\/api.w.org\/{rel}","templated":true}]}}