{"id":136654,"date":"2020-03-02T09:03:06","date_gmt":"2020-03-02T06:03:06","guid":{"rendered":"http:\/\/arantv.az\/?p=136654"},"modified":"2020-03-02T09:03:06","modified_gmt":"2020-03-02T06:03:06","slug":"bu-olk%c9%99d%c9%99-ictimai-n%c9%99qliyyat-pulsuz-oldu","status":"publish","type":"post","link":"https:\/\/arantv.az\/?p=136654","title":{"rendered":"Bu \u00f6lk\u0259d\u0259 ictimai n\u0259qliyyat pulsuz oldu"},"content":{"rendered":"<p><strong>Bu g\u00fcnd\u0259n L\u00fcksemburqda b\u00fct\u00fcn ictimai n\u0259qliyyat pulsuz f\u0259aliyy\u0259t g\u00f6st\u0259rir.<\/strong><\/p>\n<p><strong>ARANTV.AZ<\/strong> x\u0259b\u0259r verir ki,\u00a0ilk d\u0259f\u0259dir ki, bel\u0259 bir proses b\u00fct\u00fcn \u00f6lk\u0259 daxilind\u0259 h\u0259yata ke\u00e7irilir.<\/p>\n<p>H\u00f6kum\u0259t bu add\u0131m\u0131 avtomobil yollar\u0131n\u0131n y\u00fck\u00fcn\u00fcn azald\u0131lmas\u0131 \u00fc\u00e7\u00fcn atd\u0131qlar\u0131n\u0131 bildirib. \u00c7\u00fcnki h\u0259r g\u00fcn 200 min\u0259 yax\u0131n insan Almaniyadan, Fransadan, Bel\u00e7ikadan L\u00fcksemburqa i\u015f\u0259 g\u0259lir.<\/p>\n<p>Qeyd ed\u0259k ki, L\u00fcksemburqun \u0259halisi 607 min n\u0259f\u0259rdir.Ax\u015fam.az<\/p>\n","protected":false},"excerpt":{"rendered":"<p>Bu g\u00fcnd\u0259n L\u00fcksemburqda b\u00fct\u00fcn ictimai n\u0259qliyyat pulsuz f\u0259aliyy\u0259t g\u00f6st\u0259rir. ARANTV.AZ x\u0259b\u0259r verir ki,\u00a0ilk d\u0259f\u0259dir ki, bel\u0259 bir proses b\u00fct\u00fcn \u00f6lk\u0259 daxilind\u0259 h\u0259yata ke\u00e7irilir. H\u00f6kum\u0259t bu add\u0131m\u0131 avtomobil yollar\u0131n\u0131n y\u00fck\u00fcn\u00fcn azald\u0131lmas\u0131 \u00fc\u00e7\u00fcn atd\u0131qlar\u0131n\u0131 bildirib. \u00c7\u00fcnki h\u0259r g\u00fcn 200 min\u0259 yax\u0131n insan Almaniyadan, Fransadan, Bel\u00e7ikadan L\u00fcksemburqa i\u015f\u0259 g\u0259lir. Qeyd ed\u0259k ki, L\u00fcksemburqun \u0259halisi 607 min n\u0259f\u0259rdir.Ax\u015fam.az<\/p>\n","protected":false},"author":2,"featured_media":136655,"comment_status":"closed","ping_status":"closed","sticky":false,"template":"","format":"standard","meta":{"om_disable_all_campaigns":false,"_monsterinsights_skip_tracking":false,"_monsterinsights_sitenote_active":false,"_monsterinsights_sitenote_note":"","_monsterinsights_sitenote_category":0},"categories":[7],"tags":[],"aioseo_notices":[],"gutentor_comment":0,"rttpg_featured_image_url":{"full":["https:\/\/arantv.az\/wp-content\/uploads\/2020\/03\/194667_tizeouos7n.jpg",1000,630,false],"landscape":["https:\/\/arantv.az\/wp-content\/uploads\/2020\/03\/194667_tizeouos7n.jpg",1000,630,false],"portraits":["https:\/\/arantv.az\/wp-content\/uploads\/2020\/03\/194667_tizeouos7n.jpg",1000,630,false],"thumbnail":["https:\/\/arantv.az\/wp-content\/uploads\/2020\/03\/194667_tizeouos7n-150x150.jpg",150,150,true],"medium":["https:\/\/arantv.az\/wp-content\/uploads\/2020\/03\/194667_tizeouos7n-300x189.jpg",300,189,true],"large":["https:\/\/arantv.az\/wp-content\/uploads\/2020\/03\/194667_tizeouos7n.jpg",640,403,false],"1536x1536":["https:\/\/arantv.az\/wp-content\/uploads\/2020\/03\/194667_tizeouos7n.jpg",1000,630,false],"2048x2048":["https:\/\/arantv.az\/wp-content\/uploads\/2020\/03\/194667_tizeouos7n.jpg",1000,630,false],"post-thumbnail":["https:\/\/arantv.az\/wp-content\/uploads\/2020\/03\/194667_tizeouos7n-240x172.jpg",240,172,true],"advps-thumb-one":["https:\/\/arantv.az\/wp-content\/uploads\/2020\/03\/194667_tizeouos7n-1000x620.jpg",1000,620,true]},"rttpg_author":{"display_name":"V\u00fcsal Rafiqo\u011flu","author_link":"https:\/\/arantv.az\/?author=2"},"rttpg_comment":0,"rttpg_category":"<a href=\"https:\/\/arantv.az\/?cat=7\" rel=\"category\">D\u00fcnya<\/a>","rttpg_excerpt":"Bu g\u00fcnd\u0259n L\u00fcksemburqda b\u00fct\u00fcn ictimai n\u0259qliyyat pulsuz f\u0259aliyy\u0259t g\u00f6st\u0259rir. ARANTV.AZ x\u0259b\u0259r verir ki,\u00a0ilk d\u0259f\u0259dir ki, bel\u0259 bir proses b\u00fct\u00fcn \u00f6lk\u0259 daxilind\u0259 h\u0259yata ke\u00e7irilir. H\u00f6kum\u0259t bu add\u0131m\u0131 avtomobil yollar\u0131n\u0131n y\u00fck\u00fcn\u00fcn azald\u0131lmas\u0131 \u00fc\u00e7\u00fcn atd\u0131qlar\u0131n\u0131 bildirib. \u00c7\u00fcnki h\u0259r g\u00fcn 200 min\u0259 yax\u0131n insan Almaniyadan, Fransadan, Bel\u00e7ikadan L\u00fcksemburqa i\u015f\u0259 g\u0259lir. Qeyd ed\u0259k ki, L\u00fcksemburqun \u0259halisi 607 min n\u0259f\u0259rdir.Ax\u015fam.az","_links":{"self":[{"href":"https:\/\/arantv.az\/index.php?rest_route=\/wp\/v2\/posts\/136654"}],"collection":[{"href":"https:\/\/arantv.az\/index.php?rest_route=\/wp\/v2\/posts"}],"about":[{"href":"https:\/\/arantv.az\/index.php?rest_route=\/wp\/v2\/types\/post"}],"author":[{"embeddable":true,"href":"https:\/\/arantv.az\/index.php?rest_route=\/wp\/v2\/users\/2"}],"replies":[{"embeddable":true,"href":"https:\/\/arantv.az\/index.php?rest_route=%2Fwp%2Fv2%2Fcomments&post=136654"}],"version-history":[{"count":0,"href":"https:\/\/arantv.az\/index.php?rest_route=\/wp\/v2\/posts\/136654\/revisions"}],"wp:featuredmedia":[{"embeddable":true,"href":"https:\/\/arantv.az\/index.php?rest_route=\/wp\/v2\/media\/136655"}],"wp:attachment":[{"href":"https:\/\/arantv.az\/index.php?rest_route=%2Fwp%2Fv2%2Fmedia&parent=136654"}],"wp:term":[{"taxonomy":"category","embeddable":true,"href":"https:\/\/arantv.az\/index.php?rest_route=%2Fwp%2Fv2%2Fcategories&post=136654"},{"taxonomy":"post_tag","embeddable":true,"href":"https:\/\/arantv.az\/index.php?rest_route=%2Fwp%2Fv2%2Ftags&post=136654"}],"curies":[{"name":"wp","href":"https:\/\/api.w.org\/{rel}","templated":true}]}}