{"id":137715,"date":"2020-03-04T09:16:58","date_gmt":"2020-03-04T06:16:58","guid":{"rendered":"http:\/\/arantv.az\/?p=137715"},"modified":"2020-03-04T09:16:58","modified_gmt":"2020-03-04T06:16:58","slug":"daha-bir-lider-koronavirusa-meydan-oxudu","status":"publish","type":"post","link":"https:\/\/arantv.az\/?p=137715","title":{"rendered":"Daha bir lider koronavirusa meydan oxudu"},"content":{"rendered":"<p>B\u00f6y\u00fck Britaniyan\u0131n Ba\u015f naziri Boris Conson koronavirusun onun \u00fc\u00e7\u00fcn insanlar\u0131n \u0259lini s\u0131xma\u011fa \u0259ng\u0259l olmad\u0131\u011f\u0131n\u0131 bildirib.<\/p>\n<p>Bu bar\u0259d\u0259 \u201cHaber Global\u201d m\u0259lumat yay\u0131b.<\/p>\n<p>Conson \u00f6lk\u0259sind\u0259 koronavirusa qar\u015f\u0131 g\u00f6r\u00fcl\u0259n t\u0259dbirl\u0259rl\u0259 ba\u011fl\u0131 a\u00e7\u0131qlamas\u0131nda virusun salamla\u015fark\u0259n \u0259l s\u0131xma\u011fa mane olmad\u0131\u011f\u0131n\u0131 qeyd edib.<\/p>\n<p>O, h\u0259m\u00e7inin koronavirusa yoluxanlar\u0131n m\u00fcalic\u0259 olundu\u011fu x\u0259st\u0259xanaya ziyar\u0259ti zaman\u0131 h\u0259r k\u0259sl\u0259 \u0259l s\u0131x\u0131\u015fd\u0131\u011f\u0131n\u0131 bildirib. \u0130nsanlar\u0131n \u00f6z\u00a0q\u0259rarlar\u0131n\u0131 verm\u0259kd\u0259 azad oldu\u011funu s\u00f6yl\u0259y\u0259n Conson elmi m\u0259sl\u0259h\u0259tl\u0259r\u0259 d\u0259 diqq\u0259t yetirdiyini ifad\u0259 edib.<\/p>\n<p>Xat\u0131rladaq ki, \u00f6t\u0259n g\u00fcn \u015eimali Koreya lideri Kim \u00c7en In \u0259traf\u0131ndak\u0131 b\u00fct\u00fcn \u015f\u0259xsl\u0259rin tibbi maska taxmas\u0131na baxmayaraq, \u00f6z\u00fc maskadan istifad\u0259 etm\u0259yib. Onun bu h\u0259r\u0259k\u0259ti d\u00fcnya m\u0259tbuat\u0131nda &#8220;koronavirusa meydan oxumaq&#8221; kimi t\u0259qdim olunub.<\/p>\n","protected":false},"excerpt":{"rendered":"<p>B\u00f6y\u00fck Britaniyan\u0131n Ba\u015f naziri Boris Conson koronavirusun onun \u00fc\u00e7\u00fcn insanlar\u0131n \u0259lini s\u0131xma\u011fa \u0259ng\u0259l olmad\u0131\u011f\u0131n\u0131 bildirib. Bu bar\u0259d\u0259 \u201cHaber Global\u201d m\u0259lumat yay\u0131b. Conson \u00f6lk\u0259sind\u0259 koronavirusa qar\u015f\u0131 g\u00f6r\u00fcl\u0259n t\u0259dbirl\u0259rl\u0259 ba\u011fl\u0131 a\u00e7\u0131qlamas\u0131nda virusun salamla\u015fark\u0259n \u0259l s\u0131xma\u011fa mane olmad\u0131\u011f\u0131n\u0131 qeyd edib. O, h\u0259m\u00e7inin koronavirusa yoluxanlar\u0131n m\u00fcalic\u0259 olundu\u011fu x\u0259st\u0259xanaya ziyar\u0259ti zaman\u0131 h\u0259r k\u0259sl\u0259 \u0259l s\u0131x\u0131\u015fd\u0131\u011f\u0131n\u0131 bildirib. \u0130nsanlar\u0131n \u00f6z\u00a0q\u0259rarlar\u0131n\u0131 verm\u0259kd\u0259 azad oldu\u011funu s\u00f6yl\u0259y\u0259n Conson elmi m\u0259sl\u0259h\u0259tl\u0259r\u0259 d\u0259 diqq\u0259t yetirdiyini ifad\u0259 edib. Xat\u0131rladaq ki, \u00f6t\u0259n g\u00fcn \u015eimali Koreya lideri Kim \u00c7en In \u0259traf\u0131ndak\u0131 b\u00fct\u00fcn \u015f\u0259xsl\u0259rin tibbi maska taxmas\u0131na baxmayaraq, \u00f6z\u00fc maskadan istifad\u0259 etm\u0259yib. Onun bu h\u0259r\u0259k\u0259ti d\u00fcnya&hellip;<\/p>\n","protected":false},"author":2,"featured_media":137716,"comment_status":"closed","ping_status":"closed","sticky":false,"template":"","format":"standard","meta":{"om_disable_all_campaigns":false,"_monsterinsights_skip_tracking":false,"_monsterinsights_sitenote_active":false,"_monsterinsights_sitenote_note":"","_monsterinsights_sitenote_category":0},"categories":[7],"tags":[],"aioseo_notices":[],"gutentor_comment":0,"rttpg_featured_image_url":{"full":["https:\/\/arantv.az\/wp-content\/uploads\/2020\/03\/boris.jpg",620,326,false],"landscape":["https:\/\/arantv.az\/wp-content\/uploads\/2020\/03\/boris.jpg",620,326,false],"portraits":["https:\/\/arantv.az\/wp-content\/uploads\/2020\/03\/boris.jpg",620,326,false],"thumbnail":["https:\/\/arantv.az\/wp-content\/uploads\/2020\/03\/boris-150x150.jpg",150,150,true],"medium":["https:\/\/arantv.az\/wp-content\/uploads\/2020\/03\/boris-300x158.jpg",300,158,true],"large":["https:\/\/arantv.az\/wp-content\/uploads\/2020\/03\/boris.jpg",620,326,false],"1536x1536":["https:\/\/arantv.az\/wp-content\/uploads\/2020\/03\/boris.jpg",620,326,false],"2048x2048":["https:\/\/arantv.az\/wp-content\/uploads\/2020\/03\/boris.jpg",620,326,false],"post-thumbnail":["https:\/\/arantv.az\/wp-content\/uploads\/2020\/03\/boris-240x172.jpg",240,172,true],"advps-thumb-one":["https:\/\/arantv.az\/wp-content\/uploads\/2020\/03\/boris.jpg",620,326,false]},"rttpg_author":{"display_name":"V\u00fcsal Rafiqo\u011flu","author_link":"https:\/\/arantv.az\/?author=2"},"rttpg_comment":0,"rttpg_category":"<a href=\"https:\/\/arantv.az\/?cat=7\" rel=\"category\">D\u00fcnya<\/a>","rttpg_excerpt":"B\u00f6y\u00fck Britaniyan\u0131n Ba\u015f naziri Boris Conson koronavirusun onun \u00fc\u00e7\u00fcn insanlar\u0131n \u0259lini s\u0131xma\u011fa \u0259ng\u0259l olmad\u0131\u011f\u0131n\u0131 bildirib. Bu bar\u0259d\u0259 \u201cHaber Global\u201d m\u0259lumat yay\u0131b. Conson \u00f6lk\u0259sind\u0259 koronavirusa qar\u015f\u0131 g\u00f6r\u00fcl\u0259n t\u0259dbirl\u0259rl\u0259 ba\u011fl\u0131 a\u00e7\u0131qlamas\u0131nda virusun salamla\u015fark\u0259n \u0259l s\u0131xma\u011fa mane olmad\u0131\u011f\u0131n\u0131 qeyd edib. O, h\u0259m\u00e7inin koronavirusa yoluxanlar\u0131n m\u00fcalic\u0259 olundu\u011fu x\u0259st\u0259xanaya ziyar\u0259ti zaman\u0131 h\u0259r k\u0259sl\u0259 \u0259l s\u0131x\u0131\u015fd\u0131\u011f\u0131n\u0131 bildirib. \u0130nsanlar\u0131n \u00f6z\u00a0q\u0259rarlar\u0131n\u0131 verm\u0259kd\u0259 azad&hellip;","_links":{"self":[{"href":"https:\/\/arantv.az\/index.php?rest_route=\/wp\/v2\/posts\/137715"}],"collection":[{"href":"https:\/\/arantv.az\/index.php?rest_route=\/wp\/v2\/posts"}],"about":[{"href":"https:\/\/arantv.az\/index.php?rest_route=\/wp\/v2\/types\/post"}],"author":[{"embeddable":true,"href":"https:\/\/arantv.az\/index.php?rest_route=\/wp\/v2\/users\/2"}],"replies":[{"embeddable":true,"href":"https:\/\/arantv.az\/index.php?rest_route=%2Fwp%2Fv2%2Fcomments&post=137715"}],"version-history":[{"count":0,"href":"https:\/\/arantv.az\/index.php?rest_route=\/wp\/v2\/posts\/137715\/revisions"}],"wp:featuredmedia":[{"embeddable":true,"href":"https:\/\/arantv.az\/index.php?rest_route=\/wp\/v2\/media\/137716"}],"wp:attachment":[{"href":"https:\/\/arantv.az\/index.php?rest_route=%2Fwp%2Fv2%2Fmedia&parent=137715"}],"wp:term":[{"taxonomy":"category","embeddable":true,"href":"https:\/\/arantv.az\/index.php?rest_route=%2Fwp%2Fv2%2Fcategories&post=137715"},{"taxonomy":"post_tag","embeddable":true,"href":"https:\/\/arantv.az\/index.php?rest_route=%2Fwp%2Fv2%2Ftags&post=137715"}],"curies":[{"name":"wp","href":"https:\/\/api.w.org\/{rel}","templated":true}]}}