{"id":137735,"date":"2020-03-04T09:38:32","date_gmt":"2020-03-04T06:38:32","guid":{"rendered":"http:\/\/arantv.az\/?p=137735"},"modified":"2020-03-04T09:38:32","modified_gmt":"2020-03-04T06:38:32","slug":"az%c9%99rbaycanda-d%c9%99rs-zamani-tavani-cok%c9%99n-m%c9%99kt%c9%99bd%c9%99-t%c9%99dris-davam-edir-foto","status":"publish","type":"post","link":"https:\/\/arantv.az\/?p=137735","title":{"rendered":"Az\u0259rbaycanda d\u0259rs zaman\u0131 tavan\u0131 \u00e7\u00f6k\u0259n m\u0259kt\u0259bd\u0259 t\u0259dris davam edir &#8211; FOTO"},"content":{"rendered":"<p>Goranboy rayonunun Boluslu k\u0259nd tam orta m\u0259kt\u0259bi q\u0259zal\u0131 v\u0259ziyy\u0259td\u0259dir.<\/p>\n<p>Bu bar\u0259d\u0259<strong>\u00a0<\/strong>Oxu.Az-a\u00a0k\u0259nd sakinl\u0259ri m\u0259lumat verib.<\/p>\n<p>230-dan art\u0131q \u015fagirdin t\u0259hsil ald\u0131\u011f\u0131 m\u0259kt\u0259b binas\u0131n\u0131n tavan\u0131 \u00f6t\u0259n ilin sentyabr\u0131nda, ikinci sinif \u015fagirdl\u0259rinin ilk d\u0259rs ke\u00e7diyi zaman \u00e7\u00f6k\u00fcb.<\/p>\n<div id=\"AdviadNativeVideo0\" class=\"AdviadNativeVideo\"><\/div>\n<p>M\u0259kt\u0259b \u00fc\u00e7 korpusdan ibar\u0259tdir. \u0130kim\u0259rt\u0259b\u0259li birinci korpusun bir \u0259srd\u0259n art\u0131q ya\u015f\u0131 var. Tavan\u0131 \u00e7\u00f6k\u0259n ikinci korpus is\u0259 1967-ci ild\u0259n f\u0259aliyy\u0259t g\u00f6st\u0259rir. Haz\u0131rda d\u0259rs ke\u00e7il\u0259n sonuncu korpus is\u0259 16 il \u00f6nc\u0259 istifad\u0259y\u0259 verilib.<\/p>\n<p>M\u0259kt\u0259bin sonuncu korpusunda alt\u0131 sinif, bir direktor ota\u011f\u0131 var. Burada d\u0259rsl\u0259r iki n\u00f6vb\u0259li ke\u00e7irilir. S\u0259h\u0259r saatlar\u0131nda yuxar\u0131, g\u00fcnorta is\u0259 ibtidai sinif \u015fagirdl\u0259ri h\u0259min binada d\u0259rs ke\u00e7irl\u0259r.<\/p>\n<p>Valideynl\u0259r s\u0131xl\u0131\u011f\u0131n d\u0259rsin keyfiyy\u0259tin\u0259 mane oldu\u011funu bildirirl\u0259r. Onlar tezlikl\u0259 q\u0259zal\u0131 v\u0259ziyy\u0259td\u0259\u00a0olan m\u0259kt\u0259b binas\u0131n\u0131n yerind\u0259 yeni t\u0259hsil oca\u011f\u0131n\u0131n in\u015fa edilm\u0259sini arzulay\u0131rlar.<\/p>\n<p>Qeyd ed\u0259k ki, Boluslu k\u0259ndind\u0259 1442 sakin ya\u015fay\u0131r. K\u0259nd ip\u0259k yolunun k\u0259nar\u0131nda, turizm b\u00f6lg\u0259si olan Naftalan \u015f\u0259h\u0259rin\u0259 ged\u0259n yolun \u00fcz\u0259rind\u0259 yerl\u0259\u015fir.<\/p>\n<div class=\"gallery\">\n<div class=\"gallery-i\"><img src=\"https:\/\/assets.oxu.az\/uploads\/W1siZiIsIjIwMjAvMDMvMDQvMDkvMjcvMDYvYjIxZDUxODMtZmE1ZS00NGQzLWE0YzctMjMxNGYyMDY3MTBkL2IyLmpwZyJdLFsicCIsImVuY29kZSIsImpwZyIsIi1xdWFsaXR5IDgwIl0sWyJwIiwidGh1bWIiLCI1OTB4NTkwXHUwMDNlIl1d?sha=df78427d6426ce8b\" alt=\"\" \/><\/p>\n<div class=\"gallery-i-caption\"><\/div>\n<\/div>\n<div class=\"gallery-i\"><img src=\"https:\/\/assets.oxu.az\/uploads\/W1siZiIsIjIwMjAvMDMvMDQvMDkvMjcvMDYvNTAxOWVkOTgtODhjZC00MjgzLWE1YjMtM2IyNmVkY2JlNTI2L2IxLmpwZyJdLFsicCIsImVuY29kZSIsImpwZyIsIi1xdWFsaXR5IDgwIl0sWyJwIiwidGh1bWIiLCI1OTB4NTkwXHUwMDNlIl1d?sha=9934d964ea673d42\" alt=\"\" \/><\/p>\n<div class=\"gallery-i-caption\"><\/div>\n<\/div>\n<div class=\"gallery-i\"><img src=\"https:\/\/assets.oxu.az\/uploads\/W1siZiIsIjIwMjAvMDMvMDQvMDkvMjgvNTkvNzJiYmVjZjktMzI1NS00N2RmLWEyN2UtNDUyNzc4ZDMwZjJmL2I0LmpwZyJdLFsicCIsImVuY29kZSIsImpwZyIsIi1xdWFsaXR5IDgwIl0sWyJwIiwidGh1bWIiLCI1OTB4NTkwXHUwMDNlIl1d?sha=faf33b2c112e5da5\" alt=\"\" \/><\/p>\n<div class=\"gallery-i-caption\"><\/div>\n<\/div>\n<div class=\"gallery-i\"><img src=\"https:\/\/assets.oxu.az\/uploads\/W1siZiIsIjIwMjAvMDMvMDQvMDkvMjgvNTkvNjJmZjlhMjctNTY5OC00MjI1LTkwMjctYTQ1ZTI5NTcwOWEyL2IzLmpwZyJdLFsicCIsImVuY29kZSIsImpwZyIsIi1xdWFsaXR5IDgwIl0sWyJwIiwidGh1bWIiLCI1OTB4NTkwXHUwMDNlIl1d?sha=78d84cfe1c82019d\" alt=\"\" \/><\/div>\n<\/div>\n","protected":false},"excerpt":{"rendered":"<p>Goranboy rayonunun Boluslu k\u0259nd tam orta m\u0259kt\u0259bi q\u0259zal\u0131 v\u0259ziyy\u0259td\u0259dir. Bu bar\u0259d\u0259\u00a0Oxu.Az-a\u00a0k\u0259nd sakinl\u0259ri m\u0259lumat verib. 230-dan art\u0131q \u015fagirdin t\u0259hsil ald\u0131\u011f\u0131 m\u0259kt\u0259b binas\u0131n\u0131n tavan\u0131 \u00f6t\u0259n ilin sentyabr\u0131nda, ikinci sinif \u015fagirdl\u0259rinin ilk d\u0259rs ke\u00e7diyi zaman \u00e7\u00f6k\u00fcb. M\u0259kt\u0259b \u00fc\u00e7 korpusdan ibar\u0259tdir. \u0130kim\u0259rt\u0259b\u0259li birinci korpusun bir \u0259srd\u0259n art\u0131q ya\u015f\u0131 var. Tavan\u0131 \u00e7\u00f6k\u0259n ikinci korpus is\u0259 1967-ci ild\u0259n f\u0259aliyy\u0259t g\u00f6st\u0259rir. Haz\u0131rda d\u0259rs ke\u00e7il\u0259n sonuncu korpus is\u0259 16 il \u00f6nc\u0259 istifad\u0259y\u0259 verilib. M\u0259kt\u0259bin sonuncu korpusunda alt\u0131 sinif, bir direktor ota\u011f\u0131 var. Burada d\u0259rsl\u0259r iki n\u00f6vb\u0259li ke\u00e7irilir. S\u0259h\u0259r saatlar\u0131nda yuxar\u0131, g\u00fcnorta is\u0259 ibtidai sinif \u015fagirdl\u0259ri h\u0259min binada d\u0259rs&hellip;<\/p>\n","protected":false},"author":2,"featured_media":137736,"comment_status":"closed","ping_status":"closed","sticky":false,"template":"","format":"standard","meta":{"om_disable_all_campaigns":false,"_monsterinsights_skip_tracking":false,"_monsterinsights_sitenote_active":false,"_monsterinsights_sitenote_note":"","_monsterinsights_sitenote_category":0},"categories":[1],"tags":[],"aioseo_notices":[],"gutentor_comment":0,"rttpg_featured_image_url":{"full":["https:\/\/arantv.az\/wp-content\/uploads\/2020\/03\/bonuslu.jpg",620,439,false],"landscape":["https:\/\/arantv.az\/wp-content\/uploads\/2020\/03\/bonuslu.jpg",620,439,false],"portraits":["https:\/\/arantv.az\/wp-content\/uploads\/2020\/03\/bonuslu.jpg",620,439,false],"thumbnail":["https:\/\/arantv.az\/wp-content\/uploads\/2020\/03\/bonuslu-150x150.jpg",150,150,true],"medium":["https:\/\/arantv.az\/wp-content\/uploads\/2020\/03\/bonuslu-300x212.jpg",300,212,true],"large":["https:\/\/arantv.az\/wp-content\/uploads\/2020\/03\/bonuslu.jpg",620,439,false],"1536x1536":["https:\/\/arantv.az\/wp-content\/uploads\/2020\/03\/bonuslu.jpg",620,439,false],"2048x2048":["https:\/\/arantv.az\/wp-content\/uploads\/2020\/03\/bonuslu.jpg",620,439,false],"post-thumbnail":["https:\/\/arantv.az\/wp-content\/uploads\/2020\/03\/bonuslu-240x172.jpg",240,172,true],"advps-thumb-one":["https:\/\/arantv.az\/wp-content\/uploads\/2020\/03\/bonuslu.jpg",620,439,false]},"rttpg_author":{"display_name":"V\u00fcsal Rafiqo\u011flu","author_link":"https:\/\/arantv.az\/?author=2"},"rttpg_comment":0,"rttpg_category":"<a href=\"https:\/\/arantv.az\/?cat=1\" rel=\"category\">C\u0259miyy\u0259t<\/a>","rttpg_excerpt":"Goranboy rayonunun Boluslu k\u0259nd tam orta m\u0259kt\u0259bi q\u0259zal\u0131 v\u0259ziyy\u0259td\u0259dir. Bu bar\u0259d\u0259\u00a0Oxu.Az-a\u00a0k\u0259nd sakinl\u0259ri m\u0259lumat verib. 230-dan art\u0131q \u015fagirdin t\u0259hsil ald\u0131\u011f\u0131 m\u0259kt\u0259b binas\u0131n\u0131n tavan\u0131 \u00f6t\u0259n ilin sentyabr\u0131nda, ikinci sinif \u015fagirdl\u0259rinin ilk d\u0259rs ke\u00e7diyi zaman \u00e7\u00f6k\u00fcb. M\u0259kt\u0259b \u00fc\u00e7 korpusdan ibar\u0259tdir. \u0130kim\u0259rt\u0259b\u0259li birinci korpusun bir \u0259srd\u0259n art\u0131q ya\u015f\u0131 var. Tavan\u0131 \u00e7\u00f6k\u0259n ikinci korpus is\u0259 1967-ci ild\u0259n f\u0259aliyy\u0259t g\u00f6st\u0259rir. Haz\u0131rda&hellip;","_links":{"self":[{"href":"https:\/\/arantv.az\/index.php?rest_route=\/wp\/v2\/posts\/137735"}],"collection":[{"href":"https:\/\/arantv.az\/index.php?rest_route=\/wp\/v2\/posts"}],"about":[{"href":"https:\/\/arantv.az\/index.php?rest_route=\/wp\/v2\/types\/post"}],"author":[{"embeddable":true,"href":"https:\/\/arantv.az\/index.php?rest_route=\/wp\/v2\/users\/2"}],"replies":[{"embeddable":true,"href":"https:\/\/arantv.az\/index.php?rest_route=%2Fwp%2Fv2%2Fcomments&post=137735"}],"version-history":[{"count":0,"href":"https:\/\/arantv.az\/index.php?rest_route=\/wp\/v2\/posts\/137735\/revisions"}],"wp:featuredmedia":[{"embeddable":true,"href":"https:\/\/arantv.az\/index.php?rest_route=\/wp\/v2\/media\/137736"}],"wp:attachment":[{"href":"https:\/\/arantv.az\/index.php?rest_route=%2Fwp%2Fv2%2Fmedia&parent=137735"}],"wp:term":[{"taxonomy":"category","embeddable":true,"href":"https:\/\/arantv.az\/index.php?rest_route=%2Fwp%2Fv2%2Fcategories&post=137735"},{"taxonomy":"post_tag","embeddable":true,"href":"https:\/\/arantv.az\/index.php?rest_route=%2Fwp%2Fv2%2Ftags&post=137735"}],"curies":[{"name":"wp","href":"https:\/\/api.w.org\/{rel}","templated":true}]}}